{"id":20056,"date":"2014-12-09T18:27:00","date_gmt":"2014-12-09T18:27:00","guid":{"rendered":"http:\/\/www.marianagurza.ro\/blog\/?p=20056"},"modified":"2014-12-09T18:27:39","modified_gmt":"2014-12-09T18:27:39","slug":"la-multi-ani-martirei-aspazia-otel-petrescu-la-91-de-ani-%e2%80%9erugaciunea-mi-a-salvat-viata%e2%80%9d","status":"publish","type":"post","link":"https:\/\/www.marianagurza.ro\/blog\/2014\/12\/09\/la-multi-ani-martirei-aspazia-otel-petrescu-la-91-de-ani-%e2%80%9erugaciunea-mi-a-salvat-viata%e2%80%9d\/","title":{"rendered":"La Mul\u0163i Ani, martirei Aspazia O\u0163el Petrescu, la 91 de ani! \u201eRug\u0103ciunea mi-a salvat via\u0163a!\u201d"},"content":{"rendered":"<p style=\"text-align: center;\"><a href=\"http:\/\/www.marianagurza.ro\/blog\/wp-content\/uploads\/2014\/12\/600x400xDoamna-Aspazia-Otel-Petrescu-Feb-2013-Foto-Cristina-Nichitus-Roncea.jpg.pagespeed.ic_.Gb0_4RMseO.jpg\"><img loading=\"lazy\" decoding=\"async\" class=\"size-medium wp-image-20057\" title=\"600x400xDoamna-Aspazia-Otel-Petrescu-Feb-2013-Foto-Cristina-Nichitus-Roncea.jpg.pagespeed.ic.Gb0_4RMseO\" src=\"http:\/\/www.marianagurza.ro\/blog\/wp-content\/uploads\/2014\/12\/600x400xDoamna-Aspazia-Otel-Petrescu-Feb-2013-Foto-Cristina-Nichitus-Roncea.jpg.pagespeed.ic_.Gb0_4RMseO-300x200.jpg\" alt=\"\" width=\"300\" height=\"200\" srcset=\"https:\/\/www.marianagurza.ro\/blog\/wp-content\/uploads\/2014\/12\/600x400xDoamna-Aspazia-Otel-Petrescu-Feb-2013-Foto-Cristina-Nichitus-Roncea.jpg.pagespeed.ic_.Gb0_4RMseO-300x200.jpg 300w, https:\/\/www.marianagurza.ro\/blog\/wp-content\/uploads\/2014\/12\/600x400xDoamna-Aspazia-Otel-Petrescu-Feb-2013-Foto-Cristina-Nichitus-Roncea.jpg.pagespeed.ic_.Gb0_4RMseO.jpg 600w\" sizes=\"auto, (max-width: 300px) 100vw, 300px\" \/><\/a><\/p>\n<p style=\"text-align: justify;\">\u201cDoamna <strong><a href=\"http:\/\/www.marturisitorii.ro\/category\/martiri-marturisitori\/aspazia-otel-petrescu\/\">Aspazia O\u0163el Petrescu<\/a><\/strong> s-a n\u0103scut \u00een 9 decembrie 1923, \u00een Cotul Ostri\u0163ei, nu departe de Cern\u0103u\u0163i. Dup\u0103 ce termin\u0103 cursurile \u015fcolii primare, \u00een F\u00e2nt\u00e2nele, t\u00e2n\u0103ra Aspazia se \u00eenscrie la un liceu din localitatea B\u0103l\u0163i. Dup\u0103 numai un trimestru \u00eens\u0103, se \u00eemboln\u0103ve\u015fte \u015fi se \u00eentoarce acas\u0103. \u00centre 1936-1940, urmeaz\u0103 cursurile liceului ortodox de fete <em>Elena Doamna<\/em>, din Cern\u0103u\u0163i.<\/p>\n<p style=\"text-align: justify;\">Din cauza fr\u0103m\u00e2nt\u0103rilor politice \u015fi sociale, \u00ee\u015fi \u00eentrerupe \u00een mai multe r\u00e2nduri studiile. \u00cen 18 martie 1944, \u00eempreun\u0103 cu familia, Aspazia se refugiaz\u0103 \u00een \u0163ar\u0103, la Or\u0103\u015ftie, unde \u00ee\u015fi reia studiile. \u00centre 1944-1948, urmeaz\u0103 cursurile Facult\u0103\u0163ii de Litere \u015fi Filozofie ale Universit\u0103\u0163ii din Cluj. Aici \u00eel are profesor, \u00eentre al\u0163ii, pe Lucian Blaga, fiind una din cele mai apreciate studente ale sale.<\/p>\n<p style=\"text-align: justify;\">\u00centre 1946-1948, Aspazia lucreaz\u0103 ca dactilograf\u0103, \u00een cadrul <em>Centrului de Studii Transilvane<\/em>, aflat pe atunci sub conducerea academicianului Silviu Dragomir. \u00cen data de 9 iulie 1948, cu numai c\u00e2teva zile \u00eenaintea sus\u0163inerii ultimelor examene, studenta Aspazia O\u0163el Petrescu este arestat\u0103 de securi\u015fti, pentru activitate contra siguran\u0163ei statului, prin apartenen\u0163a sa la Mi\u015fcarea Legionar\u0103\u015fi la FORS (<em>Fr\u0103\u0163ia Ortodox\u0103 Rom\u00e2n\u0103 Studen\u0163easc\u0103<\/em>). Este condamnat\u0103 la zece ani de temni\u0163\u0103 grea, \u00een \u00eenchisorile din Mislea, Dumbr\u0103veni \u015fi Miercurea Ciuc.<\/p>\n<p style=\"text-align: justify;\">\u00cen 1958, cu pu\u0163in \u00eenainte de a fi eliberat\u0103, Aspazia O\u0163el Petrescu prime\u015fte o nou\u0103 condamnare, de \u00eenc\u0103 patru ani. Astfel, \u00eentre 1958-1962, va trece din nou prin \u00eenchisorile comuniste din Mislea, Jilava, Boto\u015fani \u015fi Arad. Dup\u0103 eliberare, se stabile\u015fte \u00een ora\u015ful Roman (Neam\u0163).<\/p>\n<p style=\"text-align: justify;\">Dup\u0103 1989, m\u0103rturisitoarea Aspazia O\u0163el Petrescu e mereu prezent\u0103 la comemor\u0103rile martirilor \u015fi mucenicilor din temni\u0163ele comuniste, \u00een media \u015fi via\u0163a literar\u0103. Al\u0103turi de alte femei implicate \u00een recuperarea memoriei celor care au suferit \u00een pu\u015fc\u0103riile comuniste, Aspazia este organizatoarea Paraclisului de la \u00eenchisoarea Mislea, fost\u0103 m\u0103n\u0103stire ortodox\u0103 de maici. Paraclisul, sfin\u0163it \u00een ziua de 12 noiembrie 1994, este locul cel mai de seam\u0103 unde sunt pomenite tinerele \u015fi femeile care au p\u0103timit \u00een \u00eenchisorile comuniste.<\/p>\n<p style=\"text-align: justify;\">Parte din acest cumplit urcu\u015f spre \u00cenviere, Aspazia O\u0163el Petrescu a consemnat-o \u00een volumele:\u00a0<em>Strigat-am c\u0103tre Tine, Doamne\u2026<\/em>, <em>Cu Hristos \u00een celul\u0103<\/em>,\u00a0<em>Crucea de la Miercurea Ciuc \u015fi Paraclisul Na\u015fterea Maicii Domnului,<\/em>\u00a0<em>Adusu-mi-am aminte, A fost odat\u0103<\/em> etc.\u201d, dup\u0103 cum consemneaz\u0103 portalul dedicat <a href=\"http:\/\/www.arsenieboca.ro\/parintele-Arsenie-ma-privea-cu-vesnicia\">P\u0103rintelui Arsenie Boca<\/a>, \u00eenainte de a-i prezenta m\u0103rturia despre Sf\u00e2ntul Ardealului, la care m\u0103rturisitoarea noastr\u0103 s-a \u015fi spovedit.&#8221;<\/p>\n<p style=\"text-align: justify;\">Public\u0103m mai jos, la aniversar\u0103, un interviu realizat de Raluca T\u0103n\u0103seanu pentru revista <a href=\"http:\/\/www.familiaortodoxa.ro\/2010\/06\/26\/%E2%80%9Erugaciunea-mi-a-salvat-viata%E2%80%9D\/\">Familia Ortodox\u0103<\/a>:<\/p>\n<p style=\"text-align: center;\"><a href=\"http:\/\/www.marianagurza.ro\/blog\/wp-content\/uploads\/2014\/12\/600x391xDoamna-Aspazia-Otel-Petrescu-la-Petru-Voda-Foto-Cristina-Nichitus-Roncea-Precum-in-cer.ro_.jpg.pagespeed.ic_.wjTAPp4YoZ.jpg\"><img loading=\"lazy\" decoding=\"async\" class=\"size-medium wp-image-20059\" title=\"600x391xDoamna-Aspazia-Otel-Petrescu-la-Petru-Voda-Foto-Cristina-Nichitus-Roncea-Precum-in-cer.ro_.jpg.pagespeed.ic.wjTAPp4YoZ\" src=\"http:\/\/www.marianagurza.ro\/blog\/wp-content\/uploads\/2014\/12\/600x391xDoamna-Aspazia-Otel-Petrescu-la-Petru-Voda-Foto-Cristina-Nichitus-Roncea-Precum-in-cer.ro_.jpg.pagespeed.ic_.wjTAPp4YoZ-300x195.jpg\" alt=\"\" width=\"300\" height=\"195\" srcset=\"https:\/\/www.marianagurza.ro\/blog\/wp-content\/uploads\/2014\/12\/600x391xDoamna-Aspazia-Otel-Petrescu-la-Petru-Voda-Foto-Cristina-Nichitus-Roncea-Precum-in-cer.ro_.jpg.pagespeed.ic_.wjTAPp4YoZ-300x195.jpg 300w, https:\/\/www.marianagurza.ro\/blog\/wp-content\/uploads\/2014\/12\/600x391xDoamna-Aspazia-Otel-Petrescu-la-Petru-Voda-Foto-Cristina-Nichitus-Roncea-Precum-in-cer.ro_.jpg.pagespeed.ic_.wjTAPp4YoZ.jpg 600w\" sizes=\"auto, (max-width: 300px) 100vw, 300px\" \/><\/a><\/p>\n<p><a href=\"http:\/\/www.marturisitorii.ro\/2014\/12\/09\/la-multi-ani-martirei-aspazia-otel-petrescu-la-91-de-ani-rugaciunea-mi-a-salvat-viata-interviu\/\" target=\"_blank\">Sursa:\u00a0 http:\/\/www.marturisitorii.ro\/\u2026\/la-multi-ani-martirei-aspaz\u2026\/<\/a><\/p>\n<p>&nbsp;<\/p>\n<p>Foto: <a href=\"http:\/\/nichitus.ro\/\">Cristina Nichitus Roncea<\/a><\/p>\n","protected":false},"excerpt":{"rendered":"<p>\u201cDoamna Aspazia O\u0163el Petrescu s-a n\u0103scut \u00een 9 decembrie 1923, \u00een Cotul Ostri\u0163ei, nu departe de Cern\u0103u\u0163i. Dup\u0103 ce termin\u0103 [&#038;hellip<\/p>\n","protected":false},"author":1,"featured_media":0,"comment_status":"closed","ping_status":"closed","sticky":false,"template":"","format":"standard","meta":{"footnotes":""},"categories":[3,6],"tags":[],"class_list":["post-20056","post","type-post","status-publish","format-standard","hentry","category-articole","category-linkuri-externe"],"_links":{"self":[{"href":"https:\/\/www.marianagurza.ro\/blog\/wp-json\/wp\/v2\/posts\/20056","targetHints":{"allow":["GET"]}}],"collection":[{"href":"https:\/\/www.marianagurza.ro\/blog\/wp-json\/wp\/v2\/posts"}],"about":[{"href":"https:\/\/www.marianagurza.ro\/blog\/wp-json\/wp\/v2\/types\/post"}],"author":[{"embeddable":true,"href":"https:\/\/www.marianagurza.ro\/blog\/wp-json\/wp\/v2\/users\/1"}],"replies":[{"embeddable":true,"href":"https:\/\/www.marianagurza.ro\/blog\/wp-json\/wp\/v2\/comments?post=20056"}],"version-history":[{"count":3,"href":"https:\/\/www.marianagurza.ro\/blog\/wp-json\/wp\/v2\/posts\/20056\/revisions"}],"predecessor-version":[{"id":20061,"href":"https:\/\/www.marianagurza.ro\/blog\/wp-json\/wp\/v2\/posts\/20056\/revisions\/20061"}],"wp:attachment":[{"href":"https:\/\/www.marianagurza.ro\/blog\/wp-json\/wp\/v2\/media?parent=20056"}],"wp:term":[{"taxonomy":"category","embeddable":true,"href":"https:\/\/www.marianagurza.ro\/blog\/wp-json\/wp\/v2\/categories?post=20056"},{"taxonomy":"post_tag","embeddable":true,"href":"https:\/\/www.marianagurza.ro\/blog\/wp-json\/wp\/v2\/tags?post=20056"}],"curies":[{"name":"wp","href":"https:\/\/api.w.org\/{rel}","templated":true}]}}