{"id":20214,"date":"2014-12-25T16:16:38","date_gmt":"2014-12-25T16:16:38","guid":{"rendered":"http:\/\/www.marianagurza.ro\/blog\/?p=20214"},"modified":"2014-12-25T16:19:31","modified_gmt":"2014-12-25T16:19:31","slug":"gheorghe-constantin-nistoroiu-colind","status":"publish","type":"post","link":"https:\/\/www.marianagurza.ro\/blog\/2014\/12\/25\/gheorghe-constantin-nistoroiu-colind\/","title":{"rendered":"Gheorghe Constantin Nistoroiu: COLIND"},"content":{"rendered":"<p style=\"text-align: center;\"><a href=\"http:\/\/www.marianagurza.ro\/blog\/wp-content\/uploads\/2014\/12\/147458_nasterea_domnului1.jpg\"><img loading=\"lazy\" decoding=\"async\" class=\"size-medium wp-image-20215\" title=\"147458_nasterea_domnului\" src=\"http:\/\/www.marianagurza.ro\/blog\/wp-content\/uploads\/2014\/12\/147458_nasterea_domnului1-300x247.jpg\" alt=\"\" width=\"300\" height=\"247\" srcset=\"https:\/\/www.marianagurza.ro\/blog\/wp-content\/uploads\/2014\/12\/147458_nasterea_domnului1-300x247.jpg 300w, https:\/\/www.marianagurza.ro\/blog\/wp-content\/uploads\/2014\/12\/147458_nasterea_domnului1.jpg 400w\" sizes=\"auto, (max-width: 300px) 100vw, 300px\" \/><\/a><\/p>\n<p><strong>\u00a0\u00a0\u00a0\u00a0\u00a0\u00a0\u00a0\u00a0\u00a0\u00a0 COLIND<\/strong><\/p>\n<p><strong>\u00a0<\/strong><\/p>\n<p><strong>A fost odat\u0103 din B\u0103tr\u00e2ni<\/strong><\/p>\n<p><strong>un fulg de nea, ce din Str\u0103buni<\/strong><\/p>\n<p><strong>s-a logodit cu o Stea.<\/strong><\/p>\n<p><strong>Trei Crai \u015ftiu\u0163i \u015fi-al patrule- au purces<\/strong><\/p>\n<p><strong>peste p\u0103duri, peste c\u00e2mpii,<\/strong><\/p>\n<p><strong>peste b\u0103tr\u00e2ni, peste copii,<\/strong><\/p>\n<p><strong>de-a lungul peste \u015fes&#8230; <\/strong><\/p>\n<p><strong>Cu cetere \u015fi buciume-aurii<\/strong><\/p>\n<p><strong>s-adune-n Noi, \u00een fiecare,<\/strong><\/p>\n<p><strong>at\u00e2tea bucurii !<\/strong><\/p>\n<p><strong>\u00cen mersul lor au poposit<\/strong><\/p>\n<p><strong>\u015fi \u00cengerii de Sus,<\/strong><\/p>\n<p><strong>s-aduc\u0103 Vestea minunat\u0103:<\/strong><\/p>\n<p><strong>Na\u015fterea Hristosului Iisus!<\/strong><\/p>\n<p><strong>Maica Domnului cu drag<\/strong><\/p>\n<p><strong>s-a bucurat \u015f-apoi,<\/strong><\/p>\n<p><strong>cu Pruncul ne-a venit \u00een prag<\/strong><\/p>\n<p><strong>s\u0103-L colind\u0103m \u015fi Noi !<\/strong><\/p>\n<p>&nbsp;<\/p>\n<p><strong>Bine-ai venit M\u0103icu\u0163\u0103 bun\u0103!<\/strong><\/p>\n<p><strong>cu Pruncul t\u0103u frumos!<\/strong><\/p>\n<p><strong>Cerul \u00eentreg \u00ee\u0163i st\u0103 cunun\u0103<\/strong><\/p>\n<p><strong>\u015fi-I c\u00e2nt\u0103 lui Hristos!<\/strong><\/p>\n<p><strong>Se prinde \u015fi p\u0103m\u00e2ntu-n hor\u0103,<\/strong><\/p>\n<p><strong>c\u0103-n datin\u0103 \u015fi c\u00e2nt<\/strong><\/p>\n<p><strong>\u00een Scutece de auror\u0103<\/strong><\/p>\n<p><strong>sur\u00e2de Domnul Sf\u00e2nt.<\/strong><\/p>\n<p><strong>Colindul se cerne de Sus,<\/strong><\/p>\n<p><strong>coline cu dorul nespus,<\/strong><\/p>\n<p><strong>Zorii diafani ai Cuv\u00e2ntului,<\/strong><\/p>\n<p><strong>dau dulcele grai al P\u0103m\u00e2ntului.<\/strong><\/p>\n<p><strong>Stelele \u00ee\u015fi prind bucuria <\/strong><\/p>\n<p><strong>\u00een joc cu Luceaf\u0103rul\u00a0 z\u0103rii,<\/strong><\/p>\n<p><strong>Magii vin s\u0103 ne-aduc\u0103 Solia:<\/strong><\/p>\n<p><strong>Na\u015fterea cea minunat\u0103 \u015fi sf\u00e2nt\u0103!<\/strong><\/p>\n<p><strong>\u00cempreun\u0103 Cerul \u015fi P\u0103m\u00e2ntul c\u00e2nt\u0103!<\/strong><\/p>\n<p><strong>Cu fiece Colind urat<\/strong><\/p>\n<p><strong>ce vine la fereastr\u0103<\/strong><\/p>\n<p><strong>p\u0103trund cu g\u00e2ndul meu curat,<\/strong><\/p>\n<p><strong>la to\u0163i \u00een Casa voastr\u0103,<\/strong><\/p>\n<p><strong>\u00a0ur\u00e2ndu-v\u0103 Rom\u00e2ni iubi\u0163i:<\/strong><\/p>\n<p><strong>\u00a0tot sporul bun \u015fi harul sf\u00e2nt,<\/strong><\/p>\n<p><strong>\u00a0v\u0103 fie anii ferici\u0163i!<\/strong><\/p>\n<p><strong>\u00a0\u015ei-n seara de Ajun,<\/strong><\/p>\n<p><strong>\u00a0Iubirea s\u0103 v\u0103 fie c\u00e2nt!<\/strong><\/p>\n<p>&nbsp;<\/p>\n<p><strong>Ur\u00e2ndu-v\u0103 prieteni dragi<\/strong><\/p>\n<p><strong>\u00a0din \u0162ara de fagi<\/strong><\/p>\n<p><strong>\u00a0a Marelui \u015etefan<\/strong><\/p>\n<p><strong>\u00a0cu sfinte amintiri<\/strong><\/p>\n<p><strong>\u00a0s\u0103 v\u0103 aduc\u0103-o Zi,<\/strong><\/p>\n<p><strong>\u00a0at\u00e2tea \u00eempliniri<\/strong><\/p>\n<p><strong>\u00a0c\u00e2t va adus un An!<\/strong><\/p>\n<p>&nbsp;<\/p>\n<p><strong><em>\u00a0 + Noaptea Sf\u00e2nt\u0103 de Ajun-Na\u015fterea Domnului <\/em><\/strong><\/p>\n<p><strong><em>\u00a0<\/em><\/strong><\/p>\n<p><strong><em>,,Cu aleas\u0103 pre\u0163uire, dragoste \u015fi prietenie, primi\u021bi acest Colind \u00een dar \u00een Noaptea Sf\u00e2nt\u0103 de Cr\u0103ciun !&#8221;<\/em><\/strong><\/p>\n<p>&nbsp;<\/p>\n<p align=\"right\"><a href=\"http:\/\/nistoroiu.blogspot.ro\/\">Gheorghe Constantin Nistoroiu<\/a><\/p>\n<p>&nbsp;<\/p>\n","protected":false},"excerpt":{"rendered":"<p>\u00a0\u00a0\u00a0\u00a0\u00a0\u00a0\u00a0\u00a0\u00a0\u00a0 COLIND \u00a0 A fost odat\u0103 din B\u0103tr\u00e2ni un fulg de nea, ce din Str\u0103buni s-a logodit cu o Stea. [&#038;hellip<\/p>\n","protected":false},"author":1,"featured_media":0,"comment_status":"closed","ping_status":"closed","sticky":false,"template":"","format":"standard","meta":{"footnotes":""},"categories":[3,6],"tags":[],"class_list":["post-20214","post","type-post","status-publish","format-standard","hentry","category-articole","category-linkuri-externe"],"_links":{"self":[{"href":"https:\/\/www.marianagurza.ro\/blog\/wp-json\/wp\/v2\/posts\/20214","targetHints":{"allow":["GET"]}}],"collection":[{"href":"https:\/\/www.marianagurza.ro\/blog\/wp-json\/wp\/v2\/posts"}],"about":[{"href":"https:\/\/www.marianagurza.ro\/blog\/wp-json\/wp\/v2\/types\/post"}],"author":[{"embeddable":true,"href":"https:\/\/www.marianagurza.ro\/blog\/wp-json\/wp\/v2\/users\/1"}],"replies":[{"embeddable":true,"href":"https:\/\/www.marianagurza.ro\/blog\/wp-json\/wp\/v2\/comments?post=20214"}],"version-history":[{"count":3,"href":"https:\/\/www.marianagurza.ro\/blog\/wp-json\/wp\/v2\/posts\/20214\/revisions"}],"predecessor-version":[{"id":20217,"href":"https:\/\/www.marianagurza.ro\/blog\/wp-json\/wp\/v2\/posts\/20214\/revisions\/20217"}],"wp:attachment":[{"href":"https:\/\/www.marianagurza.ro\/blog\/wp-json\/wp\/v2\/media?parent=20214"}],"wp:term":[{"taxonomy":"category","embeddable":true,"href":"https:\/\/www.marianagurza.ro\/blog\/wp-json\/wp\/v2\/categories?post=20214"},{"taxonomy":"post_tag","embeddable":true,"href":"https:\/\/www.marianagurza.ro\/blog\/wp-json\/wp\/v2\/tags?post=20214"}],"curies":[{"name":"wp","href":"https:\/\/api.w.org\/{rel}","templated":true}]}}