{"id":20225,"date":"2014-12-29T08:27:27","date_gmt":"2014-12-29T08:27:27","guid":{"rendered":"http:\/\/www.marianagurza.ro\/blog\/?p=20225"},"modified":"2014-12-29T08:27:27","modified_gmt":"2014-12-29T08:27:27","slug":"cuvantul-inaltpreasfintitului-ioan-selejan-la-intronizarea-ca-mitropolit-al-banatului","status":"publish","type":"post","link":"https:\/\/www.marianagurza.ro\/blog\/2014\/12\/29\/cuvantul-inaltpreasfintitului-ioan-selejan-la-intronizarea-ca-mitropolit-al-banatului\/","title":{"rendered":"Cuv\u00e2ntul \u00cenaltpreasfin\u0163itului Ioan Selejan la \u00eentronizarea ca Mitropolit al Banatului"},"content":{"rendered":"<p style=\"text-align: center;\"><img loading=\"lazy\" decoding=\"async\" id=\"irc_mi\" src=\"http:\/\/ziarulfaclia.ro\/wp-content\/uploads\/2014\/12\/IPS-Ioan-Selejan-10.jpg\" alt=\"\" width=\"230\" height=\"284\" \/><\/p>\n<p style=\"text-align: center;\">\n<p style=\"text-align: justify;\">,,\u00cen textul Evangheliei citit ast\u0103zi g\u0103sim cuvintele proorocului care zice: \u201eDin Egipt am chemat pe Fiul Meu\u201c (Osea 11, 1).\u00a0Cel c\u0103ruia i s-a \u00eencredin\u0163at ocrotirea Pruncului Dumnezeiesc a fost Dreptul Iosif, a c\u0103rui pomenire o face azi Sf\u00e2nta Biseric\u0103.\u00a0Dreptul Iosif prime\u0219te porunc\u0103 \u00een vis, de la \u00eenger, care \u00eei zice: \u201eScoal\u0103-te, ia Pruncul \u0219i pe mama Lui \u0219i fugi \u00een Egipt \u0219i stai acolo p\u00e2n\u0103 ce-\u0163i voi spune, fiindc\u0103 Irod are s\u0103 caute Pruncul ca s\u0103-L ucid\u0103.\u201c (Mt. 2,13).\u00a0Doamne, Tu, Care ai mul\u0163imi nenum\u0103rate de \u00eengeri, \u00eei dai porunc\u0103 unui om s\u0103-L ocroteasc\u0103 pe Fiul T\u0103u?!\u00a0Ce har a primit acest p\u0103m\u00e2ntean &#8211; Dreptul Iosif &#8211; ca el s\u0103 ia chip de \u00eenger p\u0103zitor al Fiului lui Dumnezeu?!<\/p>\n<p style=\"text-align: justify;\">\n<p style=\"text-align: justify;\">Iubi\u0163i credincio\u0219i,<\/p>\n<p style=\"text-align: justify;\">\n<p style=\"text-align: justify;\">\u00a0\u00a0\u00a0\u00a0\u00a0 Irod a fost primul om, care, pus \u00een fa\u0163a Luminii celei de Sus, s-a v\u0103zut pe sine \u0219i apoi a c\u0103zut \u00een sine \u0219i din sine a c\u0103zut \u00een ad\u00e2nc, \u00een r\u00e2ul de s\u00e2nge al nevinova\u0163ilor prunci pe care i-a ucis.\u00a0Irod, prin uciderea pruncilor, deschide poarta unei noi galaxii \u00een univers, galaxia martirilor.\u00a0Cei ce se lupt\u0103 cu Dumnezeu au o g\u00e2ndire cu sum\u0103 zero \u0219i au intrat \u00een noaptea min\u0163ii. Pendula timpului pentru ei se opre\u0219te deasupra morm\u00e2ntului.\u00a0Azi, Irod nu mai taie capul pruncilor, \u00eens\u0103, din nefericire, se \u00eencearc\u0103 tot mai mult s\u0103 li se taie mintea.\u00a0Iubite mame, ce vom r\u0103spunde lui Dumnezeu \u0219i sociologilor la \u00eentrebarea: de ce, \u00een \u0219colile noastre, \u00een urm\u0103 cu o sut\u0103 de ani, erau mai mul\u0163i copii dec\u00e2t azi?!\u00a0Oare suntem noi, cei de azi, autorii ultimului act din tragedia neamului nostru rom\u00e2nesc?\u00a0A face socoteli cu moartea este cea mai cumplit\u0103 aritmetic\u0103 pentru un neam.\u00a0\u00cen decursul fr\u0103m\u00e2ntatei istorii a neamului rom\u00e2nesc, unii au f\u0103cut socoteli cu moartea pentru neamul nostru, dar n-au reu\u0219it, pentru c\u0103 Dumnezeu a fost cu noi \u0219i cu str\u0103mo\u0219ii no\u0219tri.<\/p>\n<p style=\"text-align: justify;\">\n<p style=\"text-align: justify;\">Iubi\u0163i credincio\u0219i,<\/p>\n<p style=\"text-align: justify;\">\n<p style=\"text-align: justify;\">\u00a0\u00a0\u00a0\u00a0\u00a0 Dreptul Iosif a luat pe Pruncul Iisus- Fiul lui Dumnezeu- \u0219i pe maica Sa \u0219i au fugit \u00eentr-o \u0163ar\u0103 str\u0103in\u0103.\u00a0Iat\u0103 ce conlucrare tainic\u0103 \u00eentre Dumnezeu \u0219i om, omul fiind chemat s\u0103 fie \u00eempreun\u0103 lucr\u0103tor cu Dumnezeu.\u00a0Doamne, azi m\u0103 chemi s\u0103 fiu \u00eempreun\u0103 lucr\u0103tor cu Tine aici, la brazda de vest a Rom\u00e2niei, \u00een str\u0103vechiul p\u0103m\u00e2nt al Daciei, \u00een vatra Banatului.\u00a0\u0162in\u00e2nd cont de faptul istoric c\u0103 legiunile romane se mi\u0219cau dintr-o parte \u00een alta a Imperiului Roman, prin analogie, putem s\u0103 spunem c\u0103, \u00eenc\u0103 din perioada ocupa\u0163iei romane, printre osta\u0219ii romani se aflau \u0219i cre\u0219tini.\u00a0M\u0103rturiile arheologice din secolele al III-lea \u0219i al IV-lea ne pun \u00een fa\u0163\u0103 urme materiale ale culturii \u0219i credin\u0163ei cre\u0219tine din p\u0103r\u0163ile Banatului.\u00a0Pozi\u0163ia geografic\u0103 a Banatului- \u00een vecin\u0103tate cu Imperiul Bizantin \u0219i cu Muntele Athos- fac din aceast\u0103 zon\u0103 un centru cre\u0219tin puternic, \u00eenc\u0103 din mileniul \u00eent\u00e2i, \u00eencununat de \u00eentemeierea unor m\u0103n\u0103stri precum Sf\u00e2ntul Ioan Botez\u0103torul de la Morisena sau Sf\u00e2ntul Gheorghe de la Maidan (Oravi\u0163a), m\u0103n\u0103stiri ctitorite la \u00eenceputul secolului al XI-lea.\u00a0Aceste m\u0103n\u0103stiri au fost vetre de cultur\u0103 \u0219i credin\u0163\u0103 cre\u0219tin\u0103 \u00een jurul c\u0103rora s-a dezvoltat o via\u0163\u0103 bisericeasc\u0103 intens\u0103.\u00a0Spre aceste vetre de sih\u0103strie se va \u00eendrepta \u00een anul 1650 un sihastru din Muntele Athos- pe nume de c\u0103lug\u0103rie Iosif- care va conduce Biserica din Banat \u00een calitate de mitropolit \u00eentre anii 1650-1653.\u00a0Pentru via\u0163a lui aleas\u0103 a fost canonizat de Sf\u00e2ntul Sinod al Bisericii Ortodoxe Rom\u00e2ne \u00een anul 1956 (7 octombrie).\u00a0C\u00e2te mame sfinte, c\u00e2\u0163i p\u0103rin\u0163i sfin\u0163i n-a dat Banatul!\u00a0Banatul este \u0219i el un antimis cu sfinte moa\u0219te\u00a0Rea\u0219ezarea din punct de vedere canonic \u0219i administrativ a Timi\u0219oarei la loc de cinste \u00een Biserica Ortodox\u0103 Rom\u00e2n\u0103, s-a f\u0103cut cu mari greut\u0103\u0163i, av\u00e2nd \u00een vedere contextul istoric al st\u0103p\u00e2nirilor str\u0103ine ( otomane \u0219i hasburgice).<\/p>\n<p style=\"text-align: justify;\">\n<p style=\"text-align: justify;\">Sf\u00e2ntul Mitropolit Andrei \u0218aguna a fost unul din ierarhii care a promovat Biserica din Banat d\u00e2ndu-\u0219i seama de importan\u0163a unui scaun vl\u0103dicesc la Timi\u0219oara.\u00a0Ca o \u00eencununare a str\u0103daniilor bunilor credincio\u0219i din Banat, dup\u0103 terminarea lucr\u0103rilor la aceast\u0103 catedral\u0103 (63\/32- 82 ha-1500mp), scaunul vl\u0103dicesc de la Timi\u0219oara, \u00een anul 1947, revine la tradi\u0163ia istoric\u0103 bisericeasc\u0103, la rang de mitropolie.\u00a0Pe acest scaun vl\u0103dicesc a urcat Mitropolitul Vasile L\u0103z\u0103rescu \u0219i apoi, timp de o jum\u0103tate de veac, vrednicul de pomenire Mitropolitul Nicolae Corneanu.\u00a0Doamne, ia-m\u0103 Tu de m\u00e2n\u0103 \u0219i \u00eenva\u0163\u0103-m\u0103 s\u0103 fac primii pa\u0219i \u00een aceste locuri binecuv\u00e2ntate de Tine, \u00een care au tr\u0103it \u0219i \u0162i-au slujit \u0162ie \u0219i neamului nostru str\u0103mo\u0219ii sfin\u0163i din Banat, a\u0219a cum m-a \u00eenv\u0103\u0163at maica mea s\u0103 fac primii pa\u0219ii \u00een vatra casei p\u0103rinte\u0219ti.\u00a0De azi, Banatul va fi pentru mine pridvorul Raiului, de unde, Doamne, s\u0103 ne prime\u0219ti la Tine pe to\u0163i cei ce vom m\u0103rturisi credin\u0163a \u00een Preasf\u00e2nta Treime Dumnezeu \u0219i \u201ene vom face tuturor toate\u201c.(cf 1 Cor. 9, 22).\u00a0Doamne, d\u0103-mi cheile acestui sf\u00e2nt tezaur al Bisericii \u0219i al neamului nostru din Banat \u0219i ajuta-m\u0103 ca, \u00eempreun\u0103 cu cinstitul cler \u0219i cu bunii credincio\u0219i, s\u0103-l p\u0103str\u0103m \u00een sfin\u0163enie \u0219i s\u0103 mai ad\u0103ug\u0103m la el lacrimile credin\u0163ei \u0219i ale poc\u0103in\u0163ei noastre!\u00a0\u00cen Sf\u00e2nta Biseric\u0103 \u00cel vom cunoa\u0219te pe Dumnezeu Tat\u0103l, vom tr\u0103i via\u0163a \u00een Hristos \u0219i vom dob\u00e2ndi pe Duhul Sf\u00e2nt.<\/p>\n<p style=\"text-align: justify;\">\n<p style=\"text-align: justify;\">\u201eBiserica, care era duhovniceasc\u0103, s-a ar\u0103tat \u00een Trupul lui Hristos, ar\u0103t\u00e2ndu-ne c\u0103, dac\u0103 cineva din noi va p\u0103stra Biserica \u00een trupul s\u0103u \u0219i nu o va strica, va primi pe Duhul cel Sf\u00e2nt\u201c ne spune Sf\u00e2ntul Clement Romanul (PSB vol. I , pag.119).\u00a0Sf\u00e2ntul Ignatie Teoforul zice: \u201eUnde este Hristos, acolo este \u0219i Biserica Universal\u0103.\u201c (Epistola c\u0103tre Smirneni cap. VIII, 2 \u00een PSB vol.1, pag.222).\u00a0\u201eBiserica este casa binecuv\u00e2ntat\u0103 \u0219i locul de primire al harului dumnezeiesc\u201c spune Sf\u00e2ntul Ambrozie al Milanului (PSB vol.53, pag. 284).\u00a0\u00centemeierea Bisericii este crea\u0163ia lumii din nou: \u00een ea se creeaz\u0103 cer nou. ( cf. Is.65,17), (Sf. Grigorie de Nyssa, PSB vol.29, pag.292).\u00a0Ast\u0103zi, c\u00e2nd tr\u0103im \u00eentr-o lume din care se dore\u0219te a fi izgonit Hristos, ierarhii, preo\u0163ii \u0219i credincio\u0219ii sunt chema\u0163i mai mult ca oric\u00e2nd s\u0103 r\u0103m\u00e2n\u0103 neclinti\u0163i \u00een Trupul viu al Bisericii.\u00a0Rom\u00e2nia este o \u0163ar\u0103 cre\u0219tin\u0103, Rom\u00e2nia este \u0163ara lui Hristos.<\/p>\n<p style=\"text-align: justify;\">\n<p style=\"text-align: justify;\">Biserica este maica m\u00e2ng\u00e2ierii celor \u00een suferin\u0163\u0103.\u00a0Biserica d\u0103 sfin\u0163i Raiului \u0219i neamului fii binecuv\u00e2nta\u0163i.\u00a0\u00cen Biseric\u0103 ne reg\u0103sim pe noi, dar \u0219i lumea creat\u0103 de Dumnezeu.\u00a0Biserica este spa\u0163iul de n\u0103dejde \u0219i de comuniune al tuturor fiilor ei, indiferent de starea social\u0103.\u00a0Rolul slujitorilor Sfintelor Altare este s\u0103 preg\u0103teasc\u0103 poporul lui Dumnezeu pentru \u00cemp\u0103r\u0103\u0163ia Sa.\u00a0Arhiereul poart\u0103 o mare responsabilitate \u00een via\u0163a Bisericii.\u00a0El \u201eeste luat dintre oameni, pentru oameni, spre cele ale lui Dumnezeu.\u201c (Evrei 5, 1).\u00a0El este chemat \u201es\u0103 se fac\u0103 tuturor toate\u201c \u0219i \u201e\u00een orice chip s\u0103-i m\u00e2ntuiasc\u0103 pe unii\u201c dup\u0103 cum spune Sf\u00e2ntul Apostol Pavel (cf. 1 Cor. 9, 22).\u00a0Arhiereul, prin slujitorii Sfintelor Altare, adun\u0103 poporul drept-credincios \u00een jurul Sf\u00e2ntului Potir, unde Se afl\u0103 Hristos Domnul.\u00a0Aici m\u0103rturisim aceea\u0219i credin\u0163\u0103 izvor\u00e2t\u0103 din Evanghelia lui Hristos \u0219i din cuvintele \u0219i tr\u0103irile Sfin\u0163ilor P\u0103rin\u0163i ai Bisericii.\u00a0Arhiereul este garantul p\u0103str\u0103rii \u0219i m\u0103rturisirii de credin\u0163\u0103 a Bisericii, al p\u0103str\u0103rii Tradi\u0163iei Sfinte \u0219i a r\u00e2nduielilor liturgice din Biseric\u0103.\u00a0El integreaz\u0103 credincio\u0219ii din eparhia sa \u00een s\u00e2nul Bisericii neamului s\u0103u \u0219i prin aceasta \u00een s\u00e2nul Bisericii Universale a lui Hristos.\u00a0El este chemat s\u0103 devin\u0103 glasul lui Dumnezeu pe p\u0103m\u00e2nt, s\u0103 ia Crucea lui Hristos \u0219i s-o duc\u0103 pe Golgota neamului s\u0103u.\u00a0Arhiereul este \u00eempreun\u0103 lucr\u0103tor cu preo\u0163ii din eparhia sa; cu ei \u0219i prin ei cheam\u0103 \u0219i \u00eendrum\u0103 poporul lui Dumnezeu pe c\u0103rarea Raiului.<\/p>\n<p style=\"text-align: justify;\">\n<p style=\"text-align: justify;\">Cinsti\u0163i p\u0103rin\u0163i,<\/p>\n<p style=\"text-align: justify;\">\n<p style=\"text-align: justify;\">\u00a0\u00a0\u00a0\u00a0\u00a0 S\u0103 ne rug\u0103m Bunului Dumnezeu s\u0103 ne ajute ca, \u00eempreun\u0103 lucr\u00e2nd, s\u0103 primim r\u0103splata celui care a \u0219tiut s\u0103-\u0219i \u00eenmul\u0163easc\u0103 talan\u0163ii.\u00a0Parohia pe care o p\u0103stori\u0163i este locul unde \u00eemp\u0103rt\u0103\u0219i\u0163i credincio\u0219ilor Cuv\u00e2ntul, Trupul \u0219i S\u00e2ngele lui Hristos.\u00a0Azi se produc muta\u0163ii demografice \u00een parohii, iar cele de la sate au o popula\u0163ie din ce \u00een ce mai \u00eemb\u0103tr\u00e2nit\u0103.\u00a0Suntem provoca\u0163i azi s\u0103 r\u0103spundem problemelor noi care apar \u00eentr-o societate tot mai secularizat\u0103.\u00a0Azi, preotul nu poate sluji doar la un sigur altar, ci el trebuie s\u0103 slujeasc\u0103 \u0219i la altarul milei, al \u00eentrajutor\u0103rii celor \u00een nevoi \u0219i \u00een necazuri.\u00a0B\u0103tr\u00e2nii nu sunt la marginea lumii, ci ei tr\u0103iesc \u00een pridvorul \u00cemp\u0103r\u0103\u0163iei lui Dumnezeu.\u00a0Tinerele vl\u0103stare ale Banatului trebuie s\u0103 fie o prioritate a misiunii noastre pastorale. Ei sunt viitorul Bisericii din Banat \u0219i al neamului nostru.\u00a0Educa\u0163ia copilului \u00eencepe chiar din p\u00e2ntecele maicii sale; el trebuie p\u0103zit de at\u00e2tea ispite care sunt azi \u00een societatea noastr\u0103.\u00a0Biserica \u0219i \u0219coala trebuie s\u0103 conlucreze c\u00e2t mai str\u00e2ns pentru a l\u0103sa Bisericii \u0219i neamului fii de n\u0103dejde, buni cre\u0219tini \u0219i buni rom\u00e2ni, iubitori de Dumnezeu, de neam \u0219i de \u0163ar\u0103.\u00a0De asemenea, \u0219coala teologic\u0103 are menirea s\u0103 formeze tineri bine preg\u0103ti\u0163i \u0219i cu o tr\u0103ire aleas\u0103 pentru sfintele altare.<\/p>\n<p style=\"text-align: justify;\">\n<p style=\"text-align: justify;\">Vie\u0163uitorilor din m\u0103n\u0103stiri,<\/p>\n<p style=\"text-align: justify;\">\n<p style=\"text-align: justify;\">\u00a0\u00a0\u00a0\u00a0\u00a0 V\u0103 \u00eendemn s\u0103 tr\u0103i\u0163i dup\u0103 r\u00e2nduielile Sfin\u0163ilor P\u0103rin\u0163i \u0219i ale marilor duhovnici, f\u0103c\u00e2nd din m\u0103n\u0103stire o oaz\u0103 duhovniceasc\u0103 spre m\u00e2ng\u00e2ierea celor ce vin cu evlavie spre aceste vetre vechi de spiritualitate rom\u00e2neasc\u0103.<\/p>\n<p style=\"text-align: justify;\">\n<p style=\"text-align: justify;\">Iubi\u0163i fii duhovnice\u0219ti ai Banatului,<\/p>\n<p style=\"text-align: justify;\">\n<p style=\"text-align: justify;\">\u00a0\u00a0\u00a0\u00a0\u00a0 Am r\u0103spuns azi chem\u0103rii fr\u0103\u0163iilor voastre \u0219i a Sf\u00e2ntului Sinod de a veni aici, pe aceste locuri binecuv\u00e2ntate de Dumnezeu, \u00een care au slujit at\u00e2\u0163ia ierarhi sfin\u0163i, printre care \u0219i Sf\u00e2ntul Iosif de la Parto\u0219.\u00a0Vin cu dorin\u0163a sincer\u0103 \u0219i sf\u00e2nt\u0103 de a fi slujitorul lui Dumnezeu \u0219i al fr\u0103\u0163iilor voastre.\u00a0Ave\u0163i aici un distins corp universitar care a preg\u0103tit at\u00e2\u0163ia fii ai neamului nostru rom\u00e2nesc. Iat\u0103 una din bog\u0103\u0163iile Banatului.\u00a0\u00cempreun\u0103 cu cei care slujesc la altarul \u0219colii, cu preo\u0163ii din eparhie \u0219i cu autorit\u0103\u0163ile locale, a\u0219 dori s\u0103-mi unesc truda mea spre binele Bisericii \u0219i al neamului.\u00a0Fiii Banatului s-au adus jertfe vii aici, \u00een Timi\u0219oara, \u00een Decembrie 1989, aprinz\u00e2nd din inima lor candela unui veac nou- cel al credin\u0163ei \u00een Dumnezeu.\u00a0Celor care s-au jertfit le port respect \u0219i recuno\u0219tin\u0163\u0103, iar celor care au r\u0103mas cu lacrimi pe obraz, a\u0219 dori s\u0103 le fiu o sincer\u0103 m\u00e2ng\u00e2iere.<\/p>\n<p style=\"text-align: justify;\">\n<p style=\"text-align: justify;\">Iubi\u0163i fii ai Banatului,<\/p>\n<p style=\"text-align: justify;\">\n<p style=\"text-align: justify;\">\u00a0\u00a0\u00a0\u00a0\u00a0 De azi ve\u0163i fi \u00een rug\u0103ciunile mele pe care le voi \u00een\u0103l\u0163a c\u0103tre Bunul Dumnezeu.\u00a0Cu ziua de azi trec din Mitropolia Ardealului \u00een cea a Banatului, dar r\u0103m\u00e2n statornic \u00een credin\u0163a mea \u0219i \u00een dorin\u0163a sincer\u0103 de a sluji lui Dumnezeu \u0219i Bisericii neamului nostru rom\u00e2nesc.\u00a0\u00cei asigur de tot respectul meu pe to\u0163i cei ce locuiesc \u00een Banat, chiar dac\u0103 sunt de un alt neam \u0219i de o alt\u0103 credin\u0163\u0103.\u00a0N\u0103d\u0103jduiesc \u00eentr-o bun\u0103 colaborare spre binele tuturor celor ce locuiesc aici, \u00een acest binecuv\u00e2ntat p\u0103m\u00e2nt al Banatului.\u00a0\u00centind o m\u00e2n\u0103 cald\u0103 \u0219i prietenoas\u0103 fra\u0163ilor no\u0219tri afla\u0163i dincolo de frontiera de sud- vest a \u0163\u0103rii \u0219i-i asigur de dragostea \u0219i pre\u0163uirea mea.<\/p>\n<p style=\"text-align: justify;\">\n<p style=\"text-align: justify;\">Preafericirea Voastr\u0103,<\/p>\n<p style=\"text-align: justify;\">\n<p style=\"text-align: justify;\">\u00a0 \u00a0\u00a0\u00a0\u00a0A\u0163i \u00eentronizat \u0219i a\u0163i hirotonit mai mul\u0163i ierarhi din Biserica Ortodox\u0103 Rom\u00e2n\u0103, iar azi a\u0163i \u00eentronizat pe Mitropolitul Banatului.\u00a0V-a\u0163i n\u0103scut pe aceste meleaguri care au un loc aparte \u00een inima Preafericirii Voastre.\u00a0De aceste meleaguri V\u0103 leag\u0103 binecuv\u00e2nta\u0163ii ani ai copil\u0103riei \u0219i ai primului abecedar.\u00a0De aici V-a chemat Dumnezeu la cea mai \u00eenalt\u0103 \u0219i grea slujire din Biserica Ortodox\u0103 Rom\u00e2n\u0103, aceea de Patriarh.<\/p>\n<p style=\"text-align: justify;\">\n<p style=\"text-align: justify;\">Preafericirea Voastr\u0103, purta\u0163i crucea unei \u00eentregi biserici, iar mie mi-a\u0163i \u00eencredin\u0163at de azi s\u0103 port Crucea Banatului.\u00a0Mul\u0163umesc Preafericirii Voastre \u0219i Sf\u00e2ntului Sinod pentru \u00eencredere \u0219i V\u0103 rog s\u0103 m\u0103 pomeni\u0163i \u00een rug\u0103ciunile Preafericirii Voastre.<\/p>\n<p style=\"text-align: justify;\">\n<p style=\"text-align: justify;\">M\u0103 \u00eendrept acum, \u00een cuv\u00e2ntul meu, c\u0103tre venerabilul Vl\u0103dic\u0103 Timotei al Aradului, c\u0103tre Preasfin\u0163itul Lucian al Caransebe\u0219ului, c\u0103tre Preasfin\u0163itul Paisie, rug\u00e2ndu-i ca \u00eempreun\u0103 s\u0103 slujim lui Dumnezeu \u0219i credincio\u0219ilor din Banat.<\/p>\n<p style=\"text-align: justify;\">\n<p style=\"text-align: justify;\">Las cuv\u00e2nt de m\u00e2ng\u00e2iere preo\u0163ilor, cinului monahal \u0219i credincio\u0219ilor din Eparhia Mun\u0163ilor pe care nu-i voi uita \u00een rug\u0103ciunile mele.<\/p>\n<p style=\"text-align: justify;\">\n<p style=\"text-align: justify;\">Dumnezeu s\u0103 fie cu mine \u0219i cu to\u0163i cei ce azi \u00eemi sunt \u00eencredin\u0163a\u0163i spre p\u0103storire!\u201d<\/p>\n<p style=\"text-align: justify;\">\n<p style=\"text-align: justify;\"><strong><em>\u2020 Ioan<\/em><\/strong><\/p>\n<p style=\"text-align: justify;\"><strong><em>al Banatului<\/em><\/strong><\/p>\n<p style=\"text-align: right;\">sursa: <a href=\"http:\/\/www.basilica.ro\" target=\"_blank\">basilica.ro<\/a><\/p>\n","protected":false},"excerpt":{"rendered":"<p>,,\u00cen textul Evangheliei citit ast\u0103zi g\u0103sim cuvintele proorocului care zice: \u201eDin Egipt am chemat pe Fiul Meu\u201c (Osea 11, 1).\u00a0Cel [&#038;hellip<\/p>\n","protected":false},"author":1,"featured_media":0,"comment_status":"closed","ping_status":"closed","sticky":false,"template":"","format":"standard","meta":{"footnotes":""},"categories":[3,6],"tags":[],"class_list":["post-20225","post","type-post","status-publish","format-standard","hentry","category-articole","category-linkuri-externe"],"_links":{"self":[{"href":"https:\/\/www.marianagurza.ro\/blog\/wp-json\/wp\/v2\/posts\/20225","targetHints":{"allow":["GET"]}}],"collection":[{"href":"https:\/\/www.marianagurza.ro\/blog\/wp-json\/wp\/v2\/posts"}],"about":[{"href":"https:\/\/www.marianagurza.ro\/blog\/wp-json\/wp\/v2\/types\/post"}],"author":[{"embeddable":true,"href":"https:\/\/www.marianagurza.ro\/blog\/wp-json\/wp\/v2\/users\/1"}],"replies":[{"embeddable":true,"href":"https:\/\/www.marianagurza.ro\/blog\/wp-json\/wp\/v2\/comments?post=20225"}],"version-history":[{"count":2,"href":"https:\/\/www.marianagurza.ro\/blog\/wp-json\/wp\/v2\/posts\/20225\/revisions"}],"predecessor-version":[{"id":20227,"href":"https:\/\/www.marianagurza.ro\/blog\/wp-json\/wp\/v2\/posts\/20225\/revisions\/20227"}],"wp:attachment":[{"href":"https:\/\/www.marianagurza.ro\/blog\/wp-json\/wp\/v2\/media?parent=20225"}],"wp:term":[{"taxonomy":"category","embeddable":true,"href":"https:\/\/www.marianagurza.ro\/blog\/wp-json\/wp\/v2\/categories?post=20225"},{"taxonomy":"post_tag","embeddable":true,"href":"https:\/\/www.marianagurza.ro\/blog\/wp-json\/wp\/v2\/tags?post=20225"}],"curies":[{"name":"wp","href":"https:\/\/api.w.org\/{rel}","templated":true}]}}