{"id":20233,"date":"2014-12-29T17:35:02","date_gmt":"2014-12-29T17:35:02","guid":{"rendered":"http:\/\/www.marianagurza.ro\/blog\/?p=20233"},"modified":"2014-12-29T17:37:17","modified_gmt":"2014-12-29T17:37:17","slug":"valeriu-dulgheru-impresii-postelectorale","status":"publish","type":"post","link":"https:\/\/www.marianagurza.ro\/blog\/2014\/12\/29\/valeriu-dulgheru-impresii-postelectorale\/","title":{"rendered":"Valeriu Dulgheru: Impresii Postelectorale"},"content":{"rendered":"<p style=\"text-align: justify;\" align=\"right\"><a href=\"http:\/\/www.marianagurza.ro\/blog\/wp-content\/uploads\/2014\/12\/p236_memb1.jpg\"><img loading=\"lazy\" decoding=\"async\" class=\"alignleft size-full wp-image-20234\" title=\"p236_memb\" src=\"http:\/\/www.marianagurza.ro\/blog\/wp-content\/uploads\/2014\/12\/p236_memb1.jpg\" alt=\"\" width=\"100\" height=\"150\" \/><\/a>\u201c<em>Pe-un calapod croi\u0163i sunt to\u0163i\/ Ca s\u0103 ne cread\u0103 idio\u0163i\u2026\/<\/em><\/p>\n<p style=\"text-align: justify;\" align=\"right\"><em>Beleaua e c\u0103, din p\u0103cate, \/C\u00e2nd \u00eei vot\u0103m cam au dreptate\u201d<\/em><\/p>\n<p style=\"text-align: right;\" align=\"right\"><strong>(Nic Petrescu)<\/strong><\/p>\n<p align=\"right\"><strong>\u00a0<\/strong><\/p>\n<p align=\"right\"><em>\u00a0<\/em><\/p>\n<p style=\"text-align: justify;\">Alegerile au trecut. Spiritele electorale s-au mai lini\u015ftit. Am\u0103r\u0103ciunea pierdan\u0163ilor \u00een alegeri s-a mai atenuat (\u00een special, lui Dodon, acest Golia al zilelor noastre, care se vedea deja \u00eentr\u00e2nd pe cal alb \u00een parlament). Trebuie s\u0103 con\u0219tientiz\u0103m faptul (\u00een special, componentele coali\u0163iei proeuropene) c\u0103 am fost pe muchie de cu\u0163it. Am sc\u0103pat ca prin urechile acului. Ar trebui s\u0103 le mul\u021bumim pentru cele c\u00e2teva mandate d\u0103ruite coali\u0163iei proeuropene lui R. Popa, liderul partidului comunist reformator (4,92%), lui M. Formuzal, liderul <a href=\"http:\/\/www.e-democracy.md\/elections\/parliamentary\/2014\/opponents\/amuv\/\"><em>Blocului electoral \u201eAlegerea Moldovei &#8211; Uniunea Vamal\u0103<\/em>\u201d<\/a> (3,45%), lui V. Mi\u015fin \u015fi V. Tarlev, liderii Partidului \u201c<em>Rena\u015ftere<\/em>\u201d (0,26%, cu a\u015fa locomotive puteau lua mai mult), lui M. Garbuz (nici m\u0103car nu este harbuz), liderul g\u0103l\u0103giosului partidu\u0163 \u201c<em>Patri(h)o\u0163ii Moldovei\u201d<\/em> (0,09%, cu a\u015fa bani \u015fi sus\u0163inere putea s\u0103 ia mai mult de la Dodon \u015fi Voronin) \u015f.a.<\/p>\n<p style=\"text-align: justify;\">De asemenea, nu trebuie s\u0103-i trecem cu t\u0103cerea (fiindc\u0103 acest fenomen se repet\u0103 deja de peste 20 de ani) nici pe cei care, voluntar sau involuntar, au \u00eempins aceast\u0103 coali\u0163ie proeuropean\u0103 pe muchia de cu\u0163it. Voi spune lucrurilor pe nume, unora dintre stima\u0163ii colegi de baricade s-ar putea s\u0103 nu le plac\u0103. Repet \u00eenc\u0103 o dat\u0103 c\u0103 mi-am scos p\u0103l\u0103ria \u00een fa\u0163a celor 7 reformatori liberali, care au salvat coali\u0163ia proeuropean\u0103 \u015fi cursul proeuropean. \u00cens\u0103 \u00een alegerile trecute trebuiau s\u0103 dea dovad\u0103 de mai mult realism, s\u0103 opereze cu ra\u0163iunea nu cu inima. 1,56% de voturi liberale au fost donate par\u0163ial lui Dodon \u015fi Voronin. De asemenea PNL (0,43%), Partidul \u201c<em>Democra\u0163ia Acas\u0103<\/em>\u201d (PPDA) (0,15%), PAD (0,16%), Partidul Ecologist (0,09%), dar \u015fi O. Cernei (0,17%) \u015fi O. Brega (0,88%), voturile c\u0103rora au fost unele protestatare. Nu mai vorbim despre cei bine inten\u0163iona\u0163i \u00een actul de tr\u0103dare, care au rupt din voturile dreptei: Iu Ro\u015fca (0,74%), S. Mocanu (1,74%). Unii ar putea spune c\u0103 influen\u0163a unor partidu\u0163e, care au rupt de la dreapta doar c\u00e2teva mii de voturi, este nesemnificativ\u0103. \u00cens\u0103 algoritmul distribuirii mandatelor demonstreaz\u0103 c\u0103 nu e chiar a\u015fa. Cu doar diferen\u0163a de 0,35% (5711 voturi) PSRM a c\u00e2\u015ftigat cu dou\u0103 mandate mail mult dec\u00e2t PLDM. Dou\u0103 mandate ale Coali\u0163iei proeuropene pierdute din moftul cuiva.<\/p>\n<p style=\"text-align: justify;\">De c\u00e2te ori vom mai c\u0103lca pe grebl\u0103. Numai pro\u015ftii insist\u0103 \u00een prostiile pe care le comit. Iar noi, care avem r\u0103d\u0103cini at\u00e2t de ad\u00e2nci (peste 5000 de ani, urma\u015fi ai culturilor Cucuteni, Hamangia, Petreni \u015f.a.) nu suntem chiar at\u00e2t de pro\u015fti cum ne consider\u0103 unii (\u00een special, fra\u0163ii mai mari). Unii lideri ai partidu\u0163elor democrate, dintr-un fals egoism pur partinic, nu con\u015ftientizeaz\u0103 acest lucru. \u00cens\u0103 a venit timpul s\u0103 ne maturiz\u0103m, s\u0103 tindem m\u0103car s\u0103 devenim cu adev\u0103rat europeni. Ar trebui s\u0103 termin\u0103m cu aceast\u0103 prea lung\u0103 perioad\u0103 de tranzi\u0163ie \u015fi \u00een acest domeniu \u2013 cel electoral. Puzderia de partidu\u0163e av\u00e2ntate \u00een alegeri este un fenomen caracteristic doar \u0163\u0103rilor de la marginea Europei sau din fostul lag\u0103r socialist. \u00cen \u0163\u0103rile civilizate victoria unui sau altui partid sau blocuri de partide nu schimb\u0103 prea mult \u00een politica statului. La noi \u00eens\u0103 c\u00e2\u015ftigul unei sau altei tabere poate duce la schimbarea cardinal\u0103 a direc\u0163iei de dezvoltare a statului cum a fost \u00een aceste alegeri. Victoria partidelor de st\u00e2nga ar fi condus la reorientarea Republicii Moldova spre efemera uniune vamal\u0103, mai bine zis spre Rusia. Ce ar fi \u00eensemnat aceasta ne demonstreaz\u0103 chiar actuala criza financiar\u0103 din Rusia. Dac\u0103 am fi fost lega\u0163i mai str\u00e2ns de Rusia, cum ne \u00eendeamn\u0103 sociali\u015ftii Grecean\u00e2i \u015fi Dodon, acum am fi suportat la maximum efectele negative ale acestei crize pe pielea noastr\u0103 (o devalorizare a rublei de aproape 2 ori peste noapte este simptomul unui sistem financiar foarte bolnav (de cel politic nici nu mai amintim)). De ce noi s\u0103 ne leg\u0103m soarta de un astfel de sistem pentru ca orice adiere de v\u00e2nt de la Moscova s\u0103 genereze furtun\u0103 la Chi\u015fin\u0103u. A\u015fa a fost \u00een urma crizei financiare din a. 1998, noi pl\u0103tind pentru prostia guvernan\u0163ilor ru\u015fi. \u00cens\u0103 datorit\u0103 faptului c\u0103 \u00een prezent exporturile noastre sunt reorientate spre \u0163\u0103rile Uniunii Europene, \u00een primul r\u00e2nd, spre Rom\u00e2nia, unde deja se export\u0103 aproximativ tot at\u00e2t c\u00e2t \u015fi \u00een Rusia, efectele acestei crize sunt mult mai mici. Este un \u00eendemn c\u0103tre bunii no\u015ftri antreprenori de la \u0163ar\u0103 s\u0103 se reorienteze spre pia\u0163a european\u0103, care este una mult mai sigur\u0103 (nu depinde de moftul cuiva cum a fost \u00een a.c. c\u00e2nd doar pentru motivul c\u0103 nu ne-am consultat cu el la semnarea Acordului de Asociere Putin a pus embargo la fructele \u015fi vinurile moldovene\u015fti), mult mai mare (sunt peste 540 mln locuitori comparativ cu 140 mln \u00een Rusia) cu pre\u0163uri mult mai convenabile. De asemenea, poate a venit timpul ca bie\u0163ii no\u015ftri cona\u0163ionali care-\u015fi c\u00e2\u015ftig\u0103 p\u00e2inea lucr\u00e2nd \u00een Rusia \u015fi c\u0103rora aceast\u0103 criz\u0103 financiar\u0103 practic le-a \u00eenjum\u0103t\u0103\u021bit c\u00e2\u015ftigurile, s\u0103 se orienteze la alte pie\u0163e de munc\u0103 mai sigure \u015fi mai bine pl\u0103tite. Cu regret guvernarea de la Chi\u015fin\u0103u nu le poate rezolva acum problema.<\/p>\n<p style=\"text-align: justify;\">Deci, av\u00e2nd trei partide democratice relativ consolidate \u015fi care ocup\u0103 tot spectrul politic de la dreapta p\u00e2n\u0103 la centru st\u00e2nga, care ar fi sensul plodirii altor partide cu acelea\u0219i doctrine. De ce nu am merge pe o cale european\u0103 de a fortifica aceste trei partide (pe e\u0219ichierul st\u00e2ng se pot plodi c\u00e2te doresc, este bine ca acest segment s\u0103 piard\u0103 tot mai mult din sus\u0163inerea electoratului). Ar fi un \u00eendemn c\u0103tre intelectuali, c\u0103tre alte categorii: s\u0103 intr\u0103m masiv \u00een cele trei partide (func\u0163ie de preferin\u0163e: eu a\u015f pleda pentru un partid liberal puternic, dar preferin\u0163ele multora sunt diferite), s\u0103 le democratiz\u0103m, s\u0103 \u00eencerc\u0103m s\u0103 schimb\u0103m ceva nu prin formarea unor noi partidu\u0163e (oric\u00e2t de prona\u0163ionale nu ar fi ele), care nu pot schimba nimic (experien\u021ba ultimelor 3-4 runde de alegeri au demonstrat c\u0103 electoratul nu-i sus\u0163ine pe cei mici oric\u00e2t de mul\u0163i bani nu s-ar cheltui. Se observ\u0103 o tendin\u0163\u0103 a electoratului spre sus\u0163inerea partidelor deja bine formate, devenite clasice (\u00een SUA deja de peste 200 de ani lupta se duce \u00eentre cele dou\u0103 partide de baz\u0103 \u2013 democrat \u015fi republican. \u00cen Marea Britanie \u2013 de asemenea). Electoratul este preg\u0103tit deja, dar clasa politic\u0103? Ce va face clasa politic\u0103 \u00een acest sens. Vom r\u0103m\u00e2ne cu cunoscuta r\u00e2nz\u0103 moldoveneasc\u0103 c\u00e2nd va veni vorba despre fuzion\u0103ri.<\/p>\n<p style=\"text-align: justify;\">Noua conducere a Rom\u00e2niei \u00een frunte cu pragmaticul Klaus Iohannis trebuie s\u0103 dialogheze cu 2-3 nu cu o puzderie de lidera\u015fi din Republica Moldova. Mai \u0163inem minte perioada c\u00e2nd Iu. Ro\u015fca se prezenta la Bucure\u015fti drept \u201e<em>cel mai mare rom\u00e2n \u015fi unic partid prorom\u00e2nesc din Basarabia<\/em>\u201d, profit\u00e2nd la maximum din acest bussines (\u00een plan personal!). Cred c\u0103 fra\u0163ii no\u015ftri de peste Prut s-au \u00eenv\u0103\u0163at s\u0103 disting\u0103 gr\u00e2ul de neghin\u0103. Noi trebuie s\u0103 beneficiem la maximum de pragmatismul lui Klaus Iohannis, pus serios pe schimbarea la fa\u0163\u0103 a Rom\u00e2niei, care a afirmat recent: \u201e<em>De fapt, marea dezam\u0103gire a oamenilor nu a venit, cred, doar din lipsa de rezultate. Ci din lipsa de recunoa\u0219tere a restan\u021belor. Din faptul c\u0103 peste promisiuni neonorate s-au f\u0103cut alte \u0219i alte promisiuni. Clasa politic\u0103 nu a \u00een\u021beles pe deplin c\u0103 odat\u0103 cu libertatea vine \u0219i responsabilitatea, c\u0103 odat\u0103 cu puterea vine \u0219i r\u0103spunderea \u00een fa\u021ba oamenilor\u201d<\/em>. Se refer\u0103 totalmente \u015fi la clasa noastr\u0103 politic\u0103. \u00cen excelentul discurs rostit la Opera la Timi\u0219oara cu prilejul \u00eemplinirii a 25 de ani de la izbucnirea Revolu\u021biei din decembrie 1989 (\u00een acel an \u015fi \u00een Basarabia au avut loc evenimente marcante: 25 de ani de la adoptarea limbii rom\u00e2ne drept limb\u0103 de stat \u00een baza grafiei latine; 25 de ani de la oprirea tancurilor sovietice \u00een timpul paradei militare din 7 noiembrie ca peste mai pu\u0163in de o lun\u0103 acela\u015fi lucru s\u0103-l fac\u0103 \u015fi fra\u0163ii no\u015ftri de la Timi\u015foara) Presedintele Klaus Iohannis a afirmat printre altele c\u0103 \u201e<em>\u00eemp\u0103carea cu trecutul nu se poate face \u00eenainte de a-i \u00eenv\u0103\u0163a lec\u0163iile. <\/em><em>Vreau ca \u00een decembrie 2014 s\u0103 \u00eenchidem acest capitol istoric \u0219i s\u0103 \u00eencepem \u00eempreun\u0103 un nou proiect na\u021bional\u201d. <\/em>\u015ei eu mi-a\u015f dori ca elita noastr\u0103 politic\u0103 s\u0103 declare acela\u0219i lucru. S\u0103 declare \u015fi s\u0103 realizeze, \u00een caz contrar vor pierde pentru totdeauna bonusul acordat temporar de electorat. Dar s\u0103 realizeze un astfel de proiect este capabil acum doar un guvern \u00een frunte cu Iu. Leanc\u0103. Cei care acum sunt actori ai acestui dureros proces al facerii guvern\u0103rii trebuie s\u0103 \u021bin\u0103 cont de acest lucru, s\u0103-l priveasc\u0103 ca pe un interes na\u0163ional, l\u0103s\u00e2nd deoparte alte interese de partid.<strong><\/strong><\/p>\n<p style=\"text-align: justify;\">\u00cempreun\u0103 cu reformarea sistemului politic din Rom\u00e2nia s\u0103-l reform\u0103m \u015fi pe al nostru \u015fi atunci rezultatul nu se va l\u0103sa multa\u015fteptat. Chiar \u00een prim\u0103var\u0103 ne a\u0219teapt\u0103 un nou examen \u2013 alegerile locale c\u00e2nd \u00een cazul c\u00e2nd vom lucra ca \u015fi \u00een alegerile trecute exist\u0103 marele pericol s\u0103 pierdem capitala. Dodon demult a pus ochiul pe ea, iar acum c\u00e2nd, \u00eentr-un fel, este pe cal alb pericolul ar fi unul real.<\/p>\n<p style=\"text-align: justify;\">\u00a0\u00a0\u00a0\u00a0\u00a0\u00a0\u00a0\u00a0\u00a0\u00a0\u00a0 Cel mai important pentru noi, rom\u00e2nii basarabeni, \u00een acest moment crucial este s\u0103 ne continu\u0103m cursul European ca unic\u0103 solu\u0163ie de bun\u0103stare, de apropiere de \u0162ar\u0103 \u015fi de sc\u0103pare din ghearele ursului estic, care acum\u00a0 este ca o fiara r\u0103nit\u0103, deosebit de periculoas\u0103.<\/p>\n<p style=\"text-align: justify;\"><strong><em>Fie ca Speran\u021ba s\u0103 ne p\u0103r\u0103seasc\u0103 ultima!!!<\/em><\/strong><\/p>\n<p style=\"text-align: center;\">La Mul\u021bi Ani!!!<\/p>\n<p style=\"text-align: center;\" align=\"right\"><strong><em>Valeriu Dulgheru<\/em><\/strong><\/p>\n<p style=\"text-align: right;\" align=\"right\"><a href=\"https:\/\/drive.google.com\/file\/d\/0ByA7Kci8VpxBVkt1RFRUR3ZXeEU\/view?pli=1\" rel=\"nofollow\" target=\"_blank\">https:\/\/drive.google.com\/file\/<wbr>d\/<wbr>0ByA7Kci8VpxBVkt1RFRUR3ZXeEU\/<wbr>view?pli=1<\/wbr><\/wbr><\/wbr><\/a><\/p>\n<p>&nbsp;<\/p>\n<p>&nbsp;<\/p>\n","protected":false},"excerpt":{"rendered":"<p>\u201cPe-un calapod croi\u0163i sunt to\u0163i\/ Ca s\u0103 ne cread\u0103 idio\u0163i\u2026\/ Beleaua e c\u0103, din p\u0103cate, \/C\u00e2nd \u00eei vot\u0103m cam au [&#038;hellip<\/p>\n","protected":false},"author":1,"featured_media":0,"comment_status":"closed","ping_status":"closed","sticky":false,"template":"","format":"standard","meta":{"footnotes":""},"categories":[3,6],"tags":[],"class_list":["post-20233","post","type-post","status-publish","format-standard","hentry","category-articole","category-linkuri-externe"],"_links":{"self":[{"href":"https:\/\/www.marianagurza.ro\/blog\/wp-json\/wp\/v2\/posts\/20233","targetHints":{"allow":["GET"]}}],"collection":[{"href":"https:\/\/www.marianagurza.ro\/blog\/wp-json\/wp\/v2\/posts"}],"about":[{"href":"https:\/\/www.marianagurza.ro\/blog\/wp-json\/wp\/v2\/types\/post"}],"author":[{"embeddable":true,"href":"https:\/\/www.marianagurza.ro\/blog\/wp-json\/wp\/v2\/users\/1"}],"replies":[{"embeddable":true,"href":"https:\/\/www.marianagurza.ro\/blog\/wp-json\/wp\/v2\/comments?post=20233"}],"version-history":[{"count":3,"href":"https:\/\/www.marianagurza.ro\/blog\/wp-json\/wp\/v2\/posts\/20233\/revisions"}],"predecessor-version":[{"id":20236,"href":"https:\/\/www.marianagurza.ro\/blog\/wp-json\/wp\/v2\/posts\/20233\/revisions\/20236"}],"wp:attachment":[{"href":"https:\/\/www.marianagurza.ro\/blog\/wp-json\/wp\/v2\/media?parent=20233"}],"wp:term":[{"taxonomy":"category","embeddable":true,"href":"https:\/\/www.marianagurza.ro\/blog\/wp-json\/wp\/v2\/categories?post=20233"},{"taxonomy":"post_tag","embeddable":true,"href":"https:\/\/www.marianagurza.ro\/blog\/wp-json\/wp\/v2\/tags?post=20233"}],"curies":[{"name":"wp","href":"https:\/\/api.w.org\/{rel}","templated":true}]}}