{"id":20587,"date":"2015-01-25T18:26:18","date_gmt":"2015-01-25T18:26:18","guid":{"rendered":"http:\/\/www.marianagurza.ro\/blog\/?p=20587"},"modified":"2015-01-25T18:26:18","modified_gmt":"2015-01-25T18:26:18","slug":"atena-ivanovici-intreg","status":"publish","type":"post","link":"https:\/\/www.marianagurza.ro\/blog\/2015\/01\/25\/atena-ivanovici-intreg\/","title":{"rendered":"Atena Ivanovici: \u00centreg"},"content":{"rendered":"<p style=\"text-align: center;\"><a href=\"http:\/\/www.marianagurza.ro\/blog\/wp-content\/uploads\/2015\/01\/Atena-Ivanovici.jpg\"><img loading=\"lazy\" decoding=\"async\" class=\"size-full wp-image-20588\" title=\"Atena Ivanovici\" src=\"http:\/\/www.marianagurza.ro\/blog\/wp-content\/uploads\/2015\/01\/Atena-Ivanovici.jpg\" alt=\"\" width=\"240\" height=\"240\" srcset=\"https:\/\/www.marianagurza.ro\/blog\/wp-content\/uploads\/2015\/01\/Atena-Ivanovici.jpg 240w, https:\/\/www.marianagurza.ro\/blog\/wp-content\/uploads\/2015\/01\/Atena-Ivanovici-150x150.jpg 150w\" sizes=\"auto, (max-width: 240px) 100vw, 240px\" \/><\/a><\/p>\n<p style=\"text-align: center;\">\n<p><strong>\u00ceNTREG<\/strong><\/p>\n<p>&nbsp;<\/p>\n<p>&nbsp;<\/p>\n<p>M-am \u00eembr\u0103cat cu pielea mea o clip\u0103<\/p>\n<p>Ca s\u0103 ascult ecoul dintre z\u0103ri<\/p>\n<p>Am apucat o ran\u0103 \u015fi o fric\u0103<\/p>\n<p>\u015ei le-am topit, n\u0103sc\u00e2nd \u00eembr\u0103\u0163i\u015f\u0103ri.<\/p>\n<p>&nbsp;<\/p>\n<p>Am c\u0103utat o umbr\u0103 \u015fi-o lumin\u0103<\/p>\n<p>Se \u00eempleteau cu-n cer \u015fi un p\u0103m\u00e2nt<\/p>\n<p>Cu norul negru dintr-o zi senin\u0103<\/p>\n<p>Ca praful vechi, azi \u00eenviat de v\u00e2nt.<\/p>\n<p>&nbsp;<\/p>\n<p>Iubirea am g\u0103sit-o sub o coast\u0103<\/p>\n<p>Zv\u00e2cnea \u00een ro\u015fu giulgiu clocotind<\/p>\n<p>Nu mai era demult alb\u0103 \u015fi cast\u0103<\/p>\n<p>Din vremea c\u00e2nd se alina uit\u00e2nd.<\/p>\n<p>&nbsp;<\/p>\n<p>M-am \u00eembr\u0103cat cu pielea mea o clip\u0103<\/p>\n<p>S\u0103 m\u0103 g\u0103sesc \u015fi s\u0103 m\u0103 \u00een\u0163eleg<\/p>\n<p>S\u0103 fac din fericiri din nou risip\u0103<\/p>\n<p>\u015ei din triste\u0163i. C\u0103ci totul e \u00eentreg.<\/p>\n<p>&nbsp;<\/p>\n<p style=\"text-align: center;\"><strong>Atena Ivanovici<\/strong><\/p>\n<p style=\"text-align: center;\">http:\/\/www.dordefemeie.com\/<\/p>\n","protected":false},"excerpt":{"rendered":"<p>\u00ceNTREG &nbsp; &nbsp; M-am \u00eembr\u0103cat cu pielea mea o clip\u0103 Ca s\u0103 ascult ecoul dintre z\u0103ri Am apucat o ran\u0103 [&#038;hellip<\/p>\n","protected":false},"author":1,"featured_media":0,"comment_status":"closed","ping_status":"closed","sticky":false,"template":"","format":"standard","meta":{"footnotes":""},"categories":[3,6],"tags":[],"class_list":["post-20587","post","type-post","status-publish","format-standard","hentry","category-articole","category-linkuri-externe"],"_links":{"self":[{"href":"https:\/\/www.marianagurza.ro\/blog\/wp-json\/wp\/v2\/posts\/20587","targetHints":{"allow":["GET"]}}],"collection":[{"href":"https:\/\/www.marianagurza.ro\/blog\/wp-json\/wp\/v2\/posts"}],"about":[{"href":"https:\/\/www.marianagurza.ro\/blog\/wp-json\/wp\/v2\/types\/post"}],"author":[{"embeddable":true,"href":"https:\/\/www.marianagurza.ro\/blog\/wp-json\/wp\/v2\/users\/1"}],"replies":[{"embeddable":true,"href":"https:\/\/www.marianagurza.ro\/blog\/wp-json\/wp\/v2\/comments?post=20587"}],"version-history":[{"count":2,"href":"https:\/\/www.marianagurza.ro\/blog\/wp-json\/wp\/v2\/posts\/20587\/revisions"}],"predecessor-version":[{"id":20590,"href":"https:\/\/www.marianagurza.ro\/blog\/wp-json\/wp\/v2\/posts\/20587\/revisions\/20590"}],"wp:attachment":[{"href":"https:\/\/www.marianagurza.ro\/blog\/wp-json\/wp\/v2\/media?parent=20587"}],"wp:term":[{"taxonomy":"category","embeddable":true,"href":"https:\/\/www.marianagurza.ro\/blog\/wp-json\/wp\/v2\/categories?post=20587"},{"taxonomy":"post_tag","embeddable":true,"href":"https:\/\/www.marianagurza.ro\/blog\/wp-json\/wp\/v2\/tags?post=20587"}],"curies":[{"name":"wp","href":"https:\/\/api.w.org\/{rel}","templated":true}]}}