{"id":20606,"date":"2015-01-27T06:47:48","date_gmt":"2015-01-27T06:47:48","guid":{"rendered":"http:\/\/www.marianagurza.ro\/blog\/?p=20606"},"modified":"2015-01-27T06:51:40","modified_gmt":"2015-01-27T06:51:40","slug":"gheorghe-constantin-nistoroiu-sf-grigorie-teologul-si-odrastele-sale-mistice","status":"publish","type":"post","link":"https:\/\/www.marianagurza.ro\/blog\/2015\/01\/27\/gheorghe-constantin-nistoroiu-sf-grigorie-teologul-si-odrastele-sale-mistice\/","title":{"rendered":"Gheorghe Constantin Nistoroiu: Sf. Grigorie Teologul \u0219i odrastele sale mistice-M\u0103rturisitori dacorom\u00e2ni"},"content":{"rendered":"<p><strong><a href=\"http:\/\/www.marianagurza.ro\/blog\/wp-content\/uploads\/2015\/01\/gregory_theologian.jpg\"><img loading=\"lazy\" decoding=\"async\" class=\"alignleft size-full wp-image-20607\" title=\"gregory_theologian\" src=\"http:\/\/www.marianagurza.ro\/blog\/wp-content\/uploads\/2015\/01\/gregory_theologian.jpg\" alt=\"\" width=\"223\" height=\"300\" \/><\/a>\u00a0\u00a0 <em>\u201ePreo\u0163ia trebuie s\u0103 fie o slujire cereasc\u0103 \u015fi nu p\u0103m\u00e2nteasc\u0103\u201d<\/em><\/strong><\/p>\n<p style=\"text-align: right;\"><strong>\u00a0\u00a0\u00a0\u00a0\u00a0\u00a0\u00a0\u00a0\u00a0\u00a0\u00a0\u00a0\u00a0\u00a0\u00a0\u00a0\u00a0\u00a0\u00a0\u00a0\u00a0\u00a0 (Sf. Ierarh Grigorie-Seniorul)<\/strong><\/p>\n<p style=\"text-align: justify;\"><strong>\u00a0<\/strong><\/p>\n<p style=\"text-align: justify;\"><strong>\u00a0<\/strong><\/p>\n<p style=\"text-align: justify;\">\u00a0\u00a0 Preocup\u0103rile \u015fi str\u0103daniile cre\u015ftinilor \u00eenseta\u0163i de spirit, de cultur\u0103 teologic\u0103 \u015fi tr\u0103ire ortodox\u0103 au \u00eentotdeauna \u00een Sf\u00e2ntul Ierarh Grigorie de Nazianz-Teologul, o c\u0103l\u0103uz\u0103 a cunoa\u015fterii, un mentor \u00een educa\u0163ie \u015fi un toiag spre urcare, spre des\u0103v\u00e2r\u015fire.<\/p>\n<p style=\"text-align: justify;\">\u00a0\u00a0 Familia aristocrat\u0103 geto-dac\u0103 a Sf\u00e2ntului \u00eembr\u0103\u0163i\u015fa 5 persoane: Sf. Ierarh Grigorie-Seniorul, Sf\u00e2nta Nona, mama Teologului, Sf. Grigorie \u2013 Juniorul, Gorgonia(numele dac, str\u0103bun al Giorgianei) \u015fi Cezar, fra\u0163ii mai mici.<\/p>\n<p style=\"text-align: justify;\">\u00a0\u00a0 Icoana tat\u0103lui sf\u00e2nt o avem chiar de la Grigorie Teologul, fiul: <em>\u201ePe tata l-am putea asem\u0103na unui m\u0103slin s\u0103lbatic schimbat prin altoire \u00een chip des\u0103v\u00e2r\u015fit dintr-un m\u0103slin roditor; at\u00e2t de bine s-a p\u0103truns \u00een rodnicia m\u0103slinului cel bun, \u00eenc\u00e2t i-au fost \u00eencredin\u0163ate pentru altoi \u015fi i s-au dat pentru cultivarea sufletului sufletele altora&#8230; Ajuns la treapta cea mai \u00eenalt\u0103 de p\u0103stor a fost socotiti vrednic s\u0103 se apropie de Dumnezeu \u015fi s\u0103 \u00eempart\u0103 cuv\u00e2ntul dumnezeiesc celor ce se \u0163ineau departe de credin\u0163a noastr\u0103. Bl\u00e2nd, f\u0103r\u0103 m\u00e2nie, cu \u00eenf\u0103\u0163i\u015fare senin\u0103, cu suflet \u00eenfl\u0103c\u0103rat, bogat \u00een ceea ce apare privirii, dar mai bogat \u00een culori l\u0103untrice.\u201d<\/em> (J. P. Mygne, Patrologiae cursus completus, series greaca, vol. 35\/ Constantin I. Corni\u0163escu, Sf. Grigorie de Nazianz despre familia sa, \u00een St. teolog., nr. 5-6\/ 1964)<\/p>\n<p style=\"text-align: justify;\">\u00a0\u00a0 \u00cen Icoana mamei, t\u00e2n\u0103rul Ierarh pune \u015fi mai mult\u0103 str\u0103lucire chipului ei \u00eempodobit \u015fi \u00eenfrumuse\u0163at \u00een calit\u0103\u0163i, devenind cu adev\u0103rat un <em>\u201eimn adresat Creatorului\u201d, <\/em>ea \u00eens\u0103\u015fi fiind &lt;&lt;<em>\u00eencoronarea virtu\u0163iilor feminine&gt;&gt;.<\/em>(ibid.)<\/p>\n<p style=\"text-align: justify;\">\u00a0\u00a0 Nu mai pu\u0163in str\u0103lucitor este \u015fi chipul Icoanei sorei sale dragi:<\/p>\n<p style=\"text-align: justify;\"><em>\u201eGorgonia era o arc\u0103 plin\u0103 de h\u0103rnicie, de pudoare \u015fi de \u00een\u0163elepciune; era realizatoarea celor mai \u00eenalte virtualit\u0103\u0163i ale f\u0103pturii \u015fi destinului nostru, \u00eentrec\u00e2nd prin frumuse\u0163ea pu\u0163in comun\u0103 a sufletului s\u0103u majoritatea femeilor. Gorgonia era sinteza prin excelen\u0163\u0103 a celor mai frumoase calit\u0103\u0163i omene\u015fti&#8230; Ne\u00eentrecut\u0103 \u00een c\u00e2ntarea psalmilor, cu predispozi\u0163ii intelectuale deosebite ea \u015fi-a f\u0103cut din c\u0103s\u0103torie un monument de laud\u0103, prin felul frumos \u015fi gra\u0163ia \u00een care a tr\u0103it-o. Podoaba cea mai de pre\u0163 a ei era virtutea; virtutea sub toate formele \u015fi manifest\u0103rile ei, la gradul superlativ.\u201d<\/em> (ibid.)<\/p>\n<p style=\"text-align: justify;\">\u00a0\u00a0 Pentru a \u00eentregi imaginea sacr\u0103 a acestei familii model, cre\u015ftine \u015fi ilustre a\u015fez\u0103m \u015fi ultima Icoan\u0103, cea a lui Cezar: \u201e&#8230; <em>era t\u00e2n\u0103rul mistuit de a cunoa\u015fte \u015fi de a \u015fti totul, de a explora taine, de a dezlega enigme cu \u00eenclina\u0163ii realiste practice, studiind geometria, logica, gramatica, retorica \u015fi medicina, cu studii str\u0103lucite la Alexandria \u00een Egipt. \u00cen alegerea prietenilor se orienta dup\u0103 starea moral\u0103, m\u0103sura virtu\u0163ii.\u201d<\/em> (ibid.)<\/p>\n<p style=\"text-align: justify;\">\u00a0\u00a0 Fiind un temeinic cunosc\u0103tor al tradi\u0163iilor de lupt\u0103 ale Str\u0103mo\u015filor, \u015fi posed\u00e2nd \u015fi o concep\u0163ie proprie, o strategie privind rezolvarea problemei na\u0163ionale, Grigore Pepene a acumulat o bogat\u0103 experien\u0163\u0103 \u00een declan\u015farea rezisten\u0163ei cre\u015ftine, prin temerarele confrunt\u0103ri cu evenimentele aproape cotidiene.<\/p>\n<p style=\"text-align: justify;\">\u00a0\u00a0 <strong>Grigore Pepene:<\/strong> <em>\u201eEu r\u0103m\u00e2n anticomunist p\u00e2n\u0103 mor. Acum, dac\u0103 m\u0103 i-a din nou, tot asta spun, nu vreau s\u0103 fiu altfel.\u201d<\/em><\/p>\n<p style=\"text-align: justify;\">\u00a0\u00a0 Lupt\u0103torul cre\u015ftin <strong>Grigore Pepene<\/strong> \u00ee\u015fi are r\u0103d\u0103cinile din Andreia\u015ful de Jos al Vrancei. C\u00e2nd tat\u0103l s\u0103u, care f\u0103cuse \u015fi R\u0103scoala din 1907, \u00a0era pe front, , avertizase familia: <em>Doamne fere\u015fte s\u0103 vin\u0103 ru\u015fii peste noi!<\/em><\/p>\n<p style=\"text-align: justify;\"><em>\u00a0\u00a0 <\/em>Diferen\u0163a dintre nem\u0163i \u015fi ru\u015fi ca ocupan\u0163i este urm\u0103toarea: neam\u0163ul ia din toate c\u00e2te ceva, c\u00e2te un nimic&#8230; \u015fi pl\u0103te\u015fte totul. Rusul ia totul \u015fi nu pl\u0103te\u015fte nimic.<\/p>\n<p style=\"text-align: justify;\">\u00a0 <em>\u201eTata,<\/em> \u00ee\u015fi aminte\u015fte Seniorul Grigore,<em> era \u0163\u0103ran cu animale, cu livezi \u015fi un magazin s\u0103tesc. Noi am fost 12 copii. \u00cen \u201944, aveam 19-20 de ani. \u00cen ora\u015f, \u00een jude\u0163, nu erau dec\u00e2t 2 comuni\u015fti&#8230; La alegerile din \u201946, doar 3 voturi au fost pentru comuni\u015fti la sec\u0163ia din comuna noastr\u0103. Au zis: &lt;&lt;Nici femeile noastre nu ne-au votat! Nu are nimic, tot noi ie\u015fim!&gt;&gt; \u015ei a\u015fa a fost.<\/em> <em>?&gt;&gt;\u201d<\/em>(Supravie\u0163uitorii. M\u0103rturii din temni\u0163ele comuniste ale Rom\u00e2niei. Interviuri de Anca \u015etef&#8230;Ed. Humanitas, Bucure\u015fti, 2014, p. 117)<\/p>\n<p style=\"text-align: justify;\">\u00a0\u00a0 Remarc\u00e2ndu-se \u00een timpul stagiului militar, autorit\u0103\u0163ile l-au \u00eendemnat de mai multe ori s\u0103 urmeze \u015ecoala de Ofi\u0163eri de Securitate. Resping\u00e2nd propunerea repetat\u0103 p\u00e2n\u0103 la urm\u0103 a fost arestat: <em>\u201eEu am f\u0103cut zece ani, nu am r\u0103mas dator la ei cu nimic.\u201d<\/em> (ibid. p. 119)<\/p>\n<p style=\"text-align: justify;\">\u00a0\u00a0 Grigore \u00eempreun\u0103 cu un grup de colegi tineri condu\u015fi de Victor Lup\u015fa ( executat la Ia\u015fi) \u00een Grupul <em>Vlad \u0162epe\u015f II, <\/em>au \u00eencercat s\u0103 \u00eencropeasc\u0103 o revolt\u0103, s\u0103 ia atitudine fa\u0163\u0103 de jaful bol\u015fevic \u00een care se zv\u00e2rcolea \u0163ara: <em>\u201ePlanul era s\u0103 \u00eempiedic\u0103m s\u0103 se mai care \u00een Rusia c\u0103ru\u0163e cu cereale \u015fi lemne-p\u0103durile cele mai bune le-au t\u0103iat <\/em>(ca \u015fi ast\u0103zi, n.a.).<em> Din Mun\u0163ii Vrancei au t\u0103iat p\u0103duri de la \u015etefan cel Mare&#8230; Erau copaci care aveau \u015fi o mie de ani.\u201d<\/em> (ibid. p. 119)<\/p>\n<p style=\"text-align: justify;\">\u00a0\u00a0 C\u00e2nd a fost arestat \u015fi dus la Gala\u0163i, s-a trezit diminea\u0163a cu bulgarul Goiciu, comandantul, care a \u00eenceput s\u0103 \u00eentrebe: <em>\u201eTu ce-ai fost?\u201d \u201eAvocat.\u201d Ce avere ai, c\u00e2t p\u0103m\u00e2nt?\u201d \u201eDa, am at\u00e2tea hectare de p\u0103dure\u201d-cel care r\u0103spundea era fecior de pop\u0103, f\u0103cuse studiile la Berlin, cu doctorat tot la Berlin, era b\u0103tr\u00e2n, avea aproape 80 de ani. \u201eD\u0103-i, omoar\u0103 la el!\u201d<\/em><\/p>\n<p style=\"text-align: justify;\"><em>\u00a0\u00a0 Procesul n-a durat nici dou\u0103 ore, sentin\u0163ele erau deja scrise.<\/em>\u201d (ibid. p.123)<\/p>\n<p style=\"text-align: justify;\">\u00a0\u00a0 Respectul, recuno\u015ftiin\u0163a, credin\u0163a \u015fi dragostea pentru Dumnezeu \u015fi Patrie au conturat \u00een p\u0103rintele Grigore B\u0103bu\u015f, n\u0103zuin\u0163e, ac\u0163iuni, atitudini, fr\u0103m\u00e2nt\u0103ri, responsabilit\u0103\u0163i, asum\u0103ri, suferin\u0163e, \u00eempliniri.<\/p>\n<p style=\"text-align: justify;\">\u00a0\u00a0 <strong>Grigore B\u0103bu\u015f-Arhimandrit. <\/strong>P\u0103tintele <strong>Grigore <\/strong>s-a n\u0103scut \u00een localitatea Tei\u015fani, jude\u0163ul Prahova la 3 Iunie 1915. Dup\u0103 o copil\u0103rie \u00eensorit\u0103, intr\u0103 de fraged, ca fr\u0103\u0163ior la M\u0103n\u0103stirea Cheia-Prahova, la 13 ani, unde stare\u0163 era Grigore Georgescu, unchiul s\u0103u. La 18 ani este admis la Seminarul Teologic al M\u0103n\u0103stirii Cernica, av\u00e2nd colegi \u00eentre al\u0163ii pe viitorul mare duhovnic P\u0103rintele Sofian Boghiu \u015fi pe viitorul patriarh Teoctist Ar\u0103pa\u015fu. Urmeaz\u0103 apoi cu r\u00e2vn\u0103 Teologia \u015fi Doctoratul. Urc\u0103 pe r\u00e2nd: c\u00e2nt\u0103re\u0163 \u015fi ierodiacon patriarhal, ieromonah \u015fi stare\u0163 al M\u0103n\u0103stirii Cheia, de unde Patriarhul Justinian Marina l-a adus \u00een Bucure\u015fti ca duhovnic al studen\u0163ilor de la Teologie \u015fi cu misiunea de a organiza Biblioteca Sinodului din cadrul M\u0103n\u0103stirii Antim, urc\u00e2nd p\u00e2n\u0103 la treapta de Arhimandrit de ziua sf\u00e2nt\u0103 a Bunei Vestiri a anului 1956. Dup\u0103 3 ani de p\u0103storire este arestat la 13 Martie 1959, \u015fi \u00eenchis la Jilava \u015fi Aiud, al\u0103tur\u00e2ndu-se P\u0103rintelui Dumitru St\u0103niloae, profesorului teolog Teodor M. Popescu, poetului Radu Gyr \u015fi altor titani ai spiritului. \u00a0Odiseea crucii p\u0103rintelui Grigore a \u00eenceput odat\u0103 cu venirea prim\u0103verii: <em>\u201eEra crucea mea, <\/em>m\u0103rturise\u015fte, <em>f\u0103cut\u0103 de mine, din aur, rubine \u015fi safire r\u0103mase de la unchiul meu, stare\u0163ul M\u0103n\u0103stirii Cheia. Mi-au smuls-o de la piept \u00een momentul arest\u0103rii.\u201d <\/em>(Sfin\u0163ii \u00cenchisorilor, \u00een Lumea Credin\u0163ei, Bucure\u015fti,2014, p. 102)<\/p>\n<p style=\"text-align: justify;\">\u00a0\u00a0 Odat\u0103 cu amnistia general\u0103 p\u0103rintele <strong>Grigore <\/strong>revine la M\u0103n\u0103stirea Antim, slujind Bibliotecii, scrisului \u015fi Bisericii, peste 50 de ani ne\u00eentrerup\u0163i. \u00cenainte de Cr\u0103ciunul anului 1997, p\u0103rintele Grigore \u015fi-a recuperat dup\u0103 38 de ani Crucea de la Banca\u00a0 Na\u0163ional\u0103.<\/p>\n<p style=\"text-align: justify;\">\u00a0\u00a0 Pe vremea c\u00e2nd eram student teolog la Bucure\u015fti, l-am cunoscut pe p\u0103rintele Grigore \u00een postura de bibliotecar. Era \u015fi duhovnicul P\u0103rintelui Patriarh Teoctist cu care eram \u00een rela\u0163ii amiabile. C\u0103tre anul 2000 pe c\u00e2nd eram profesor-teolog la Colegiul Na\u0163ional <em>Matei Basarab<\/em>, am pus bazele Cenaclului spiritual <em>Valahia Mare.<\/em> Obiectivul Cenaclului era descoperirea frumuse\u0163ii Neamului \u00een Icoana sublim\u0103 a marilor poe\u0163i na\u0163ionali\u015fti-cre\u015ftini \u015fi \u00eendrumarea tinerilor spre acest ideal. Criteriile de selec\u0163ie erau: <em>cei mai frumo\u015fi tineri, portul na\u0163ional din toate zonele Patriei <\/em>\u015fi<em> cele mai alese poezii <\/em>din Heraldica Verde a Luceferilor no\u015ftri. La un moment dat atinsesem cifra de 444 de membri ai Cenaclului. \u00cen cadrul programului de s\u0103rb\u0103toare, colaboram cu forma\u0163ia de dansuri \u015fi muzic\u0103 popular\u0103 a Studen\u0163ilor sau cu nume de referin\u0163\u0103 ale muzicii populare. Toate spectacolele au avut ca generic: <strong><em>Nunta Neamului<\/em><\/strong><em>. <\/em><\/p>\n<p style=\"text-align: justify;\"><em>\u00a0\u00a0 <\/em>Primul, a fost<em> <\/em>pe scena Casei de Cultur\u0103 a Armatei. Au urmat alte spectacole sub aceea\u015fi <em>Cinstire<\/em>, \u00eenchinate Na\u015fterii Domnului, \u00cenvierii Domnului, Bunei Vestiri, Dragobetelui, M\u0103r\u0163i\u015forului, etc., \u00een aulele: Muzeului Na\u0163ional de Istorie, Patriarhiei Rom\u00e2ne, Muzeului \u0162\u0103ranului Rom\u00e2n, Casei Studen\u0163ilor. Pentru Patriarhia Ortodox\u0103 Rom\u00e2n\u0103 \u00eemi trebuia binecuv\u00e2ntarea Patriarhului Teoctist. Am f\u0103cut programul \u00eentr-o bro\u015fur\u0103-pliant \u015fi m-am dus cu el la p\u0103rintele Grigore B\u0103bu\u015f la Bibliotec\u0103. L-a consultat, l-a admirat \u015fi cum programul era tot pe un fond verde majestos, m-a \u00eentrebat:<\/p>\n<p style=\"text-align: justify;\">\u00a0\u00a0 &#8211;<em>Nu \u0163i-e fric\u0103?<\/em><\/p>\n<p style=\"text-align: justify;\"><em>\u00a0\u00a0 -Nu! <\/em>am r\u0103spuns.<\/p>\n<p style=\"text-align: justify;\">\u00a0\u00a0 La spectacolul acela care era tot numai <em>Nunta Neamului<\/em> am colaborat cu fanfara militar\u0103 mixt\u0103 a armatei \u015fi a poli\u0163iei. Programul secundar fusese anun\u0163at, mediatizat. Aula Patriarhiei arhiplin\u0103: fo\u015fti de\u0163inu\u0163i politici, Ofi\u0163eri superiori, generali, colonei, profesori, prieteni, studen\u0163i, elevi, distinse doamne&#8230;<\/p>\n<p style=\"text-align: justify;\">\u00a0\u00a0 \u00cen prezidiu, \u00een fa\u0163a mass-mediei se afla \u015fi un butuc\u0103nos de c\u00e2rlion\u0163at, ciupit de pistrui, care nu-\u015fi scoate p\u0103l\u0103ria nici c\u00e2nd doarme&#8230;<\/p>\n<p style=\"text-align: justify;\">\u00a0\u00a0 Doi tineri frumo\u015fi, b\u0103iat \u015fi fat\u0103 ca ni\u015fte miri \u00een portul popular i-a \u00eent\u00e2mpinat pe to\u0163i paricipan\u0163ii cu tradi\u0163ionala p\u00e2ine, mare de cuptor ca pe vremuri, pe un \u015ftergar deosebit \u015fi cu sare. Pistruiatului i-a r\u0103mas cocolo\u015ful \u00een g\u00e2t c\u00e2nd a v\u0103zut spectacolul&#8230;<\/p>\n<p style=\"text-align: justify;\">\u00a0\u00a0 P\u0103rintele Grigore a fost fascinat&#8230;<\/p>\n<p style=\"text-align: justify;\">\u00a0\u00a0 Eu eram undeva pe sus, pluteam&#8230;<\/p>\n<p style=\"text-align: justify;\">\u00a0\u00a0 <strong>Grigore-Andrei Zamfiroiu <\/strong>(1913-1997). Viitorul monah Andrei s-a n\u0103scut la poalele Gorjului, \u00een comuna Bumbe\u015fti-Pi\u0163ic, \u00eenf\u0103\u015fat \u00een marea dragoste \u015fi bucurie a p\u0103rin\u0163ilor, la 24 Septembrie. De mic copil dovede\u015fte interesul pentru cunoa\u015ftere, st\u00e2rnind admira\u0163ia celor din jur. \u015ei-a luat licen\u0163a \u00een Litere \u015fi Filosofie la Bucure\u015fti. \u00cen 1941, a fost mobilizat pe front, particip\u00e2nd cu zel la eliberarea Basarabiei, ajung\u00e2nd p\u00e2n\u0103 la Don. Aici, dup\u0103 tr\u0103darea ofi\u0163erilor care urmau s\u0103 alc\u0103tuiasc\u0103 <em>Diviziile ro\u015fii,<\/em> t\u00e2n\u0103rul ofi\u0163er Grigore este luat prizonier \u00een \u201942. Supravie\u0163uie\u015fte \u201e<em>mar\u015fului mor\u0163ii\u201d <\/em>spre lag\u0103rul de la Elabuga. Vine \u00een \u0163ar\u0103 \u00een \u201948, iar dup\u0103 2 ani este arestat \u015fi trimis la penitenciarul Peninsula. \u00cen 1955 este eliberat, dar dup\u0103 4 ani, \u00een lot cu Radu Gyr, av. Puiu Atanasiu, pr. Ion Ageu, av. Victor Clonaru, Dr. Aurel Marin, fratele martirului de la Majadahonda \u015f.a., sunt aresta\u0163i pentru Jilava \u015fi condamna\u0163i la moarte. Dup\u0103 o lung\u0103 a\u015fteptare \u00een <em>camera mor\u0163ii<\/em> li se comut\u0103 pedeapsa. Odat\u0103 cu Grigore au fost aresta\u0163i doi dintre copii s\u0103i, unul de 14 \u015fi so\u0163ia. Dup\u0103 eliberare ajunge cioplitor \u00een piatr\u0103. Dup\u0103 <em>Evenimentele din \u201989, <\/em>r\u0103m\u00e2n\u00e2nd v\u0103duv, iar copiii fiind la studii \u00een str\u0103in\u0103tate s-a c\u0103lug\u0103rit sub numele de Andrei, \u00eentrup\u00e2ndu-se astfel permanen\u0163ei vie\u0163i spiritual-religioase. Suferin\u0163a \u00een prizonerat, \u00een \u00eenchisori, \u00een prigoniri, nu l-a \u00eengenunchiat. Dimpotriv\u0103 sub harul iubirii, Dumnezeu i-a dat <em>talantul <\/em>poeziei, scriind multe versuri remarcabile despre \u00eenchisori, astfel c\u0103 faima lui ajunge p\u00e2n\u0103 la Sorbona, fiind ales membru de onoare al acestei prodigioase Academii.<\/p>\n<p style=\"text-align: justify;\">\u00a0\u00a0 Apropo de Fran\u0163a&#8230;, poveste\u015fte nepotul lui Maniu, ex-de\u0163inutul politic Matei Boil\u0103: <em>\u201eLa Revolu\u0163ia francez\u0103 era o b\u0103tr\u00e2n\u0103 care se ruga \u00een fa\u0163a unei icoane. A fost v\u0103zut\u0103 \u015fi dus\u0103 la proces. Ea nu \u00ee\u015fi d\u0103dea seama. &lt;&lt;De ce m\u0103 duce\u0163i?&gt;&gt; &lt;&lt;Pentru c\u0103 te-ai rugat.&gt;&gt; \u015ei s-a dus,\u00a0 au f\u0103cut proces \u015fi au condamnat-o la ghilotin\u0103. Ea s-a \u00eentors spre ei \u015fi a zis: &lt;&lt;Tremblez, tyrans! Puisque vous etes immortels!&gt;&gt;\u201d<\/em> (Supravie\u0163uitorii-M\u0103rturii din temni\u0163ele comuniste din Rom\u00e2nia. interviuri cu Anca \u015etef. Ed. Humanitas, Bucure\u015fti, p. 205)<em> <\/em><\/p>\n<p style=\"text-align: justify;\">\u00a0\u00a0 Pe 10 Ianuarie 1997, prime\u015fte cununa cereasc\u0103 de la \u00censu\u015fi M\u00e2ntuitorul nostru Iisus Hristos. \u00a0( Fabian Seiche, Martiri \u015fi m\u0103rturisitori rom\u00e2ni din secolul XX-\u00cenchisorile comuniste din Rom\u00e2nia. Ed. Agaton, F\u0103g\u0103ra\u015f, 2010, p. 516)<\/p>\n<p style=\"text-align: justify;\">\u00a0\u00a0 <strong><em>Slav\u0103 \u00eentru cei de sus, lui Dumnezeu \u015fi<\/em><\/strong><\/p>\n<p style=\"text-align: justify;\"><strong><em>\u00a0\u00a0 pe p\u0103m\u00e2nt pace, \u00eentre oameni bun\u0103voire<\/em><\/strong>!<\/p>\n<p style=\"text-align: justify;\">\u00a0\u00a0\u00a0\u00a0\u00a0\u00a0\u00a0\u00a0\u00a0\u00a0\u00a0\u00a0\u00a0\u00a0\u00a0\u00a0\u00a0\u00a0\u00a0\u00a0\u00a0\u00a0\u00a0\u00a0\u00a0\u00a0\u00a0\u00a0\u00a0\u00a0\u00a0\u00a0 <strong>Gheorghe Constantin Nistoroiu<\/strong><\/p>\n","protected":false},"excerpt":{"rendered":"<p>\u00a0\u00a0 \u201ePreo\u0163ia trebuie s\u0103 fie o slujire cereasc\u0103 \u015fi nu p\u0103m\u00e2nteasc\u0103\u201d \u00a0\u00a0\u00a0\u00a0\u00a0\u00a0\u00a0\u00a0\u00a0\u00a0\u00a0\u00a0\u00a0\u00a0\u00a0\u00a0\u00a0\u00a0\u00a0\u00a0\u00a0\u00a0 (Sf. Ierarh Grigorie-Seniorul) \u00a0 \u00a0 \u00a0\u00a0 Preocup\u0103rile \u015fi [&#038;hellip<\/p>\n","protected":false},"author":1,"featured_media":0,"comment_status":"closed","ping_status":"closed","sticky":false,"template":"","format":"standard","meta":{"footnotes":""},"categories":[3],"tags":[],"class_list":["post-20606","post","type-post","status-publish","format-standard","hentry","category-articole"],"_links":{"self":[{"href":"https:\/\/www.marianagurza.ro\/blog\/wp-json\/wp\/v2\/posts\/20606","targetHints":{"allow":["GET"]}}],"collection":[{"href":"https:\/\/www.marianagurza.ro\/blog\/wp-json\/wp\/v2\/posts"}],"about":[{"href":"https:\/\/www.marianagurza.ro\/blog\/wp-json\/wp\/v2\/types\/post"}],"author":[{"embeddable":true,"href":"https:\/\/www.marianagurza.ro\/blog\/wp-json\/wp\/v2\/users\/1"}],"replies":[{"embeddable":true,"href":"https:\/\/www.marianagurza.ro\/blog\/wp-json\/wp\/v2\/comments?post=20606"}],"version-history":[{"count":3,"href":"https:\/\/www.marianagurza.ro\/blog\/wp-json\/wp\/v2\/posts\/20606\/revisions"}],"predecessor-version":[{"id":20609,"href":"https:\/\/www.marianagurza.ro\/blog\/wp-json\/wp\/v2\/posts\/20606\/revisions\/20609"}],"wp:attachment":[{"href":"https:\/\/www.marianagurza.ro\/blog\/wp-json\/wp\/v2\/media?parent=20606"}],"wp:term":[{"taxonomy":"category","embeddable":true,"href":"https:\/\/www.marianagurza.ro\/blog\/wp-json\/wp\/v2\/categories?post=20606"},{"taxonomy":"post_tag","embeddable":true,"href":"https:\/\/www.marianagurza.ro\/blog\/wp-json\/wp\/v2\/tags?post=20606"}],"curies":[{"name":"wp","href":"https:\/\/api.w.org\/{rel}","templated":true}]}}