{"id":20646,"date":"2015-01-27T23:27:41","date_gmt":"2015-01-27T23:27:41","guid":{"rendered":"http:\/\/www.marianagurza.ro\/blog\/?p=20646"},"modified":"2015-01-27T23:30:12","modified_gmt":"2015-01-27T23:30:12","slug":"camelia-cristea-poeme","status":"publish","type":"post","link":"https:\/\/www.marianagurza.ro\/blog\/2015\/01\/27\/camelia-cristea-poeme\/","title":{"rendered":"Camelia Cristea: poeme"},"content":{"rendered":"<p style=\"text-align: center;\"><a href=\"http:\/\/www.marianagurza.ro\/blog\/wp-content\/uploads\/2015\/01\/Camelia-Cristea.jpeg\"><img loading=\"lazy\" decoding=\"async\" class=\"size-full wp-image-20647\" title=\"Camelia Cristea\" src=\"http:\/\/www.marianagurza.ro\/blog\/wp-content\/uploads\/2015\/01\/Camelia-Cristea.jpeg\" alt=\"\" width=\"184\" height=\"184\" srcset=\"https:\/\/www.marianagurza.ro\/blog\/wp-content\/uploads\/2015\/01\/Camelia-Cristea.jpeg 184w, https:\/\/www.marianagurza.ro\/blog\/wp-content\/uploads\/2015\/01\/Camelia-Cristea-150x150.jpg 150w\" sizes=\"auto, (max-width: 184px) 100vw, 184px\" \/><\/a><\/p>\n<p><strong>Alinare<\/strong><\/p>\n<p>&nbsp;<\/p>\n<p>C\u00e2nd sun\u0103 din bucium t\u00e2rziul<\/p>\n<p>\u015ei dealul e &#8211; ascuns \u00een ninsoare,<\/p>\n<p>Pe buze de nori se preumbl\u0103<\/p>\n<p>Cerneala ca-n r\u00e2nd pe scrisoare.<\/p>\n<p>&nbsp;<\/p>\n<p>\u015ei-n neguri de fum se \u00eembrac\u0103<\/p>\n<p>Castelul cu trepte de cear\u0103,<\/p>\n<p>Domni\u0163a se roag\u0103 s\u0103 treac\u0103<\/p>\n<p>Un \u00eenger s-o scape de fiar\u0103.<\/p>\n<p>&nbsp;<\/p>\n<p>\u00cen lan\u0163uri se zbat v\u00e2rcolacii<\/p>\n<p>C\u00e2nd clopotul c\u00e2nt\u0103 o rug\u0103<\/p>\n<p>\u015ei toaca trosne\u0219te to\u0163i dracii,<\/p>\n<p>Cu fl\u0103c\u0103ri \u00eei pune pe fug\u0103.<\/p>\n<p>&nbsp;<\/p>\n<p>Din ceruri arhangheli t\u0103m\u00e2ie<\/p>\n<p>Cu smirn\u0103 \u015fi nard din c\u0103\u0163uie,<\/p>\n<p>Blestemul se pune pe fug\u0103<\/p>\n<p>Doar bra\u0163ul de par s\u0103-l ajung\u0103!<\/p>\n<p>&nbsp;<\/p>\n<p>T\u0103ciunii aprind iar\u0103\u015fi vatra<\/p>\n<p>C\u00e2nd gerul se crap\u0103 de ziu\u0103<\/p>\n<p>Pe fir de fuioare lumina<\/p>\n<p>Alung\u0103 din lume neghina.<\/p>\n<p>&nbsp;<\/p>\n<p>&nbsp;<\/p>\n<p><strong>\u00cembr\u0103\u021bi\u0219\u0103ri<\/strong><\/p>\n<p>&nbsp;<\/p>\n<p>File \u00eeg\u0103lbenite rup din calendar<\/p>\n<p>Peste ger \u0219i iasc\u0103 picur\u0103 amnar,<\/p>\n<p>Troienite nop\u021bi inton\u00e2nd furtun\u0103<\/p>\n<p>Fur o crizantem\u0103 pentru vreme bun\u0103.<\/p>\n<p>&nbsp;<\/p>\n<p>\u0218i aprind gutuia ca un lampadar<\/p>\n<p>Fluturii od\u0103ii nici nu au habar,<\/p>\n<p>\u00ce\u021bi ascult colindul cu o floare dalb\u0103<\/p>\n<p>\u00censpre diminea\u021b\u0103 am s-o pun \u00een salb\u0103.<\/p>\n<p>&nbsp;<\/p>\n<p>M\u0103 prind de iluzii ca de un c\u00e2rd de miei<\/p>\n<p>Nu \u00eemi lua nadejdea, dorul s\u0103 mi-l ei,<\/p>\n<p>M\u0103 lovesc de piatr\u0103 \u0219i \u00eencep s\u0103 s\u00e2nger<\/p>\n<p>Pl\u00e2nge ochiul min\u021bii parc\u0103-ar fi un \u00eenger.<\/p>\n<p>&nbsp;<\/p>\n<p>C\u00e2nd un viscol mu\u0219c\u0103 rama de la geam<\/p>\n<p>\u00cente\u021besc \u0219i focul cu tot ce mai am.<\/p>\n<p>Merele \u00eenro\u0219ite de lungi a\u0219tept\u0103ri<\/p>\n<p>\u00cemi rescriu povestea cu \u00eembr\u0103\u021bi\u0219\u0103ri.<\/p>\n<p>&nbsp;<\/p>\n<p>&nbsp;<\/p>\n<p><strong>Trec\u0103tor<\/strong><\/p>\n<p>&nbsp;<\/p>\n<p>Trec\u0103tor prin vama vie\u0163ii<\/p>\n<p>M\u0103 \u00eemb\u0103t ca to\u0163i poe\u0163ii<\/p>\n<p>Pun doar miere \u00een cuvinte<\/p>\n<p>\u015ei o lacrim\u0103 fierbinte.<\/p>\n<p>&nbsp;<\/p>\n<p>Trec prin ziduri uneori<\/p>\n<p>\u015ei din pietre culeg flori,<\/p>\n<p>Pa\u015fii mei de pe h\u00e2rtie<\/p>\n<p>Vreau s-aduc\u0103 bucurie.<\/p>\n<p>&nbsp;<\/p>\n<p>C\u00e2nd povara-mi este grea<\/p>\n<p>Pun genunchii ca s\u0103 stea<\/p>\n<p>\u00cen pridvorul\u00a0 rug\u0103ciunii<\/p>\n<p>Cum m-au \u00eenv\u0103\u0163at str\u0103bunii.<\/p>\n<p>&nbsp;<\/p>\n<p>Tai din noduri gordiene<\/p>\n<p>\u015ei alerg doar prin poiene<\/p>\n<p>Iar prin ochiul dimine\u0163ii<\/p>\n<p>V\u0103d doar frumuse\u021bea vie\u0163ii.<\/p>\n<p>&nbsp;<\/p>\n<p>Dintr-o scoar\u0163\u0103 de copac<\/p>\n<p>Simt cum ramurile tac,<\/p>\n<p>Iar din muguri de lumin\u0103<\/p>\n<p>Cum se na\u015fte-o r\u0103d\u0103cin\u0103.<\/p>\n<p>&nbsp;<\/p>\n<p>Pe arip\u0103 de cocor<\/p>\n<p>G\u00e2ndul meu e c\u0103l\u0103tor.<\/p>\n<p>Zbor prin clipe efemere<\/p>\n<p>S\u0103 dau ceasului putere.<\/p>\n<p>&nbsp;<\/p>\n<p>Pl\u00e2ng \u00een doine \u015fi balade<\/p>\n<p>C\u00e2nd tar\u00e2na parc\u0103 arde,<\/p>\n<p>M\u0103 preling \u00eentr-un izvor<\/p>\n<p>Ca s\u0103 scap de al meu dor.<\/p>\n<p>&nbsp;<\/p>\n<p>Aud clopotul t\u0103cerii<\/p>\n<p>Prevestind ziua \u00cenvierii<\/p>\n<p>M\u0103 botez \u00een duh \u015fi ap\u0103<\/p>\n<p>Doar lumina ne mai scap\u0103.<\/p>\n<p>&nbsp;<\/p>\n<p>V\u0103d o flac\u0103r\u0103 pl\u0103p\u00e2nd\u0103,<\/p>\n<p>Clipa asta-i muribund\u0103<\/p>\n<p>M\u0103 \u00eenclin c\u0103 to\u0163i poe\u0163ii<\/p>\n<p>C\u00e2nd din cer ne vin profe\u0163ii.<\/p>\n<p>&nbsp;<\/p>\n<p style=\"text-align: center;\"><strong>Camelia Cristea<\/strong><\/p>\n<p>&nbsp;<\/p>\n<p>&nbsp;<\/p>\n<p>&nbsp;<\/p>\n<p>&nbsp;<\/p>\n","protected":false},"excerpt":{"rendered":"<p>Alinare &nbsp; C\u00e2nd sun\u0103 din bucium t\u00e2rziul \u015ei dealul e &#8211; ascuns \u00een ninsoare, Pe buze de nori se preumbl\u0103 [&#038;hellip<\/p>\n","protected":false},"author":1,"featured_media":0,"comment_status":"closed","ping_status":"closed","sticky":false,"template":"","format":"standard","meta":{"footnotes":""},"categories":[3],"tags":[],"class_list":["post-20646","post","type-post","status-publish","format-standard","hentry","category-articole"],"_links":{"self":[{"href":"https:\/\/www.marianagurza.ro\/blog\/wp-json\/wp\/v2\/posts\/20646","targetHints":{"allow":["GET"]}}],"collection":[{"href":"https:\/\/www.marianagurza.ro\/blog\/wp-json\/wp\/v2\/posts"}],"about":[{"href":"https:\/\/www.marianagurza.ro\/blog\/wp-json\/wp\/v2\/types\/post"}],"author":[{"embeddable":true,"href":"https:\/\/www.marianagurza.ro\/blog\/wp-json\/wp\/v2\/users\/1"}],"replies":[{"embeddable":true,"href":"https:\/\/www.marianagurza.ro\/blog\/wp-json\/wp\/v2\/comments?post=20646"}],"version-history":[{"count":3,"href":"https:\/\/www.marianagurza.ro\/blog\/wp-json\/wp\/v2\/posts\/20646\/revisions"}],"predecessor-version":[{"id":20649,"href":"https:\/\/www.marianagurza.ro\/blog\/wp-json\/wp\/v2\/posts\/20646\/revisions\/20649"}],"wp:attachment":[{"href":"https:\/\/www.marianagurza.ro\/blog\/wp-json\/wp\/v2\/media?parent=20646"}],"wp:term":[{"taxonomy":"category","embeddable":true,"href":"https:\/\/www.marianagurza.ro\/blog\/wp-json\/wp\/v2\/categories?post=20646"},{"taxonomy":"post_tag","embeddable":true,"href":"https:\/\/www.marianagurza.ro\/blog\/wp-json\/wp\/v2\/tags?post=20646"}],"curies":[{"name":"wp","href":"https:\/\/api.w.org\/{rel}","templated":true}]}}