{"id":20673,"date":"2015-01-29T10:05:49","date_gmt":"2015-01-29T10:05:49","guid":{"rendered":"http:\/\/www.marianagurza.ro\/blog\/?p=20673"},"modified":"2015-01-29T10:05:49","modified_gmt":"2015-01-29T10:05:49","slug":"olguta-luncasu-trifan-poesis","status":"publish","type":"post","link":"https:\/\/www.marianagurza.ro\/blog\/2015\/01\/29\/olguta-luncasu-trifan-poesis\/","title":{"rendered":"Olgu\u0163a Lunca\u015fu Trifan: poesis"},"content":{"rendered":"<p style=\"text-align: center;\"><a href=\"http:\/\/www.marianagurza.ro\/blog\/wp-content\/uploads\/2015\/01\/olguta_trifan_14177981141.jpg\"><img loading=\"lazy\" decoding=\"async\" class=\"size-full wp-image-20674\" title=\"olguta_trifan_1417798114\" src=\"http:\/\/www.marianagurza.ro\/blog\/wp-content\/uploads\/2015\/01\/olguta_trifan_14177981141.jpg\" alt=\"\" width=\"300\" height=\"300\" srcset=\"https:\/\/www.marianagurza.ro\/blog\/wp-content\/uploads\/2015\/01\/olguta_trifan_14177981141.jpg 300w, https:\/\/www.marianagurza.ro\/blog\/wp-content\/uploads\/2015\/01\/olguta_trifan_14177981141-150x150.jpg 150w\" sizes=\"auto, (max-width: 300px) 100vw, 300px\" \/><\/a><\/p>\n<p style=\"text-align: center;\">\n<p><strong>\u00cenvrednice\u015fte-m\u0103, Doamne\u00a0!<\/strong><\/p>\n<p>&nbsp;<\/p>\n<p>\u00cenvrednice\u015fte-m\u0103 Doamne,<\/p>\n<p>c\u00e2nd sufletul eu mi-l privesc,<\/p>\n<p>s\u0103 te aflu pe tine, s\u0103 stiu,<\/p>\n<p>nu c\u00e2t, ci doar cum s\u0103 tr\u0103iesc!<\/p>\n<p>&nbsp;<\/p>\n<p>\u00cenvrednice\u015fte-m\u0103 Doamne,<\/p>\n<p>c\u00e2nd pierdu\u0163ii de tine-nt\u00e2lnesc,<\/p>\n<p>s\u0103-ti caut, s\u0103-\u0163i aflu iubirea,<\/p>\n<p>mireasm\u0103 de suflet, s\u0103-i lini\u015ftesc!<\/p>\n<p>&nbsp;<\/p>\n<p>\u00cenvrednice\u015fte-m\u0103 Doamne,<\/p>\n<p>\u00een vreme de mari \u00eencerc\u0103ri,<\/p>\n<p>s\u0103 rezist, s\u0103 fac fa\u0163\u0103, s\u0103 pot<\/p>\n<p>\u00een suflete triste s\u0103 aduc alin\u0103ri!<\/p>\n<p>&nbsp;<\/p>\n<p>\u00cenvrednice\u015fte-m\u0103 Doamne,<\/p>\n<p>\u00een privirea pierdut\u0103 a unui copil<\/p>\n<p>s\u0103 citesc, s\u0103 aflu solu\u0163ii, s\u0103-l ating,<\/p>\n<p>z\u00e2mbetu-i dulce nu mai fie umil.<\/p>\n<p>&nbsp;<\/p>\n<p><strong>\u00a0<\/strong><\/p>\n<p><strong>Resemnare<\/strong><\/p>\n<p><strong>\u00a0<\/strong><\/p>\n<p>Un flaut trist \u00eemi c\u00e2nt\u0103, de plecare&#8230;<\/p>\n<p>pl\u00e2nsul lui, acum, dezleag\u0103 un mister:<\/p>\n<p>sorbit-am timpul, lacom, cu-nsetare.<\/p>\n<p>Ce-a\u015f mai putea s\u0103 fac\u00a0? M\u0103 rog \u015fi sper\u2026<\/p>\n<p>&nbsp;<\/p>\n<p>Nu mai e timp de glume f\u0103r\u0103 noim\u0103.<\/p>\n<p>Via\u0163a e scris\u0103, pe foaie de destin,<\/p>\n<p>cu versuri scurte, albe, \u00a0f\u0103r\u2019de rim\u0103.<\/p>\n<p>\u00cengenunchez\u00a0\u00a0\u00een fa\u0163a Ta,\u00a0\u00a0m\u0103-nchin\u2026<\/p>\n<p>&nbsp;<\/p>\n<p>Am ostenit. O clip\u0103 penduleaz\u0103<\/p>\n<p>r\u0103scruce \u00eentre: &#8220;a fi sau a nu fi&#8221;.<\/p>\n<p>Flautul, trist, rece acord vibreaz\u0103.<\/p>\n<p>Eu, lut, pe-al T\u0103u altar m\u0103 voi jertfi.<\/p>\n<p>&nbsp;<\/p>\n<p>V\u0103 las acum, s\u0103 \u00eengrijesc de mine.<\/p>\n<p>A\u015ftept cuminte. Fac\u0103-se voia Lui!<\/p>\n<p>Ziua \u00een care numai noaptea vine,<\/p>\n<p>m\u0103-nchin \u015fi spun adio flautului.<\/p>\n<p>&nbsp;<\/p>\n<p>&nbsp;<\/p>\n<p><strong>Cu dor de tine<\/strong><strong><\/strong><\/p>\n<p>&nbsp;<\/p>\n<p>C\u00e2t de fragil\u0103, ast\u0103zi, mi te ar\u0103\u0163i uimirii<\/p>\n<p>cer\u015find apoteotic din lacrimi ametist&#8230;!<\/p>\n<p>\u00ce\u0163i cercetez privirea, enigmele tr\u0103irii<\/p>\n<p>\u015fi-n profunzimea-i dulce m\u0103 v\u0103d: doar eu exist&#8230;<\/p>\n<p>&nbsp;<\/p>\n<p>Te vreau, iubito, \u00een frunza ruginie-a toamnei,<\/p>\n<p>te vreau \u015fi-n fulgii iernii &#8211; petale de argint,<\/p>\n<p>te vreau, c\u00e2nd prim\u0103vara \u00ee\u015fi pune haina doamnei,<\/p>\n<p>te vreau, iubito, vara, mereu dulce alint!<\/p>\n<p>&nbsp;<\/p>\n<p>Iube\u015fte-m\u0103! Arunc\u0103-mi-te-n bra\u0163e! Fii toat\u0103,<\/p>\n<p>ast\u0103zi, ca un templu, o raz\u0103 de lumin\u0103!<\/p>\n<p>Reinventeaz\u0103-mi timpul \u015fi via\u0163a \u00eenc-odat\u0103,<\/p>\n<p>eu, iris z\u00e2mbitor, la tine pe retin\u0103!<\/p>\n<p>&nbsp;<\/p>\n<p>Te vreau, iubito, s\u0103-mi r\u0103sari \u00een suflet, o floare,<\/p>\n<p>s\u0103-\u0163i simt mirosul, s\u0103 m\u0103 \u00eemb\u0103t cu el \u015fi iar,<\/p>\n<p>vindec\u0103toare-n vene, c\u00eend sufletul m\u0103 doare,<\/p>\n<p>s\u0103 te prelingi, iubito, \u00een dulce \u015fi amar!<\/p>\n<p>&nbsp;<\/p>\n<p><strong>\u00a0<\/strong><\/p>\n<p><strong>\u00a0<\/strong><strong>Spune-mi!<\/strong><\/p>\n<p>&nbsp;<\/p>\n<p>De ce te-oi fi iubind, atunci,<\/p>\n<p>c\u00e2nd r\u0103s\u0103ritu-mi chemi \u00een noapte,<\/p>\n<p>c\u0103nd rou\u0103 din iubire-aduci<\/p>\n<p>\u00een ochii-\u0163i ce-nfloresc \u00een \u015foapte?<\/p>\n<p>&nbsp;<\/p>\n<p>Zburd\u00e2nd prin tainele tr\u0103irii,<\/p>\n<p>de ce te-oi fi iubind, atunci,<\/p>\n<p>c\u00e2nd simt amprentele iubirii<\/p>\n<p>puls\u00e2nd prin iarba verde-n lunci?<\/p>\n<p>&nbsp;<\/p>\n<p>M\u0103-nec \u00een ochii t\u0103i ad\u00e2nci<\/p>\n<p>cer\u00e2nd r\u0103spuns privirii tale&#8230;<\/p>\n<p>De ce te-oi fi iubind, atunci,<\/p>\n<p>cresc\u00e2nd femeie din petale?<\/p>\n<p>&nbsp;<\/p>\n<p>C\u00e2nd doru-n piept nu-mi mai \u00eencape,<\/p>\n<p>voi smulge v\u00e2ntului porunci<\/p>\n<p>s\u0103 mi te m\u00e2ng\u00e2ie pe pleoape&#8230;<\/p>\n<p>De ce te-oi fi iubind atunci?!<\/p>\n<p><strong>\u00a0<\/strong><\/p>\n<p><strong>\u00a0<\/strong><\/p>\n<p><strong>Fluturi nin<\/strong><strong>\u0219<\/strong><strong>i<\/strong><\/p>\n<p><strong>\u00a0<\/strong><\/p>\n<p>Priveam<br \/>\nnecuprinsu-\u021bi<br \/>\nmistuit\u0103 de mirare.<br \/>\nDorind ca<br \/>\ntrup obosit, de uitare,<br \/>\ns\u0103 nu se descompun\u0103<br \/>\n\u00een fragmente iluzorii,<br \/>\ndezorientate,<br \/>\ns\u0103 nu fug\u0103 anapoda,<br \/>\n\u0219iroind dorin\u021be sterpe,<br \/>\npe coama anilor pierdu\u021bi,<br \/>\ndin ochiul timpului<br \/>\ncenu\u0219iu.<br \/>\nM-am v\u0103zut<br \/>\nstr\u0103lucind<br \/>\n\u00een ochii bl\u00e2nzi ai Soarelui,<br \/>\nce-mi privea<br \/>\nimensitatea zorilor.<br \/>\nM\u0103 contempla<br \/>\nca pe o carte de c\u0103p\u0103t\u00e2i, necitit\u0103.<br \/>\nCa pe ultimul poem<br \/>\ndin C\u00e2ntarea C\u00e2nt\u0103rilor<br \/>\nating\u00e2nd<br \/>\nspa\u021bii dup\u0103 spa\u021bii,<br \/>\nrescriindu-ne fericirea<br \/>\npe cerul vie\u021bii,<br \/>\ncu fluturi nin\u0219i.<\/p>\n<p>&nbsp;<\/p>\n<p style=\"text-align: center;\"><strong>Olgu\u0163a Lunca\u015fu\u00a0 Trifan<\/strong><\/p>\n<p>&nbsp;<\/p>\n","protected":false},"excerpt":{"rendered":"<p>\u00cenvrednice\u015fte-m\u0103, Doamne\u00a0! &nbsp; \u00cenvrednice\u015fte-m\u0103 Doamne, c\u00e2nd sufletul eu mi-l privesc, s\u0103 te aflu pe tine, s\u0103 stiu, nu c\u00e2t, ci [&#038;hellip<\/p>\n","protected":false},"author":1,"featured_media":0,"comment_status":"closed","ping_status":"closed","sticky":false,"template":"","format":"standard","meta":{"footnotes":""},"categories":[3],"tags":[],"class_list":["post-20673","post","type-post","status-publish","format-standard","hentry","category-articole"],"_links":{"self":[{"href":"https:\/\/www.marianagurza.ro\/blog\/wp-json\/wp\/v2\/posts\/20673","targetHints":{"allow":["GET"]}}],"collection":[{"href":"https:\/\/www.marianagurza.ro\/blog\/wp-json\/wp\/v2\/posts"}],"about":[{"href":"https:\/\/www.marianagurza.ro\/blog\/wp-json\/wp\/v2\/types\/post"}],"author":[{"embeddable":true,"href":"https:\/\/www.marianagurza.ro\/blog\/wp-json\/wp\/v2\/users\/1"}],"replies":[{"embeddable":true,"href":"https:\/\/www.marianagurza.ro\/blog\/wp-json\/wp\/v2\/comments?post=20673"}],"version-history":[{"count":2,"href":"https:\/\/www.marianagurza.ro\/blog\/wp-json\/wp\/v2\/posts\/20673\/revisions"}],"predecessor-version":[{"id":20676,"href":"https:\/\/www.marianagurza.ro\/blog\/wp-json\/wp\/v2\/posts\/20673\/revisions\/20676"}],"wp:attachment":[{"href":"https:\/\/www.marianagurza.ro\/blog\/wp-json\/wp\/v2\/media?parent=20673"}],"wp:term":[{"taxonomy":"category","embeddable":true,"href":"https:\/\/www.marianagurza.ro\/blog\/wp-json\/wp\/v2\/categories?post=20673"},{"taxonomy":"post_tag","embeddable":true,"href":"https:\/\/www.marianagurza.ro\/blog\/wp-json\/wp\/v2\/tags?post=20673"}],"curies":[{"name":"wp","href":"https:\/\/api.w.org\/{rel}","templated":true}]}}