{"id":21375,"date":"2015-02-21T08:10:40","date_gmt":"2015-02-21T08:10:40","guid":{"rendered":"http:\/\/www.marianagurza.ro\/blog\/?p=21375"},"modified":"2015-02-21T08:10:40","modified_gmt":"2015-02-21T08:10:40","slug":"stefan-ciobotarasu-poezii","status":"publish","type":"post","link":"https:\/\/www.marianagurza.ro\/blog\/2015\/02\/21\/stefan-ciobotarasu-poezii\/","title":{"rendered":"\u015etefan Ciobot\u0103ra\u015fu : Poezii"},"content":{"rendered":"<p style=\"text-align: center;\"><img loading=\"lazy\" decoding=\"async\" id=\"irc_mi\" src=\"https:\/\/i0.wp.com\/static.cinemarx.ro\/poze\/cache\/t26\/persoane-poze\/2010\/02\/Stefan_Ciubotarasu_1266041485_0.jpg\" alt=\"\" width=\"478\" height=\"286\" \/><\/p>\n<p><strong>\u00a0\u00a0\u00a0\u00a0\u00a0\u00a0\u00a0\u00a0 PRELUDIU<\/strong><\/p>\n<p>&nbsp;<\/p>\n<p>Lumina din iaz, se cuminec\u0103,<\/p>\n<p>Mai alb\u0103 ca alba Duminec\u0103,<\/p>\n<p>\u00cen lini\u015ftea plin\u0103 de flaute,<\/p>\n<p>Vin sturzii s\u0103 m\u0103 caute,<\/p>\n<p>Sau poate chiar soarele \u2018n trecere,<\/p>\n<p>Coboar\u0103, cu el la petrecere,<\/p>\n<p>S\u0103 \u2018n\u015fire podoabele raiului,<\/p>\n<p>\u00cen cucii \u015fi mierlele naiului,<\/p>\n<p>S\u0103-mi vindece r\u0103nile, visele,<\/p>\n<ul>\n<li>Iubirile mele, ucisele, &#8211;<\/li>\n<\/ul>\n<p>S\u0103-mi m\u00e2ng\u00e2ie florile-sclavele<\/p>\n<ul>\n<li>N\u0103dejdile mele, bolnavele.<\/li>\n<\/ul>\n<p>&nbsp;<\/p>\n<p>Hai, via\u0163\u0103, adun\u0103-mi risipele<\/p>\n<p>\u015ei num\u0103r\u0103-mi zilele, \u2013 clipele!<\/p>\n<p>D\u0103 flori cerului proaspete,<\/p>\n<p>\u00cen paji\u015ftea mea, soare oaspete!<\/p>\n<p>P\u0103durile mele te \u2018nscaun\u0103,<\/p>\n<p>M\u0103re\u0163 voevod, peste faun\u0103,<\/p>\n<p>Cu foc la aripile glesnelor,<\/p>\n<p>S\u0103 cre\u015fti din pr\u0103pastia besnelor.<\/p>\n<p>&nbsp;<\/p>\n<p>F\u00e2nt\u00e2nile ochilor gemene,<\/p>\n<p>F\u00e2nt\u00e2ni, cu ad\u00e2ncul asemene,<\/p>\n<p>Se uit\u0103 la culmea ta matur\u0103,<\/p>\n<p>Se uit\u0103 \u2013 \u015fi nu se mai satur\u0103.<\/p>\n<p>Cuptor cu mirezme de azim\u0103,<\/p>\n<p>P\u0103m\u00e2ntul, de tine se razim\u0103.<\/p>\n<p>\u00cen creanga ce-\u015fi suie ofrandele,<\/p>\n<p>Cuibarele tale ard candele;<\/p>\n<p>Sub leag\u0103nul lor, s\u0103 tot g\u00e2ngure<\/p>\n<p>P\u0103durile basmului singure.<\/p>\n<p>&nbsp;<\/p>\n<p>\u2026Bondarii, \u2013 doar ei \u2013 parc\u2019ar fi ni\u015fte<\/p>\n<p>Chem\u0103ri, din a vecilor lini\u015fte\u2026<\/p>\n<p>&nbsp;<\/p>\n<p>Ci, singur, pe marginea buturii,<\/p>\n<p>De-a valma cu iarba \u015fi fluturii,<\/p>\n<p>Mi-aud \u00eenc\u0103 sbuciumul inimii\u2026<\/p>\n<p>Vis\u00e2nd c\u0103 tr\u0103iesc c\u00e2t de bine mi-i!<\/p>\n<p>&nbsp;<\/p>\n<p>\u015etiu\u2026 plopii, cu gura lor harnic\u0103,<\/p>\n<p>Dau anilor svoan\u0103 zadarnic\u0103;<\/p>\n<p>\u015etiu zilele mele din datin\u0103,<\/p>\n<p>Spre \u0163\u0103rmul t\u0103cerii se clatin\u0103;<\/p>\n<p>Mi-i g\u00e2ndul, ca negura \u2018n rumpere,<\/p>\n<p>Vin umbrele, Doamne, s\u0103-l cumpere;<\/p>\n<p>Mi-s ochii noptaci, ca ce\u0163ile<\/p>\n<p>De unde s\u2019adap\u0103 triste\u0163ile;<\/p>\n<p>&nbsp;<\/p>\n<p>Dar tu, diminea\u0163\u0103 prieten\u0103,<\/p>\n<p>S\u0103-mi sp\u00e2nzuri ur\u00e2tul de-o cetin\u0103.<\/p>\n<p>Cu raz\u0103 \u2018mpletit\u0103 pe degete,<\/p>\n<p>Din roua f\u00e2ne\u0163ii, culege-te.<\/p>\n<p>Mai du-m\u0103 vremelnic \u015fi \u2018mbat\u0103-m\u0103<\/p>\n<p>De focul tr\u0103irii de vat\u0103m\u0103!\u2026<\/p>\n<p>&nbsp;<\/p>\n<p><em>(\u201c\u00censemn\u0103ri ie\u015fene<strong>\u201d<\/strong>, Anul II, Vol. IV, Nr. 22, 15 noiembrie 1937, p 548-549)<\/em><\/p>\n<p>&nbsp;<\/p>\n<p>&nbsp;<\/p>\n<p><strong>POEM PENTRU NOAPTEA ASTA<\/strong><\/p>\n<p>&nbsp;<\/p>\n<p>Am ostenit de-at\u00e2ta c\u0103utare;<\/p>\n<p>S\u0103 poposim o clip\u0103, l\u0103utare,<\/p>\n<p>\u015etii tu ce trist\u0103 via\u0163a mea o suni,<\/p>\n<p>\u00cen goana ei dup\u0103 de\u015fert\u0103ciuni?<\/p>\n<p>D\u0103-mi scripca ta de-apururea nestinsa,<\/p>\n<p>S\u0103-mi logodesc durerile cu d\u00e2nsa<\/p>\n<p>\u015ei bucuria clipelor pu\u0163ine<\/p>\n<p>Ce flutur\u0103 trec\u00e2nd pe l\u00e2ng\u0103 mine.<\/p>\n<p>&nbsp;<\/p>\n<p>\u015etii tu ce zbucium\u0103ri se cetluiesc<\/p>\n<p>\u00cen lemnul ei cu suflet omenesc?<\/p>\n<p>&nbsp;<\/p>\n<p>S\u0103 poposim o noapte laolalt\u0103,<\/p>\n<p>L\u0103s\u00e2nd z\u0103d\u0103rnicia lumii balt\u0103,<\/p>\n<p>C\u0103 ochii mei ad\u00e2nc\u0103 zare \u2018mpung,<\/p>\n<p>Dar vreme nu-i la drum at\u00e2t de lung;<\/p>\n<p>Nici aripi n\u2019am, la glesne s\u0103-mi \u00eencal\u0163,<\/p>\n<p>Cu cerurile-al\u0103turi s\u0103 m\u0103 \u2018ncal\u0163\u2026<\/p>\n<p>&nbsp;<\/p>\n<p>\u015ei s\u0103 cinstim aici s\u0103tui de lume,<\/p>\n<p>La hanul \u00eenser\u0103rii f\u0103r\u0103 nume,<\/p>\n<p>\u015etii tu ce vinuri putrezesc sub cheie,<\/p>\n<p>De trag aici durerile s\u0103 beie-<\/p>\n<p>Cr\u0103\u015fmaru-i bun, dar sufletul v\u00e2ndut \u2018i-i,<\/p>\n<p>C\u0103 \u0163ine iadul ferecat \u00een butii.<\/p>\n<p>Numai hangi\u0163a-i me\u015fter\u0103 s\u0103 culce<\/p>\n<p>Cu c\u00e2ntec lin \u015fi vin amar de dulce\u2026<\/p>\n<p>&nbsp;<\/p>\n<p>Ne-o da balsam de inim\u0103 bolnav\u0103,<\/p>\n<p>Un chiot bun \u015fi-o gur\u0103 de otrav\u0103.<\/p>\n<p>Din ochii ei vremelnici ca o rou\u0103,<\/p>\n<p>Ne-o da s\u0103 bem cu lacrimile \u2018n dou\u0103;<\/p>\n<p>Iar din sur\u00e2sul ei, ne-o da pahar<\/p>\n<p>Frumos ca floarea de m\u0103rg\u0103ritar.<\/p>\n<p>&nbsp;<\/p>\n<p>Hai l\u0103utare, biciue-mi pe coard\u0103<\/p>\n<p>Nepotolita sufletului hoard\u0103:<\/p>\n<p>S\u0103 v\u0103d durerea \u2018n preajm\u0103 cum se \u0163ese,<\/p>\n<p>Juc\u00e2nd de g\u00e2t cu dracul printre mese!<\/p>\n<p>Hai, c\u00e2t a bate vremea din arip\u0103,<\/p>\n<p>S\u0103 par\u0103 veac s\u0103rman\u0103 ast\u0103 clip\u0103!<\/p>\n<p>C\u2019am str\u00e2ns merg\u00e2nd prin via\u0163\u0103 ca prin t\u0103u,<\/p>\n<p>Sub s\u00e2nul st\u00e2ng un pumn de s\u00e2nge r\u0103u:<\/p>\n<p>Mi se tot suie nod vr\u0103jma\u015f \u00een g\u00e2t<\/p>\n<p>\u015ei c\u00e2nd oftez mai tare-l \u00eent\u0103r\u00e2t!\u2026<\/p>\n<p>&nbsp;<\/p>\n<p>Aduce-mi aproape, ochi domol,<\/p>\n<p>Tov\u0103r\u0103\u015fia corbilor din voi;<\/p>\n<p>De dulcea voastr\u0103 noapte s\u0103 m\u0103 \u2018mb\u0103t,<\/p>\n<p>Vis\u00e2ndu-m\u0103 cu anii \u00eend\u0103r\u0103t.<\/p>\n<p>Ce basm uitat, ce dor ad\u00e2nc de moarte,<\/p>\n<p>\u00cenvie mincinoasa voastr\u0103 carte?\u2026<\/p>\n<p>&nbsp;<\/p>\n<p>Lua\u0163i-mi via\u0163a, cald\u0103 ca o p\u00e2ne<\/p>\n<p>\u015ei m\u00e2ntui\u0163i-o \u2018ntreag\u0103 p\u00e2n\u0103 m\u00e2ne,<\/p>\n<p>C\u0103 s\u0103 mi-o \u2018ntorc vreo-dat\u0103 n-am s\u0103 pot,<\/p>\n<p>V\u00e2ndut\u0103 pe nimica \u015fi pe tot\u2026<\/p>\n<p>&nbsp;<\/p>\n<p><em>(\u201e\u00censemn\u0103ri ie\u015fene\u201d<\/em>, Anul III, vol. V, nr. 1, 1 ianuarie 1938, p 50-51)<\/p>\n<p>&nbsp;<\/p>\n<p style=\"text-align: center;\"><strong>\u015etefan Ciobot\u0103ra\u015fu<\/strong><\/p>\n","protected":false},"excerpt":{"rendered":"<p>\u00a0\u00a0\u00a0\u00a0\u00a0\u00a0\u00a0\u00a0 PRELUDIU &nbsp; Lumina din iaz, se cuminec\u0103, Mai alb\u0103 ca alba Duminec\u0103, \u00cen lini\u015ftea plin\u0103 de flaute, Vin sturzii [&#038;hellip<\/p>\n","protected":false},"author":1,"featured_media":0,"comment_status":"closed","ping_status":"closed","sticky":false,"template":"","format":"standard","meta":{"footnotes":""},"categories":[3],"tags":[],"class_list":["post-21375","post","type-post","status-publish","format-standard","hentry","category-articole"],"_links":{"self":[{"href":"https:\/\/www.marianagurza.ro\/blog\/wp-json\/wp\/v2\/posts\/21375","targetHints":{"allow":["GET"]}}],"collection":[{"href":"https:\/\/www.marianagurza.ro\/blog\/wp-json\/wp\/v2\/posts"}],"about":[{"href":"https:\/\/www.marianagurza.ro\/blog\/wp-json\/wp\/v2\/types\/post"}],"author":[{"embeddable":true,"href":"https:\/\/www.marianagurza.ro\/blog\/wp-json\/wp\/v2\/users\/1"}],"replies":[{"embeddable":true,"href":"https:\/\/www.marianagurza.ro\/blog\/wp-json\/wp\/v2\/comments?post=21375"}],"version-history":[{"count":2,"href":"https:\/\/www.marianagurza.ro\/blog\/wp-json\/wp\/v2\/posts\/21375\/revisions"}],"predecessor-version":[{"id":21377,"href":"https:\/\/www.marianagurza.ro\/blog\/wp-json\/wp\/v2\/posts\/21375\/revisions\/21377"}],"wp:attachment":[{"href":"https:\/\/www.marianagurza.ro\/blog\/wp-json\/wp\/v2\/media?parent=21375"}],"wp:term":[{"taxonomy":"category","embeddable":true,"href":"https:\/\/www.marianagurza.ro\/blog\/wp-json\/wp\/v2\/categories?post=21375"},{"taxonomy":"post_tag","embeddable":true,"href":"https:\/\/www.marianagurza.ro\/blog\/wp-json\/wp\/v2\/tags?post=21375"}],"curies":[{"name":"wp","href":"https:\/\/api.w.org\/{rel}","templated":true}]}}