{"id":21384,"date":"2015-02-21T09:41:57","date_gmt":"2015-02-21T09:41:57","guid":{"rendered":"http:\/\/www.marianagurza.ro\/blog\/?p=21384"},"modified":"2015-02-21T09:42:42","modified_gmt":"2015-02-21T09:42:42","slug":"anna-nora-rotaru-poezii","status":"publish","type":"post","link":"https:\/\/www.marianagurza.ro\/blog\/2015\/02\/21\/anna-nora-rotaru-poezii\/","title":{"rendered":"Anna Nora Rotaru: Poezii"},"content":{"rendered":"<p style=\"text-align: center;\"><img loading=\"lazy\" decoding=\"async\" id=\"irc_mi\" src=\"http:\/\/melidonium.ro\/wp-content\/uploads\/2015\/01\/Anna-Nora-Rotaru1.jpg\" alt=\"\" width=\"225\" height=\"300\" \/><\/p>\n<p>\u00a0\u00a0\u00a0\u00a0\u00a0\u00a0\u00a0\u00a0\u00a0\u00a0\u00a0\u00a0\u00a0\u00a0\u00a0\u00a0\u00a0\u00a0\u00a0\u00a0\u00a0\u00a0\u00a0\u00a0 <strong>CHEMARE<\/strong><\/p>\n<p>&nbsp;<\/p>\n<p>E lini\u0219tea asta at\u00e2t de-ad\u00e2nc\u0103 \u0219i ap\u0103s\u0103toare&#8230;<br \/>\nO grea povar\u0103 ce-ncet \u00eencet m-absoarbe.<br \/>\n\u00cen singur\u0103tatea mea de triste\u021bi cople\u0219itoare,<br \/>\nM\u0103 dor privirile pierdute-n gol \u0219i oarbe.<\/p>\n<p>&nbsp;<\/p>\n<p>Te chem ca \u00eensetat\u0103 \u00een via\u021b\u0103 s\u0103-mi revii,<br \/>\nC\u0103ci totu-mi este at\u00e2t de plin de tine!<br \/>\nAl\u0103turi vreau s\u0103-mi stai \u0219i m\u00e2na s\u0103 mi-o \u021bii,<br \/>\nSpun\u00e2ndu-mi basme din cele ce \u0219tii tu mai bine !<\/p>\n<p>&nbsp;<\/p>\n<p>S\u0103-mi fii de sprijin c\u00e2nd pa\u0219ii mi se-mpleticesc,<br \/>\nC\u00e2nd la r\u0103scruce stau \u0219i nu \u0219tiu-ncotro s-apuc,<br \/>\nC\u00e2nd vreau s\u0103 strig dar vorbele mi se-opintesc,<br \/>\nT\u0103cerea-mi este umbr\u0103 oriunde s\u0103 m\u0103 duc!<\/p>\n<p>&nbsp;<\/p>\n<p>S\u0103 vii \u0219i s\u0103-mi ar\u0103\u021bi cum soarele din nou r\u0103sare<br \/>\n\u0218i cum nu trebuie s\u0103 m\u0103 tem de-at\u00e2ta fericire!<br \/>\nC\u0103 bucuria,de-mi va veni e bucurie \u0219i nu doare,<br \/>\nChiar visurile aievea le pot aduna,nu-i am\u0103gire.<\/p>\n<p>&nbsp;<\/p>\n<p>S\u0103-mi pui \u00een s\u00e2n o p\u0103rticic\u0103 din tine,sublim\u0103,<br \/>\nS-o am ca talisman atunci c\u00e2nd \u00eemi lipse\u0219ti,<br \/>\nCa o amprent\u0103-n suflet,cald\u0103 \u0219i de doruri plin\u0103,<br \/>\nS\u0103-mi repete c\u0103 singur\u0103 nu sunt \u0219i m\u0103 iube\u0219ti.<\/p>\n<p>&nbsp;<\/p>\n<p>Mai dulce o s\u0103-mi par\u0103 atunci a\u0219teptarea!<br \/>\nStrop cu strop,iubirea-n palm\u0103 o voi \u021bine str\u00e2ns!<br \/>\nLumina se va cerne pe-a sufletului c\u0103rarea,<br \/>\n\u0218i pl\u00e2nsul n-o sa-mi mai fie r\u00e2s \u0219i r\u00e2sul pl\u00e2ns !<\/p>\n<p>&nbsp;<\/p>\n<p><strong>SE DUC P\u0102S\u0102RILE, SE DUC &#8230;.<\/strong><\/p>\n<p>&nbsp;<\/p>\n<p>Se duc p\u0103s\u0103rile-n c\u00e2rd, drum lung se duc,<br \/>\nPrecum \u00een goan\u0103 fug \u0219i g\u00e2ndurile mele<br \/>\n\u0218i nu mai \u0219tiu de-am vreme s\u0103 apuc,<br \/>\nS\u0103 le mai v\u0103d pe cer zbur\u00e2nd, vreodat&#8217; pe ele .<\/p>\n<p>&nbsp;<\/p>\n<p>M\u0103 tem, c\u0103 nu m\u0103 mai a\u0219teapt\u0103 timpul<br \/>\n\u0218i simt un ghiont s\u0103 m\u0103 \u00eempung\u0103-n spate.<br \/>\nO m\u00e2n\u0103, nu m\u0103 las\u0103 s\u0103-ntorc capul,<br \/>\nCa s\u0103 nu v\u0103d cum crud\u0103 soarta m\u0103 r\u0103zbate .<\/p>\n<p>&nbsp;<\/p>\n<p>Cu cap plecat \u0219i fruntea-mi cobor\u00e2t\u0103,<br \/>\nP\u0103\u0219esc \u021b\u0103r\u00e2na,pe drumul b\u0103tucit de pa\u0219i.<br \/>\n\u00cen v\u00e2na simt apusul s\u0103 se sting\u0103,mohor\u00e2t\u0103<br \/>\n\u00cemi va fi ziua ce ma va duce spre ultimul lacasi.<\/p>\n<p>&nbsp;<\/p>\n<p>Dar mai ajut\u0103, DOAMNE, mai f\u0103 s\u0103 am vigoare,<br \/>\nS\u0103 mai apuc s\u0103 trag cu m\u00e2inile de p\u00e2nza vie\u021bii,<br \/>\nCa s\u0103 mai v\u0103d iar p\u0103s\u0103rile-n c\u00e2rd s\u0103 zboare<br \/>\n\u0218i cum apusul ro\u0219u s-a\u0219terne peste umbra ce\u021bii.<\/p>\n<p>&nbsp;<\/p>\n<p><strong>\u00a0\u00a0\u00a0 M\u0102-NTORC PE-ACELA\u0218I DRUM&#8230;<\/strong><\/p>\n<p>&nbsp;<\/p>\n<p>E lini\u0219te \u00een cas\u0103,\u00eemi arde focul \u00een c\u0103min<br \/>\n\u0218i \u00een cenu\u0219\u0103,lemnu-aprins trosne\u0219te.<br \/>\nDeodat\u0103 ,flac\u0103ra se-nalt\u0103, a\u0219a ca din senin<br \/>\n\u0218i pentr-o clip\u0103, \u00eentunericul gone\u0219te.<\/p>\n<p>&nbsp;<\/p>\n<p>Inghemuita stau \u00een col\u021bi\u0219orul meu,<br \/>\nCu ochi pierdu\u021bi \u00een gol,cu mintea cufundat\u0103-n g\u00e2nduri<br \/>\n\u0218i valuri de-amintiri m\u0103 \u00eemp\u00e2nzesc mereu,<br \/>\nM\u0103 trag spre anii cei pierdu\u021bi \u00een neguri.<\/p>\n<p>&nbsp;<\/p>\n<p>M-opresc din drumul spre -napoi<br \/>\nS\u0103 mai privesc m\u0103car o data,<br \/>\nPe-ai mei \u00eenscri\u0219i \u00een lumea de-apoi,<br \/>\nNe\u0219ter\u0219i pe veci din inim\u0103 vreodat\u0103 .<\/p>\n<p>&nbsp;<\/p>\n<p>\u0218i tot pe-acela\u0219i drum m\u0103 v\u0103d copil\u0103,<br \/>\n\u00cen colb , la sat,m\u0103 joc \u00een gr\u00e2ne \u0219i livezi<br \/>\n\u0218i lacrimi curg din ochi \u0219i-mi este mil\u0103,<br \/>\nDe noi, copii din ulicioar\u0103 ,ce azi imbatraniti \u00eei vezi.<\/p>\n<p>&nbsp;<\/p>\n<p>M\u0103 scol de unde stau,ridic privirea la oglind\u0103,<br \/>\nS\u0103 v\u0103d ce timpu-mi face,ce urme mi-a br\u0103zdat.<br \/>\n\u00cen flac\u0103ra de lum\u00e2nare,ce joac\u0103 p\u00e2lp\u00e2ind\u0103,<br \/>\nV\u0103d parc-acela\u0219i chip de fat\u0103 ,aceia\u0219i parc\u0103 ochi de-altadat.<\/p>\n<p>&nbsp;<\/p>\n<p align=\"center\"><strong>Anna Nora Rotaru<\/strong><\/p>\n<p align=\"center\">\n","protected":false},"excerpt":{"rendered":"<p>\u00a0\u00a0\u00a0\u00a0\u00a0\u00a0\u00a0\u00a0\u00a0\u00a0\u00a0\u00a0\u00a0\u00a0\u00a0\u00a0\u00a0\u00a0\u00a0\u00a0\u00a0\u00a0\u00a0\u00a0 CHEMARE &nbsp; E lini\u0219tea asta at\u00e2t de-ad\u00e2nc\u0103 \u0219i ap\u0103s\u0103toare&#8230; O grea povar\u0103 ce-ncet \u00eencet m-absoarbe. \u00cen singur\u0103tatea mea de [&#038;hellip<\/p>\n","protected":false},"author":1,"featured_media":0,"comment_status":"closed","ping_status":"closed","sticky":false,"template":"","format":"standard","meta":{"footnotes":""},"categories":[3],"tags":[],"class_list":["post-21384","post","type-post","status-publish","format-standard","hentry","category-articole"],"_links":{"self":[{"href":"https:\/\/www.marianagurza.ro\/blog\/wp-json\/wp\/v2\/posts\/21384","targetHints":{"allow":["GET"]}}],"collection":[{"href":"https:\/\/www.marianagurza.ro\/blog\/wp-json\/wp\/v2\/posts"}],"about":[{"href":"https:\/\/www.marianagurza.ro\/blog\/wp-json\/wp\/v2\/types\/post"}],"author":[{"embeddable":true,"href":"https:\/\/www.marianagurza.ro\/blog\/wp-json\/wp\/v2\/users\/1"}],"replies":[{"embeddable":true,"href":"https:\/\/www.marianagurza.ro\/blog\/wp-json\/wp\/v2\/comments?post=21384"}],"version-history":[{"count":3,"href":"https:\/\/www.marianagurza.ro\/blog\/wp-json\/wp\/v2\/posts\/21384\/revisions"}],"predecessor-version":[{"id":21386,"href":"https:\/\/www.marianagurza.ro\/blog\/wp-json\/wp\/v2\/posts\/21384\/revisions\/21386"}],"wp:attachment":[{"href":"https:\/\/www.marianagurza.ro\/blog\/wp-json\/wp\/v2\/media?parent=21384"}],"wp:term":[{"taxonomy":"category","embeddable":true,"href":"https:\/\/www.marianagurza.ro\/blog\/wp-json\/wp\/v2\/categories?post=21384"},{"taxonomy":"post_tag","embeddable":true,"href":"https:\/\/www.marianagurza.ro\/blog\/wp-json\/wp\/v2\/tags?post=21384"}],"curies":[{"name":"wp","href":"https:\/\/api.w.org\/{rel}","templated":true}]}}