{"id":21388,"date":"2015-02-22T08:42:32","date_gmt":"2015-02-22T08:42:32","guid":{"rendered":"http:\/\/www.marianagurza.ro\/blog\/?p=21388"},"modified":"2015-02-22T08:43:08","modified_gmt":"2015-02-22T08:43:08","slug":"franko-sicra-mi-aduc-aminte","status":"publish","type":"post","link":"https:\/\/www.marianagurza.ro\/blog\/2015\/02\/22\/franko-sicra-mi-aduc-aminte\/","title":{"rendered":"Franko Sicra: Mi-aduc aminte&#8230;"},"content":{"rendered":"<p style=\"text-align: center;\"><a href=\"http:\/\/www.marianagurza.ro\/blog\/wp-content\/uploads\/2015\/02\/rugaciune..jpg\"><img loading=\"lazy\" decoding=\"async\" class=\"size-medium wp-image-21390\" title=\"rugaciune.\" src=\"http:\/\/www.marianagurza.ro\/blog\/wp-content\/uploads\/2015\/02\/rugaciune.-300x199.jpg\" alt=\"\" width=\"300\" height=\"199\" srcset=\"https:\/\/www.marianagurza.ro\/blog\/wp-content\/uploads\/2015\/02\/rugaciune.-300x199.jpg 300w, https:\/\/www.marianagurza.ro\/blog\/wp-content\/uploads\/2015\/02\/rugaciune..jpg 800w\" sizes=\"auto, (max-width: 300px) 100vw, 300px\" \/><\/a><\/p>\n<p><strong>\u00a0\u00a0\u00a0\u00a0\u00a0\u00a0 Mi-aduc aminte&#8230; <\/strong><\/p>\n<p>&nbsp;<\/p>\n<p>Mi-aduc aminte de clipa-n care ,<br \/>\nPe malul m\u0103rii r\u0103t\u0103ceam pustiu,<br \/>\n\u015ei-mi deschideam sufletul la soare,<br \/>\nSau cu marea vorbeam&#8230;nu \u015ftiu.<\/p>\n<p>Priveam prin paginile-aducerilor aminte,<br \/>\nC\u0103tam prin ele, gre\u015feli ce-am f\u0103ptuit,<br \/>\n\u015ei \u00eencercam s\u0103 \u00een\u0163eleg cu ce n-am fost cuminte,<br \/>\nDe Dumnezeu asa crunt m-a pedepsit.<\/p>\n<p>M\u0103-ntreb \u015fi-acum , o drag P\u0103rinte,<br \/>\nM\u0103-ntreb&#8230;gre\u015feli \u015ftiu c-am avut ,<br \/>\nDar totu\u0219i eu te rog, te rog fierbinte,<br \/>\n\u00cendur\u0103-Te de mine, vezi ca sunt c\u0103zut.<\/p>\n<p>Mai ia-mi o Tat\u0103 din povara vie\u0163ii,<br \/>\nMai ia-mi din greul ce m-apas\u0103 crunt,<br \/>\nMai d\u0103-mi te rog,mireasma dimine\u0163ii,<br \/>\nSunt doar un suflet Tat\u0103, chiar de sunt m\u0103runt.<\/p>\n<p>Mai las\u0103-m\u0103 s\u0103 sorb nectarul fericirii,<br \/>\nS\u0103 m\u0103 \u00eemb\u0103t de soare , de amurg , de v\u00e2nt,<br \/>\nS\u0103 simt din nou, starea nemuririi,<br \/>\nS\u0103-mi aflu locul, aicea pe pam\u00e2nt .<\/p>\n<p>Apoi&#8230;Doamne sf\u00e2nt,de vrerea-\u0163i este,<br \/>\nTrimite-m\u0103 \u00een largul infinit,<br \/>\nM\u0103 f\u0103 un bob de v\u00e2nt , o umbr\u0103 sus pe creste,<br \/>\nSau \u0163\u0103r\u00e2n\u0103 f\u0103-m\u0103&#8230;c\u0103ci de-acolo sunt venit.<\/p>\n<p>Sau f\u0103-m\u0103 Doamne&#8230;pild\u0103 pentru al\u0163ii,<br \/>\nGre\u015feli s\u0103 nu mai fac\u0103 nimeni pe p\u0103m\u00e2nt,<br \/>\nS\u0103 nu mai simt\u0103 nimenea vibra\u021bii,<br \/>\nA sufletului care pl\u00e2nge-n v\u00e2nt.<\/p>\n<p>Acum m\u0103-nchin&#8230;\u015fi plec P\u0103rinte Sfinte,<br \/>\n\u00cen cea\u0163a nop\u0163ii am s\u0103 m\u0103 retrag,<br \/>\n\u015ei cineva poate-\u015fi aduce-aminte,<br \/>\nDe mine ca de-un suflet&#8230;drag.<\/p>\n<p>&nbsp;<\/p>\n<p style=\"text-align: center;\"><strong>Franko Sicra<\/strong><\/p>\n<p style=\"text-align: center;\">Ravenna<\/p>\n","protected":false},"excerpt":{"rendered":"<p>\u00a0\u00a0\u00a0\u00a0\u00a0\u00a0 Mi-aduc aminte&#8230; &nbsp; Mi-aduc aminte de clipa-n care , Pe malul m\u0103rii r\u0103t\u0103ceam pustiu, \u015ei-mi deschideam sufletul la soare, [&#038;hellip<\/p>\n","protected":false},"author":1,"featured_media":0,"comment_status":"closed","ping_status":"closed","sticky":false,"template":"","format":"standard","meta":{"footnotes":""},"categories":[3],"tags":[],"class_list":["post-21388","post","type-post","status-publish","format-standard","hentry","category-articole"],"_links":{"self":[{"href":"https:\/\/www.marianagurza.ro\/blog\/wp-json\/wp\/v2\/posts\/21388","targetHints":{"allow":["GET"]}}],"collection":[{"href":"https:\/\/www.marianagurza.ro\/blog\/wp-json\/wp\/v2\/posts"}],"about":[{"href":"https:\/\/www.marianagurza.ro\/blog\/wp-json\/wp\/v2\/types\/post"}],"author":[{"embeddable":true,"href":"https:\/\/www.marianagurza.ro\/blog\/wp-json\/wp\/v2\/users\/1"}],"replies":[{"embeddable":true,"href":"https:\/\/www.marianagurza.ro\/blog\/wp-json\/wp\/v2\/comments?post=21388"}],"version-history":[{"count":3,"href":"https:\/\/www.marianagurza.ro\/blog\/wp-json\/wp\/v2\/posts\/21388\/revisions"}],"predecessor-version":[{"id":21392,"href":"https:\/\/www.marianagurza.ro\/blog\/wp-json\/wp\/v2\/posts\/21388\/revisions\/21392"}],"wp:attachment":[{"href":"https:\/\/www.marianagurza.ro\/blog\/wp-json\/wp\/v2\/media?parent=21388"}],"wp:term":[{"taxonomy":"category","embeddable":true,"href":"https:\/\/www.marianagurza.ro\/blog\/wp-json\/wp\/v2\/categories?post=21388"},{"taxonomy":"post_tag","embeddable":true,"href":"https:\/\/www.marianagurza.ro\/blog\/wp-json\/wp\/v2\/tags?post=21388"}],"curies":[{"name":"wp","href":"https:\/\/api.w.org\/{rel}","templated":true}]}}