{"id":21400,"date":"2015-02-22T20:15:53","date_gmt":"2015-02-22T20:15:53","guid":{"rendered":"http:\/\/www.marianagurza.ro\/blog\/?p=21400"},"modified":"2015-02-22T22:31:49","modified_gmt":"2015-02-22T22:31:49","slug":"mugurel-puscas-poezii","status":"publish","type":"post","link":"https:\/\/www.marianagurza.ro\/blog\/2015\/02\/22\/mugurel-puscas-poezii\/","title":{"rendered":"Mugurel Pu\u0219ca\u0219: Poezii"},"content":{"rendered":"<p style=\"text-align: center;\"><a href=\"http:\/\/www.marianagurza.ro\/blog\/wp-content\/uploads\/2015\/02\/cabana.puscas1.page1_.jpg\"><img loading=\"lazy\" decoding=\"async\" class=\"size-medium wp-image-21401\" title=\"cabana.puscas1.page1\" src=\"http:\/\/www.marianagurza.ro\/blog\/wp-content\/uploads\/2015\/02\/cabana.puscas1.page1_-212x300.jpg\" alt=\"\" width=\"212\" height=\"300\" srcset=\"https:\/\/www.marianagurza.ro\/blog\/wp-content\/uploads\/2015\/02\/cabana.puscas1.page1_-212x300.jpg 212w, https:\/\/www.marianagurza.ro\/blog\/wp-content\/uploads\/2015\/02\/cabana.puscas1.page1_-725x1024.jpg 725w, https:\/\/www.marianagurza.ro\/blog\/wp-content\/uploads\/2015\/02\/cabana.puscas1.page1_.jpg 1748w\" sizes=\"auto, (max-width: 212px) 100vw, 212px\" \/><\/a><\/p>\n<p>\u00a0\u00a0\u00a0 <strong>RO\u015eU TRIL<\/strong><\/p>\n<p>&nbsp;<\/p>\n<p>&nbsp;<\/p>\n<p>Ro\u015fu tril&#8230; vis viril,<br \/>\nAromat te simt \u00een minte<br \/>\nPe poteci&#8230; iarn\u0103 treci!&#8230;<br \/>\nPeste noi&#8230; peste cuvinte.<\/p>\n<p>Prin ciulini&#8230; fulgii lini,<br \/>\nSe a\u015feaz\u0103 peste suflet<br \/>\nAlb calvar&#8230; vis de-amar<br \/>\nPeste mine \u015fi-al meu cuget.<\/p>\n<p>Te z\u0103resc&#8230; tril ceresc,<br \/>\nCe departe e\u015fti de mine&#8230;<br \/>\nStau ciorchini&#8230; cabotini,<br \/>\nPr\u0103bu\u015find str\u0103ini \u00een tine.<\/p>\n<p>Iarna mea&#8230; e a ta!..<br \/>\nC\u00e2ntec de colinde zboar\u0103,<br \/>\nTe privesc&#8230; te g\u00e2ndesc&#8230;<br \/>\nSala-i zumzet de vioar\u0103.<\/p>\n<p>Ce p\u0103cat&#8230;ferecat,<br \/>\n\u0162i-este sufletul \u015fi rece&#8230;<br \/>\nIarna mea&#8230; peruzea<br \/>\nPeste clipa care trece.<\/p>\n<p>Chipul t\u0103u&#8230;e al meu!..<br \/>\nTu nu \u015ftii&#8230; a\u015fa-i mai bine,<br \/>\nRo\u015fu tril&#8230; vis viril,<br \/>\nTe privesc&#8230;iubind&#8230; \u00een mine.<\/p>\n<p>&nbsp;<\/p>\n<p style=\"text-align: center;\"><a href=\"http:\/\/www.marianagurza.ro\/blog\/wp-content\/uploads\/2015\/02\/cabana.puscas1.page2_.jpg\"><img loading=\"lazy\" decoding=\"async\" class=\"size-medium wp-image-21402\" title=\"cabana.puscas1.page2\" src=\"http:\/\/www.marianagurza.ro\/blog\/wp-content\/uploads\/2015\/02\/cabana.puscas1.page2_-213x300.jpg\" alt=\"\" width=\"213\" height=\"300\" srcset=\"https:\/\/www.marianagurza.ro\/blog\/wp-content\/uploads\/2015\/02\/cabana.puscas1.page2_-213x300.jpg 213w, https:\/\/www.marianagurza.ro\/blog\/wp-content\/uploads\/2015\/02\/cabana.puscas1.page2_-727x1024.jpg 727w, https:\/\/www.marianagurza.ro\/blog\/wp-content\/uploads\/2015\/02\/cabana.puscas1.page2_.jpg 1770w\" sizes=\"auto, (max-width: 213px) 100vw, 213px\" \/><\/a><\/p>\n<p><strong>\u00a0\u00a0\u00a0\u00a0 R\u0102M\u00c2I<\/strong><\/p>\n<p>&nbsp;<\/p>\n<p>Nu pleca! R\u0103m\u00e2i! Nu-i timpul<br \/>\nS\u0103 te-ndep\u0103rtezi&#8230;<br \/>\nOchi de amor vegheaz\u0103 via\u0163a ta,<br \/>\nS\u0103 nu te pierzi.<\/p>\n<p>Nu-\u0163i \u00eenfige-n minte g\u00e2nduri<br \/>\nCe n-au rost \u015fi leac,<br \/>\nDep\u0103rtare \u00een iubire&#8230;<br \/>\nAstea r\u0103u \u00ee\u0163i fac.<\/p>\n<p>C\u00e2nd e\u015fti mult, prea mult iubit\u0103,<br \/>\nNu-i bine-i p\u0103cat,<br \/>\nS\u0103-\u0163i sfarmi, s\u0103-\u0163i r\u0103ne\u015fti perechea&#8230;<br \/>\nOare ai uitat?&#8230;<\/p>\n<p>Clipele de-amor profunde,<br \/>\nZ\u00e2mbet, bucurii,<br \/>\nC\u00e2nd jurai ca el e omul<br \/>\nPentru ve\u015fnicii.<\/p>\n<p>Suferi-vei ve\u015fnic, fat\u0103,<br \/>\nRenun\u0163\u00e2nd-iubind&#8230;<br \/>\nNu se-ntoarce niciodat\u0103<br \/>\nCel r\u0103mas \u00een g\u00e2nd.<\/p>\n<p>&nbsp;<\/p>\n<p style=\"text-align: center;\"><strong>Mugurel Pu\u015fca\u015f<\/strong><br \/>\n(vol &#8220;Cabana de foc&#8221;)<\/p>\n<p style=\"text-align: center;\" align=\"center\">\n","protected":false},"excerpt":{"rendered":"<p>\u00a0\u00a0\u00a0 RO\u015eU TRIL &nbsp; &nbsp; Ro\u015fu tril&#8230; vis viril, Aromat te simt \u00een minte Pe poteci&#8230; iarn\u0103 treci!&#8230; Peste noi&#8230; [&#038;hellip<\/p>\n","protected":false},"author":1,"featured_media":0,"comment_status":"closed","ping_status":"closed","sticky":false,"template":"","format":"standard","meta":{"footnotes":""},"categories":[3],"tags":[],"class_list":["post-21400","post","type-post","status-publish","format-standard","hentry","category-articole"],"_links":{"self":[{"href":"https:\/\/www.marianagurza.ro\/blog\/wp-json\/wp\/v2\/posts\/21400","targetHints":{"allow":["GET"]}}],"collection":[{"href":"https:\/\/www.marianagurza.ro\/blog\/wp-json\/wp\/v2\/posts"}],"about":[{"href":"https:\/\/www.marianagurza.ro\/blog\/wp-json\/wp\/v2\/types\/post"}],"author":[{"embeddable":true,"href":"https:\/\/www.marianagurza.ro\/blog\/wp-json\/wp\/v2\/users\/1"}],"replies":[{"embeddable":true,"href":"https:\/\/www.marianagurza.ro\/blog\/wp-json\/wp\/v2\/comments?post=21400"}],"version-history":[{"count":6,"href":"https:\/\/www.marianagurza.ro\/blog\/wp-json\/wp\/v2\/posts\/21400\/revisions"}],"predecessor-version":[{"id":21404,"href":"https:\/\/www.marianagurza.ro\/blog\/wp-json\/wp\/v2\/posts\/21400\/revisions\/21404"}],"wp:attachment":[{"href":"https:\/\/www.marianagurza.ro\/blog\/wp-json\/wp\/v2\/media?parent=21400"}],"wp:term":[{"taxonomy":"category","embeddable":true,"href":"https:\/\/www.marianagurza.ro\/blog\/wp-json\/wp\/v2\/categories?post=21400"},{"taxonomy":"post_tag","embeddable":true,"href":"https:\/\/www.marianagurza.ro\/blog\/wp-json\/wp\/v2\/tags?post=21400"}],"curies":[{"name":"wp","href":"https:\/\/api.w.org\/{rel}","templated":true}]}}