{"id":21432,"date":"2015-02-24T08:44:18","date_gmt":"2015-02-24T08:44:18","guid":{"rendered":"http:\/\/www.marianagurza.ro\/blog\/?p=21432"},"modified":"2015-02-24T08:44:18","modified_gmt":"2015-02-24T08:44:18","slug":"camelia-cristea-izgonirea","status":"publish","type":"post","link":"https:\/\/www.marianagurza.ro\/blog\/2015\/02\/24\/camelia-cristea-izgonirea\/","title":{"rendered":"Camelia Cristea: Izgonirea"},"content":{"rendered":"<p style=\"text-align: center;\"><a href=\"http:\/\/www.marianagurza.ro\/blog\/wp-content\/uploads\/2015\/02\/izgonirea-lui-adam-din-rai-2.jpg\"><img loading=\"lazy\" decoding=\"async\" class=\"size-medium wp-image-21433\" title=\"izgonirea-lui-adam-din-rai-2\" src=\"http:\/\/www.marianagurza.ro\/blog\/wp-content\/uploads\/2015\/02\/izgonirea-lui-adam-din-rai-2-300x209.jpg\" alt=\"\" width=\"300\" height=\"209\" srcset=\"https:\/\/www.marianagurza.ro\/blog\/wp-content\/uploads\/2015\/02\/izgonirea-lui-adam-din-rai-2-300x209.jpg 300w, https:\/\/www.marianagurza.ro\/blog\/wp-content\/uploads\/2015\/02\/izgonirea-lui-adam-din-rai-2.jpg 800w\" sizes=\"auto, (max-width: 300px) 100vw, 300px\" \/><\/a><\/p>\n<p><strong>\u00a0\u00a0\u00a0\u00a0 Izgonirea<\/strong><\/p>\n<p><strong>\u00a0<\/strong><\/p>\n<p>&nbsp;<\/p>\n<p>Am fost aspru pedepsit\u0103<\/p>\n<p>cu plecarea mea din rai,<\/p>\n<p>\u0219arpele se mai t\u00e2r\u0103\u0219te<\/p>\n<p>lini\u0219te te rog s\u0103-mi dai&#8230;<\/p>\n<p>&nbsp;<\/p>\n<p>N-am avut curaj atunci<\/p>\n<p>s\u0103 \u00ee\u021bi cer firesc iertare,<\/p>\n<p>c-am m\u00e2ncat din pom oprit<\/p>\n<p>f\u0103r\u0103 pic de remu\u0219care&#8230;<\/p>\n<p>&nbsp;<\/p>\n<p>Cerul s-a pornit a pl\u00e2nge<\/p>\n<p>c-am g\u0103sit la altul vin\u0103,<\/p>\n<p>viermele mu\u0219ca din m\u0103r<\/p>\n<p>\u0219i lovea \u00een r\u0103d\u0103cin\u0103.<\/p>\n<p>&nbsp;<\/p>\n<p>N-am \u0219tiut ce-i ascultarea<\/p>\n<p>\u0219i-n blestem cade p\u0103m\u00e2ntul,<\/p>\n<p>buruienile-i trag seva,<\/p>\n<p>p\u00e2ng\u0103rit a fost Cuv\u00e2ntul.<\/p>\n<p>&nbsp;<\/p>\n<p>Cu sudoarea frun\u021bii mele<\/p>\n<p>dospesc pita unei zile<\/p>\n<p>\u0219i m\u0103 fr\u00e2ng ca trei nuiele,<\/p>\n<p>c\u00e2nd dau na\u0219tere copilei&#8230;<\/p>\n<p>&nbsp;<\/p>\n<p>Pe Adam \u00eel doare coasta..<\/p>\n<p>iar femeia nu-l ascult\u0103,<\/p>\n<p>am\u00e2ndoi \u00ee\u0219i duc povara<\/p>\n<p>c-au c\u0103lcat sf\u00e2nta porunc\u0103.<\/p>\n<p>&nbsp;<\/p>\n<p>&nbsp;<\/p>\n<p align=\"center\"><strong>Camelia Cristea<\/strong><\/p>\n","protected":false},"excerpt":{"rendered":"<p>\u00a0\u00a0\u00a0\u00a0 Izgonirea \u00a0 &nbsp; Am fost aspru pedepsit\u0103 cu plecarea mea din rai, \u0219arpele se mai t\u00e2r\u0103\u0219te lini\u0219te te rog [&#038;hellip<\/p>\n","protected":false},"author":1,"featured_media":0,"comment_status":"closed","ping_status":"closed","sticky":false,"template":"","format":"standard","meta":{"footnotes":""},"categories":[3],"tags":[],"class_list":["post-21432","post","type-post","status-publish","format-standard","hentry","category-articole"],"_links":{"self":[{"href":"https:\/\/www.marianagurza.ro\/blog\/wp-json\/wp\/v2\/posts\/21432","targetHints":{"allow":["GET"]}}],"collection":[{"href":"https:\/\/www.marianagurza.ro\/blog\/wp-json\/wp\/v2\/posts"}],"about":[{"href":"https:\/\/www.marianagurza.ro\/blog\/wp-json\/wp\/v2\/types\/post"}],"author":[{"embeddable":true,"href":"https:\/\/www.marianagurza.ro\/blog\/wp-json\/wp\/v2\/users\/1"}],"replies":[{"embeddable":true,"href":"https:\/\/www.marianagurza.ro\/blog\/wp-json\/wp\/v2\/comments?post=21432"}],"version-history":[{"count":2,"href":"https:\/\/www.marianagurza.ro\/blog\/wp-json\/wp\/v2\/posts\/21432\/revisions"}],"predecessor-version":[{"id":21435,"href":"https:\/\/www.marianagurza.ro\/blog\/wp-json\/wp\/v2\/posts\/21432\/revisions\/21435"}],"wp:attachment":[{"href":"https:\/\/www.marianagurza.ro\/blog\/wp-json\/wp\/v2\/media?parent=21432"}],"wp:term":[{"taxonomy":"category","embeddable":true,"href":"https:\/\/www.marianagurza.ro\/blog\/wp-json\/wp\/v2\/categories?post=21432"},{"taxonomy":"post_tag","embeddable":true,"href":"https:\/\/www.marianagurza.ro\/blog\/wp-json\/wp\/v2\/tags?post=21432"}],"curies":[{"name":"wp","href":"https:\/\/api.w.org\/{rel}","templated":true}]}}