{"id":21436,"date":"2015-02-24T10:59:41","date_gmt":"2015-02-24T10:59:41","guid":{"rendered":"http:\/\/www.marianagurza.ro\/blog\/?p=21436"},"modified":"2015-02-24T10:59:41","modified_gmt":"2015-02-24T10:59:41","slug":"valeriu-dulgheru-basarabia-are-stricta-nevoie-acum-de-o-a-treia-forta","status":"publish","type":"post","link":"https:\/\/www.marianagurza.ro\/blog\/2015\/02\/24\/valeriu-dulgheru-basarabia-are-stricta-nevoie-acum-de-o-a-treia-forta\/","title":{"rendered":"Valeriu Dulgheru: Basarabia are strict\u0103 nevoie acum de o a treia for\u021b\u0103"},"content":{"rendered":"<p style=\"text-align: justify;\"><a href=\"http:\/\/www.marianagurza.ro\/blog\/wp-content\/uploads\/2015\/02\/16488_33390_30.jpg\"><img loading=\"lazy\" decoding=\"async\" class=\"alignleft size-medium wp-image-21437\" title=\"16488_33390_30\" src=\"http:\/\/www.marianagurza.ro\/blog\/wp-content\/uploads\/2015\/02\/16488_33390_30-225x300.jpg\" alt=\"\" width=\"225\" height=\"300\" srcset=\"https:\/\/www.marianagurza.ro\/blog\/wp-content\/uploads\/2015\/02\/16488_33390_30-225x300.jpg 225w, https:\/\/www.marianagurza.ro\/blog\/wp-content\/uploads\/2015\/02\/16488_33390_30.jpg 750w\" sizes=\"auto, (max-width: 225px) 100vw, 225px\" \/><\/a>Evenimentele din ultimul timp, foarte triste de altfel pentru electoratul proeuropean, demonstreaz\u0103 necesitatea reformat\u0103rii sectorului de centru-dreapta. \u00cen formatul actual partidele politice de pe acest segment nu mai reprezint\u0103 op\u0163iunea electoratului. Au mai fost precedente \u00een acest sens. \u00cen momentul c\u00e2nd ppcd de pe sectorul de dreapta a deraiat complet, coaliz\u00e2nd deschis cu extrema st\u00e2ng\u0103, comi\u0163\u00e2nd o serie de tr\u0103d\u0103ri ale electoratului s\u0103u, a fost aruncat la groapa de gunoi a istoriei, \u00een locul s\u0103u ap\u0103r\u00e2nd Partidul Liberal, iar \u00een locul forma\u0163iunii \u201e<em>Moldova Noastr\u0103\u201d<\/em> \u015fi a unei aripi din Partidul democrat a fost fondat PLDM. Ambele forma\u0163iuni PL \u015fi PLDM au fost la \u00eenceputuri deosebit de promi\u0163\u0103toare. Aceste dou\u0103 partide cu concursul unei aripi desprinse de la PCRM au r\u0103sturnat \u00een 2009 buturuga mare comunist\u0103, care p\u0103rea de neclintit. De ce acum Filat nu a f\u0103cut acela\u015fi lucru \u2013 \u00een coali\u0163ie cu PL s\u0103 anihileze preten\u0163iile comuni\u015ftilor de a se impune \u00een actuala guvernare. Speran\u0163ele legate de aceste dou\u0103 partide au fost mari. Pe sectorul de centru-dreapta ap\u0103ruse o for\u0163\u0103 comparabil\u0103 ca pondere cu cea a comuni\u015ftilor \u2013 32 de mandate ale PLDM comparativ cu 42 mandate ale comuni\u015ftilor \u00een alegerile din 2010. Cu p\u0103rere de r\u0103u \u00een continuare prestan\u0163a PLDM nu a fost la \u00een\u0103l\u0163ime, fapt ce a f\u0103cut ca la ultimele alegeri s\u0103 ia doar 23 de mandate \u015fi acelea \u00een mare parte datorit\u0103 locomotivei Leanc\u0103. Care va fi prestan\u0163a PLDM \u00een viitor f\u0103r\u0103 aceast\u0103 locomotiv\u0103 nu este greu de pronosticat. Mai ales dup\u0103 marea tr\u0103dare comis\u0103 de liderul PLDM V. Filat dup\u0103 ultimele alegeri parlamentare la investirea noului guvern. Av\u00e2nd o majoritate suficient\u0103 (PLDM, PDM \u015fi PL au acumulat 55 de mandate din 101), c\u00e2\u015ftigat\u0103 cu greu fiindc\u0103 electoratul le-a mai dat o \u015fans\u0103 \u00een pofida mai multor g\u0103in\u0103rii politice \u015fi economice comise de unii exponen\u0163i ai Alian\u0163ei, au cedat puterea at\u00e2t de proste\u015fte. Ne-a \u00eentrebat Filat pe noi, aleg\u0103torii, care am votat PLDM cu Leanc\u0103 candidatul la premier din partea PLDM, dorim noi un alt premier? Nu. Dintr-un motiv de r\u00e2nz\u0103 moldoveneasc\u0103 Filat l-a sacrificat at\u00e2t de mi\u015fele\u015fte pe colegul s\u0103u de partid, primul s\u0103u vicepre\u015fedinte Iu. Leanc\u0103. Ne-a \u00eentrebat Filat, care pe parcursul \u00eentregii perioade de existen\u0163\u0103 a PLDM a mers cu un program (acum vedem declarat doar!!!) anticomunist (v\u0103 mai aminti\u0163i sloganul PLDM-ist \u201e<em>Moldova f\u0103r\u0103 comuni\u015fti\u201d<\/em>)<em>,<\/em> dorim noi o alian\u0163\u0103 cu comuni\u015ftii atunci c\u00e2nd cea mai natural\u0103 ar fi fost alian\u0163a cu PL? Nu. Noi, aleg\u0103torii suntem b\u0103ga\u0163i \u00een seama doar \u00een perioada alegerilor c\u00e2nd ne \u0163ig\u0103nesc votul. Dup\u0103 alegeri devenim o mas\u0103 incomod\u0103, care le \u00eencurc\u0103 s\u0103-\u015fi fac\u0103 hat\u00e2rul dup\u0103 bunul lor plac. Filat ne-a tr\u0103dat, iar aceast\u0103 mare tr\u0103dare \u00eentr-un moment at\u00e2t de crucial pentru destinul de mai departe al acestui col\u0163 de \u0162ar\u0103 nu se iart\u0103. Pentru aceast\u0103 mare tr\u0103dare va fi taxat de electorat a\u015fa cum s-a \u00eentamplat cu Iu. Ro\u015fca. Balonul verde s-a dezumflat, iar harbuzul s-a \u00eenro\u015fit de-a binelea (despre acest lucru am fost aten\u0163iona\u0163i \u00een repetate r\u00e2nduri de M. Ghimpu). Electoratul nu va permite s\u0103 fie min\u0163it \u00eenc\u0103 o dat\u0103. \u015ei atunci ce facem?<\/p>\n<p style=\"text-align: justify;\">Ei bine, dar cu cine s\u0103 mergem \u00eenainte pe calea european\u0103? Cu guvernul Gaburici, o marionet\u0103 \u00een m\u00e2inile lui Voronin \u015fi Filat, reformele solicitate de partenerii europenji vor fi doar mimate. Cu fundul \u00een dou\u0103 luntri nu ai nicio \u015fans\u0103 de a r\u0103m\u00e2ne \u00een echilibru, iar tocmai aceasta a declara noul premier c\u0103 va colabora \u015fi cu estul \u015fi cu vestul (o colaborare avantajoas\u0103 cu Rusia mai \u00een\u0163eleg, dar de obicei, \u00een ultimul timp nu se \u00eent\u00e2mpl\u0103 acest lucru). Anumite \u015fanse de continuare a cursului proeuropean exist\u0103 doar \u00een cazul unei reformat\u0103ri de urgen\u0163\u0103 a sectorului de dreapta &#8211; centru-dreapta, chiar acum p\u00e2n\u0103 la alegerile locale. \u00cen cazul PL este strict necesar de urgen\u0163\u0103 s\u0103 fie adus \u00een fruntea Partidului t\u00e2n\u0103rul Dorin Chirtoac\u0103, care s-a c\u0103lit destul de bine \u00een cele dou\u0103 mandate de primar al Capitalei. Este unica \u015fansa de a se p\u0103stra m\u0103car la nivelul actual dup\u0103 orbec\u0103irile liderului ei \u00een labirintul prea \u00eencurcat creat de Voronin \u015fi Filat \u00een ultimul timp. Dac\u0103 se orienta corect \u00een situa\u0163ia creat\u0103 \u015fi vota \u00een ultimul moment guvernul Leanc\u0103 le-ar fi dejucat c\u0103r\u0163ile lui Filat \u015fi Voronin. \u00cen acest mod ar fi c\u00e2\u015ftigat simpatia aleg\u0103torilor, \u00een viitoarele alegeri fiind privi\u0163i drept salvatori ai cursului proeuropean a\u015fa cum au fost privi\u0163i liberal reformatorii \u00een alegerile recente.<\/p>\n<p style=\"text-align: justify;\">Cea mai mare problem\u0103 \u00eens\u0103 r\u0103m\u00e2ne actualul PLDM condus de V. Filat. Dup\u0103 marile tr\u0103d\u0103ri recente Filat nu mai are dreptul moral de a reprezenta segmentul centru-dreapta. \u00cen calitate de lider Filat este un trup politic, care calc\u0103 pe urmele lui Ro\u015fca. Se vede c\u0103 contactele cu pcrm sunt contagioase, sunt ca o grip\u0103 care neap\u0103rat duc la un final trist al celor care contacteaz\u0103 cu ei. L-am fi \u00een\u0163eles pe Filat dac\u0103 nu avea alte variante \u00eens\u0103, av\u00e2nd varianta natural\u0103 de coali\u0163ie cu cei mai apropia\u0163i pe segment \u2013 PL, el a preferat o c\u00e2rd\u0103\u015fie cu extrema dreapt\u0103, cu Voronin. Dumnezeu cu d\u00e2nsul, a fost alegerea sa. \u00cen loc s\u0103 devin\u0103 erou na\u0163ional \u00een aceast\u0103 perioad\u0103 crucial\u0103 pentru integrarea european\u0103 a Republicii Moldova el a devenit blestemul, \u00een primul r\u00e2nd, al tinerei genera\u0163ii, care a pierdut orice \u00eencredere \u00eentr-un viitor european al Republicii Moldova \u015fi \u00een rostul de a mai r\u0103m\u00e2ne acas\u0103 pentru a pune um\u0103rul la cl\u0103direa acestui viitor european.<\/p>\n<p style=\"text-align: justify;\">Ce-i de f\u0103cut \u00een aceast\u0103 situa\u0163ie extrem de dificil\u0103, \u00een care se afl\u0103 acum PLDM? Cea mai bun\u0103 variant\u0103 ar fi ca dup\u0103 aceste mari tr\u0103d\u0103ri V. Filat s\u0103-\u015fi dea demisia din postul de pre\u015fedinte PLDM pentru a salva partidul. Cunosc\u00e2nd \u00eens\u0103 faptul c\u0103 liderii partidelor moldovene\u015fti sunt bolnavi incurabil de boala liderismului acest lucru este practic imposibil. Mai miz\u0103m pe cei cu mintea treaz\u0103 din PLDM, care au v\u0103zut derapajele liderului lor, dar ei vor adera doar la o for\u0163\u0103 comparabil\u0103 cu a PLDM de alt\u0103 dat\u0103. De aceea este strict necesar\u0103 apari\u0163ia unei for\u0163e a treia, capabil\u0103 s\u0103 \u00eenlocuiasc\u0103 PLDM-ul aflat \u00een c\u0103dere liber\u0103. Cine ar putea ini\u0163ia aceast\u0103 forma\u0163iune politic\u0103? Iu. Leanc\u0103, care p\u00e2n\u0103 nu demult era politicianul cu cel mai mare raiting. Are toate capacit\u0103\u0163ile de a constitui o forma\u0163iune politic\u0103 de tip european. Fiind victima lui Filat el nu trebuie s\u0103 se lase b\u0103tut, strivit. P\u0103cat ar fi s\u0103 risipe aceast\u0103 \u00eencredere a electoratului care, pentru politicienii\u00a0 iesi\u0163i din politica mare, e de scurt\u0103 durat\u0103. \u00cen c\u00e2teva emisiuni televizate dup\u0103 tristul incident din parlament Dl Iu. Leanc\u0103 a dat de \u00een\u0163eles c\u0103 va r\u0103m\u00e2ne \u00een politic\u0103, c\u0103 probabil va porni la construirea unei noi forma\u0163iuni politice. Iat\u0103 atunci aripa treaz\u0103 a PLDM ar trebui s\u0103-l urmeze. Iu. Leanc\u0103 \u00een func\u0163ia de ministru de externe \u015fi al Integr\u0103rii Europene, dar, \u00een special \u00een cea de prim ministru a demonstrat capacit\u0103\u0163i de bun organizator (pe parcursul a 1,5 ani de aflare \u00een fruntea guvernului nu s-a auzit de nici un conflict \u00een interiorul guvernului, destul de eterogen din cauza principiului defect de formare \u00een baza algoritmului, ceea ce nu po\u0163i spune despre perioada c\u00e2nd \u00een fruntea guvernului s-a aflat Filat). A declarat o prioritate a noului guvern lupa cu corup\u0163ia de la cel mai \u00eenalt nivel, dar imi dau seama c\u0103 ar fi fost cu m\u00e2inile legate fiindc\u0103 trebuia s\u0103 \u00eenceap\u0103 de la Plahotniuc, Filat \u015f.a. din v\u00e2rful piramidei. Invitarea unor auditori str\u0103ini pentru a clarifica situa\u0163ia de la Banca de Economii \u015fi Banca Social\u0103 este un argument \u00een favoarea inten\u0163iilor reale ale lui Iu. Leanc\u0103. Poate anume acest lucru ia pus \u00een gard\u0103 pe moguli, care l-au sacrificat. Este conciliabil, colegial, este un foarte bun diplomat, av\u00e2nd \u00een spate o bun\u0103 \u015fcoal\u0103 diplomatic\u0103, se bucur\u0103 de cea mai mare \u00eencredere a partenerilor europeni. A reu\u015fit \u00een scurt timp s\u0103 ob\u0163in\u0103 rezultate palpabile (regimul f\u0103r\u0103 vize, de care au beneficiat deja sute de mii de moldoveni, regim preferen\u0163ial de comer\u0163 \u015fi, nu \u00een ultimul r\u00e2nd, semnarea Acordului de Asociere la Uniunea European\u0103, spre care drumul a fost at\u00e2t de ghimpos \u015fi lung (15 ani dac\u0103 consider\u0103m c\u0103 l-ar fi putut semna premierul I. Sturza dac\u0103 nu ar fi existat marea tr\u0103dare a lui Iu. Ro\u015fca). Ei bine, premierul Leanc\u0103 a reu\u015fit s\u0103 semneze Acordul de Asociere, s\u0103 includ\u0103 (sunt sigur la insisten\u0163ele domniei sale!) \u00een programul electoral un calendar clar de implementare a acestui Acord, chiar \u00een a.c. fiind planificat\u0103 depunerea cererii de aderare la Uniunea European\u0103, s\u0103 creeze \u00een scurt timp o imagine foarte favorabil\u0103 a Republicii Moldova \u00een fa\u0163a partenerilor europeni. \u00cens\u0103, dup\u0103 cum vedem, \u015fi de aceast\u0103 dat\u0103 speran\u0163ele noastre de integrare rapid\u0103 \u00een Uniunea European\u0103, ne-au fost spulberate. Implementarea acestui Acord a fost compromis\u0103 de Filat care practic s-a al\u0103turat lui Lupu, care a declarat c\u0103 e prea devreme s\u0103 depunem cererea de aderare la Uniunea European\u0103 (reprezentantul UE \u00een Republica Moldova P. Tapiola spune c\u0103 nu e devreme, iar Lupu (\u015fi Filat, care a r\u0103mas de unul singur \u00een fa\u0163a rechinilor Voronin \u015fi Lupu, nedorind o colaborare \u00een acest sens cu M. Ghimpu. Dar poate asta a dorit!) spune c\u0103 e devreme. Ce nu ai face dar lupul tot \u00een taigaua estic\u0103 se va uita, de aceea a fost strict necesar\u0103 prezenta PL-ului \u00een coali\u0163ia de guvernare. Toat\u0103 vina pentru acest e\u015fec o poart\u0103 V. Filat, care cu 23 de mandate avea cuv\u00e2ntul hot\u0103r\u00e2tor \u00een Alian\u0163\u0103. Cu 55 de mandate se putea guverna lejer, t\u00e2rgul cu comuni\u015ftii fiind l\u0103sat pentru mai t\u00e2rziu, c\u00e2nd ap\u0103rea problema alegerii pre\u015fedintelui Republicii.<\/p>\n<p style=\"text-align: justify;\">Suntem \u00eentr-o situa\u0163ie de neinvidiat. Pe de o parte suntem ataca\u0163i tot mai dur de marionetele Kremlinului pe fundalul unei guvern\u0103ri slabe, imprevizibile, pe de alt\u0103 parte revenirea Rusiei \u00een Republica Moldova (ru\u015fii fuduli dar fl\u0103m\u00e2nzi au uitat c\u0103 fructele \u015fi legumele noastre sunt \u201e<em>pline de pesticide\u201d<\/em> \u015fi le-ar dori pe pia\u0163a lor. Bunii no\u015ftri fermieri ar trebui s\u0103 continuie c\u0103utarea unor noi pie\u0163e de desfacere (ceea ce, \u00een mare parte fac) fiindc\u0103 pia\u0163a rus\u0103 va fi deschis\u0103 p\u00e2n\u0103 la urm\u0103toarea sup\u0103rare a lui Putin pe guvernarea de la Chi\u015fin\u0103u c\u00e2nd nu se va consulta cu el pe anumite probleme). \u00cen plan economic situa\u0163ia este dezastruoas\u0103. Dup\u0103 g\u0103in\u0103riile (ale cui oare?) cu leul moldovenesc, care a compromis \u00eencrederea investitorilor locali, va urma o \u00eencetinire a procesului de ajutorare din partea structurilor europene.<\/p>\n<p style=\"text-align: justify;\">M\u0103 g\u00e2ndesc cu groaz\u0103 ce va fi la urm\u0103toarele alegeri parlamentare, care \u00een modul cum a pornit (cu piciorul st\u00e2ng) actuala guvernare nu va fi de lung\u0103 durat\u0103. Cine ne va reprezenta pe sectorul de centru-dreapta? PLDM-ul, dup\u0103 cum spuneam, se afl\u0103 \u00een c\u0103dere liber\u0103 \u015fi dup\u0103 c\u00e2rd\u0103\u0219ia cu comuni\u0219tii nu ne mai poate reprezenta speran\u0163ele noastre proeuropene. Desigur, locul gol va fi umplut cu o umplutur\u0103 \u00eens\u0103 nu de calitate. Se vor av\u00e2nta cu pieptul gol \u00een fa\u0163a ambrazurii electorale puzderii de partidu\u0163e politice cu tot soiul de mitici \u00een frunte. Pentru a evita o astfel de situa\u0163ie este strict necesar\u0103 apari\u0163ia unei forma\u0163iuni politice noi. Cel mai indicat lider al acestei noi forma\u0163iuni este Iu. Leanc\u0103. Dar f\u0103r\u0103 o sus\u0163inere real\u0103 nu va face mult\u0103 treab\u0103. \u00cen acest caz cred c\u0103 ar fi foarte binevenit\u0103 conlucrarea celor doi fo\u015fti prim mini\u015ftri (cei mai buni \u00een perioada de independen\u0163\u0103) Iu. Leanc\u0103 \u015fi I. Sturza, care au foarte multe \u00een comun: primul a semnat Acordul de Asociere la UE, iar cel de-al doilea era la un pas de semnare. Ambii au clare op\u0163iuni europene. Dle I. Sturza, care a\u0163i \u015fov\u0103it prea mult privind re\u00eentoarcerea \u00een marea politic\u0103, acum este momentul. Pe l\u00e2ng\u0103 frac\u0163iunea din PLDM, care \u00eel va urma pe Iu. Leanc\u0103 (sper s\u0103 fie numeroas\u0103, prea mare este miza \u00een viitoarele alegeri!), pentru a o fortifica la aceast\u0103 construc\u0163ie poate fi atras\u0103 \u015fi frac\u0163inea reformatoare liberal\u0103 \u2013 PLR. Ultimele alegeri au demonstrat pericolul, care pa\u015fte partidele mici. Pentru a evita colapsul la viitoarele alegeri parlamentare (venirea masiv\u0103 la putere a psrm, care poate lua locul pcrm, a lui Usat\u00e2i, care a demonstrat ce se poate face \u00een alegeri cu banii \u015fi sus\u0163inerea Rusiei (un partid inexistent practic avea \u015fansele s\u0103 ia peste 10% din voturi, iar psrm \u2013 un alt partidu\u0163 p\u00e2n\u0103 mai ieri a luat majoritate din voturi). Desigur, va fi strict necesar\u0103 sus\u0163inerea major\u0103 din partea societ\u0103\u0163ii civile, a intelectualit\u0103\u0163ii, a surselor de informare \u00een mas\u0103 \u015fi, de ce nu, a ajutorului financiar din partea \u00eentreprinz\u0103torilor de bun\u0103 credin\u0163\u0103. Este pus \u00een joc viitorul european al acestui col\u0163 de \u0162ar\u0103. S\u0103 ne p\u0103trundem cu to\u0163ii de importan\u0163a major\u0103 a momentului.<\/p>\n<p style=\"text-align: justify;\">Lui Iu. Leanc\u0103 \u00eei revine o misiune extrem de grea.<\/p>\n<p style=\"text-align: justify;\">S\u0103-i ajute Dumnezeu \u00een nobila misiune!<\/p>\n<p style=\"text-align: justify;\">\u015ei noi cu to\u0163ii, de asemenea!<\/p>\n<p style=\"text-align: justify;\">\n<p style=\"text-align: justify;\">\n<p style=\"text-align: right;\" align=\"right\"><strong><em>Valeriu Dulgheru<\/em><\/strong><\/p>\n<p style=\"text-align: justify;\" align=\"right\"><strong><em>\u00a0<\/em><\/strong><\/p>\n<p style=\"text-align: justify;\">\n<p style=\"text-align: justify;\">\n","protected":false},"excerpt":{"rendered":"<p>Evenimentele din ultimul timp, foarte triste de altfel pentru electoratul proeuropean, demonstreaz\u0103 necesitatea reformat\u0103rii sectorului de centru-dreapta. \u00cen formatul actual [&#038;hellip<\/p>\n","protected":false},"author":1,"featured_media":0,"comment_status":"closed","ping_status":"closed","sticky":false,"template":"","format":"standard","meta":{"footnotes":""},"categories":[3],"tags":[],"class_list":["post-21436","post","type-post","status-publish","format-standard","hentry","category-articole"],"_links":{"self":[{"href":"https:\/\/www.marianagurza.ro\/blog\/wp-json\/wp\/v2\/posts\/21436","targetHints":{"allow":["GET"]}}],"collection":[{"href":"https:\/\/www.marianagurza.ro\/blog\/wp-json\/wp\/v2\/posts"}],"about":[{"href":"https:\/\/www.marianagurza.ro\/blog\/wp-json\/wp\/v2\/types\/post"}],"author":[{"embeddable":true,"href":"https:\/\/www.marianagurza.ro\/blog\/wp-json\/wp\/v2\/users\/1"}],"replies":[{"embeddable":true,"href":"https:\/\/www.marianagurza.ro\/blog\/wp-json\/wp\/v2\/comments?post=21436"}],"version-history":[{"count":2,"href":"https:\/\/www.marianagurza.ro\/blog\/wp-json\/wp\/v2\/posts\/21436\/revisions"}],"predecessor-version":[{"id":21439,"href":"https:\/\/www.marianagurza.ro\/blog\/wp-json\/wp\/v2\/posts\/21436\/revisions\/21439"}],"wp:attachment":[{"href":"https:\/\/www.marianagurza.ro\/blog\/wp-json\/wp\/v2\/media?parent=21436"}],"wp:term":[{"taxonomy":"category","embeddable":true,"href":"https:\/\/www.marianagurza.ro\/blog\/wp-json\/wp\/v2\/categories?post=21436"},{"taxonomy":"post_tag","embeddable":true,"href":"https:\/\/www.marianagurza.ro\/blog\/wp-json\/wp\/v2\/tags?post=21436"}],"curies":[{"name":"wp","href":"https:\/\/api.w.org\/{rel}","templated":true}]}}