{"id":21460,"date":"2015-02-24T21:50:01","date_gmt":"2015-02-24T21:50:01","guid":{"rendered":"http:\/\/www.marianagurza.ro\/blog\/?p=21460"},"modified":"2015-02-25T14:54:00","modified_gmt":"2015-02-25T14:54:00","slug":"corneliu-leu-bugetul-personal-al-scriitorului-si-foamea-pe-care-vor-alesii-sa-i-o-timbreze","status":"publish","type":"post","link":"https:\/\/www.marianagurza.ro\/blog\/2015\/02\/24\/corneliu-leu-bugetul-personal-al-scriitorului-si-foamea-pe-care-vor-alesii-sa-i-o-timbreze\/","title":{"rendered":"Corneliu  LEU: Bugetul personal al scriitorului \u0219i foamea pe care vor ale\u0219ii s\u0103 i-o timbreze"},"content":{"rendered":"<p style=\"text-align: justify;\">\u00a0 <a href=\"http:\/\/www.marianagurza.ro\/blog\/wp-content\/uploads\/2015\/02\/Corneliu_Leu.jpg\"><img loading=\"lazy\" decoding=\"async\" class=\"alignleft\" title=\"Corneliu_Leu\" src=\"http:\/\/www.marianagurza.ro\/blog\/wp-content\/uploads\/2015\/02\/Corneliu_Leu-150x150.jpg\" alt=\"\" width=\"150\" height=\"150\" \/><\/a>M\u0103 sun\u0103 confra\u021bii agita\u021bi, confra\u021bii indigna\u021bi, confra\u021bii nedumeri\u021bi de ceea ce vor ale\u0219ii lor\u00a0 din Uniuni, precum \u0219i ale\u0219ii ale\u0219ilor lor din Parlament cu acest timbru; \u0219i m\u0103 acuz\u0103 c\u0103 stau insensibil, privind cu prea mult calm.<\/p>\n<p style=\"text-align: justify;\">\u00a0\u00a0 M\u0103 sun\u0103, dintre cunoscu\u021bi, telespectatorii mai obiectivi \u0219i m\u0103-ntreab\u0103 ce p\u0103rere am despre ce se tot spune la televizor, c\u0103 timbrul ar schimba soarta famelic\u0103 a scriitorului.<\/p>\n<p style=\"text-align: justify;\">\u00a0\u00a0\u00a0 M\u0103 sun\u0103 profesioni\u0219ti buni care m\u0103-ntreab\u0103 dac\u0103 avem ceva de c\u00e2\u0219tigat din asta \u0219i m\u0103 sun\u0103 grafomani care sper\u0103 c\u0103, ie\u0219ind scandal, s\u0103-i primeasc\u0103 \u0219i pe ei \u00een Uniunea Scriitorilor.<\/p>\n<p style=\"text-align: justify;\">\u00a0\u00a0\u00a0\u00a0 M\u0103 sun\u0103, m\u0103 sun\u0103, m\u0103 sun\u0103!&#8230;<\/p>\n<p style=\"text-align: justify;\">\u00a0\u00a0\u00a0\u00a0\u00a0\u00a0\u00a0\u00a0\u00cenainte vreme a\u0219 fi spus c\u0103 telefonul meu sun\u0103-ntr-una ca la Gara de Nord; dar cu foamea asta general\u0103, \u00een care nu mai sunt bani pentru biletul de tren, singura compara\u021bie e cu urgen\u021bele de la unu, unu, doi!&#8230; M\u0103 sun\u0103, iar eu nu pot s\u0103 r\u0103spund fiindc\u0103 r\u00e2d \u0219i r\u00e2d \u0219i r\u00e2d&#8230;<\/p>\n<p style=\"text-align: justify;\">\u00a0\u00a0\u00a0\u00a0\u00a0\u00a0\u00a0\u00a0\u00a0\u00a0Nu, nu r\u00e2d de moftul lor, al celor care spun populist c\u0103 fac toat\u0103 aceast\u0103 tevatur\u0103 pentru mine \u0219i pentru nivelul meu de trai; nici de rafinamentul celor care vorbesc elevat despre \u201econdi\u021bia creatorului\u201d!&#8230; Nu.\u00a0 Fiindc\u0103 asta nu e de r\u00e2s. Logica simpl\u0103 \u00eemi spune c\u0103, pentru mine, ca scriitor pe pia\u021ba liber\u0103, care depind de modul \u00een care mi se v\u00e2nd c\u0103r\u021bile, orice scumpire m\u0103 \u00eendep\u0103rteaz\u0103 de cump\u0103r\u0103tor, deci m\u0103 las\u0103 mai fl\u0103m\u00e2nd. Eu \u0219tiu clar c\u0103 doar rela\u021bia mea intermediat\u0103 de editor, cu cititorul care m\u0103 cump\u0103r\u0103, \u00eemi face masa mai bogat\u0103 sau mai s\u0103rac\u0103. \u00cen vreme ce rela\u021bia \u00eencas\u0103rilor mele intermediat\u0103 de o organiza\u021bie ce le timbreaz\u0103, acoper\u0103 cel mult salariile celor care o timbreaz\u0103. A\u0219a c\u0103 nu m\u0103 bag \u00een aceast\u0103 poveste \u0219i, la fel cum cet\u0103\u021beanul agresat de fiscalitate se roag\u0103 la Dumnezeu s\u0103 nu-l mai binecuvinteze guvernul cu vreo tax\u0103, eu sunt mul\u021bumit cu orice stare care nu-mi alung\u0103 sau nu-mi \u00eempu\u021bineaz\u0103 cititorii.<\/p>\n<p style=\"text-align: justify;\">\u00a0\u00a0\u00a0\u00a0\u00a0\u00a0\u00a0\u00a0\u00a0\u00a0\u00a0Pentru c\u0103, a\u0219a cum vedeau autorii ratatei prevederi legislative, banii pe timbru trebuie s\u0103 se fure\u00a0 din punga autorului, l\u0103s\u00e2ndu-l f\u0103r\u0103 cititiori \u0219i\u00a0 fac\u00e2ndu-i pe editori s\u0103 dea banii \u00eenainte, precum \u0219tim noi unde: La casa de toleran\u021b\u0103 a guvernului fiscalist!&#8230;\u00a0 De aici ar fi urmat, chipurile, s\u0103 se \u00eempart\u0103 cu organiza\u021bii asociative care nu-i redistribuie niciodat\u0103 la to\u021bi membrii, ci numai \u00eentre o mic\u0103 parte a lor. Deci, beneficiari ar fi c\u00e2\u021biva, iar\u00a0 perdan\u021bii sunt marea mas\u0103 de creatori la care se adaug\u0103 editorii sau produc\u0103torii lor, plus cititorii c\u0103rora li se bag\u0103 m\u00e2na-n buzunar pentru o tax\u0103 de vreo \u0219apte ori mai mare.<\/p>\n<p style=\"text-align: justify;\">\u00a0\u00a0\u00a0\u00a0\u00a0\u00a0\u00a0\u00a0\u00a0\u00a0\u00a0 \u0218i atunci, v\u0103 ve\u021bi \u00eentreba, desigur: Ce naiba g\u0103sesc de r\u00e2s?!<\/p>\n<p style=\"text-align: justify;\">\u00a0\u00a0\u00a0\u00a0\u00a0\u00a0\u00a0\u00a0\u00a0\u00a0\u00a0 G\u0103sesc de r\u00e2s toate argumentele caduce pe care le-au rostit asear\u0103 la un post TV ni\u0219te staro\u0219ti de breasl\u0103 artistic\u0103 &#8211; pre\u0219edin\u021bi care, au \u0219i recunoscut c\u0103 \u201e\u00cencas\u00e2nd timbrul, \u00ee\u0219i pot pl\u0103ti \u00eenc\u0103lzirea pentru biroul lor\u201d, adic\u0103 un lucru care, pe mine, nu m\u0103 \u00eenc\u0103lze\u0219te cu nimic&#8230; Dar g\u0103sesc de r\u00e2s mai ales faptul c\u0103 rizibilul nu i-a f\u0103cut s\u0103 se jeneze pe parlamentarii care au luat \u00een serios aceast\u0103 Lege. A c\u0103rei expunere de motive, chiar dac\u0103 este semnat\u0103 de doi deputa\u021bi \u0219i un\u00a0 senator, are stilul inconfundabil\u00a0 al unui confrate de al nostru pe care de cur\u00e2nd l-am v\u0103zut l\u0103crim\u00e2nd. Dar nu din grija pentru noi, ci din usturimea gazelor&#8230; furnizate la pre\u021b ieftin unui veros cavaler de industrie.<\/p>\n<p style=\"text-align: justify;\">\u00a0\u00a0\u00a0\u00a0\u00a0\u00a0\u00a0\u00a0\u00a0\u00a0\u00a0 Se constat\u0103, deci, c\u0103 lucrurile nu stau a\u0219a cum m\u0103 acuz\u0103 unii: m-a interesat \u0219i pe mine scandalul \u0219i am vrut s\u0103 m\u0103 documentez. Astfel am ajuns la elementele \u00eenso\u021bitoare ale \u201e<em>Legii privind\u00a0 instituirea\u00a0 timbrului cultural\u201d<\/em>\u00a0 ini\u021biat\u0103 de\u00a0 domnii parlamentari Traian Dobrinescu, Varujan Vosganian \u0219i Gigel Sorinel \u0218tirbu, care scriu \u00een Expunerea de motive, adic\u0103 \u00een documentul de sus\u021binere ce trebuie s\u0103 fie cel mai temeinic \u0219i mai sobru la o lege :<\/p>\n<p style=\"text-align: justify;\">\u00a0\u00a0\u00a0\u00a0\u00a0\u00a0\u00a0\u00a0\u00a0\u00a0\u00a0 \u201e&#8230;<em>Prezentul act normativ&#8230; va \u00eenlocui Legea nr 35\/1994&#8230; \u00eentruc\u00e2t s-a dovedit greu aplicabil\u0103 \u0219i, \u00een consecin\u021b\u0103, ineficient\u0103&#8230;\u201d \u2013 <\/em>text onest<em> <\/em>\u0219i la locul lui, dar, c\u0103ruia, imediat, \u00eei urmeaz\u0103 ca o mare tirad\u0103 de teatru sfor\u0103itor, urm\u0103toarea fraz\u0103 ce se dore\u0219te a fi argumentativ\u0103: <strong>\u201e<em>&#8230;Cultura rom\u00e2neasc\u0103, de\u0219i este copilul inteligent \u0219i talentat al familiei, a fost trimis\u0103 la col\u021bul str\u0103zii s\u0103 se descurce. \u0218i nu se descurc\u0103 la col\u021bul str\u0103zii!<\/em><\/strong><em> Timbrul cultural poate, \u00eens\u0103 rezolva problema existen\u021bei ei&#8230;\u201d<\/em>etc, etc&#8230;<\/p>\n<p style=\"text-align: justify;\">\u00a0\u00a0\u00a0\u00a0\u00a0\u00a0\u00a0\u00a0\u00a0\u00a0\u00a0 Vai de mine, Domnule Deputat Dobrinescu, vai de mine Domnule Deputat \u0218tirbu, m\u0103 emo\u021bioneaz\u0103 sensibilitatea artistic\u0103 a limbajului Dumneavoastr\u0103, dar nu pot crede c\u0103 gogom\u0103nia cu copilul de la col\u021bul str\u0103zii v\u0103 apar\u021bine!&#8230; De ce nu se descurc\u0103, oare, acolo, la col\u021bul str\u0103zii, acest <strong><em>copil inteligent \u0219i talentat al familiei?!<\/em><\/strong><\/p>\n<p style=\"text-align: justify;\">\u00a0\u00a0\u00a0\u00a0\u00a0\u00a0\u00a0\u00a0\u00a0\u00a0\u00a0 P\u0103i, cum o s\u0103 se descurce, dac\u0103 nici un ministru nu trece pe acolo ca s\u0103-i dea \u0219i lui ni\u0219te gaze mai ieftine?!&#8230; Cum o s\u0103 se desurce dac\u0103 nici un pre\u0219edinte sau prim-vicepre\u0219edinte de Uniune nu-i d\u0103 \u0219i lui un premiu pentru opera-omnia?!&#8230; Cum o s\u0103 se descurce dac\u0103, oric\u00e2t s-ar \u00eencasa acest timbru, el se cheltuie\u0219te tot pentru \u00eempingerea unora spre \u201eNobel\u201d; chiar \u0219i \u00een \u0219oapte!.. \u0218oapte manipulate prin fondurile de la Copyro \u0219i mai pu\u021bin auzite de membrii de r\u00e2nd, pe care nu-i \u00eenc\u0103lze\u0219te cu nimic timbrul!&#8230;<\/p>\n<p style=\"text-align: justify;\">\u00a0\u00a0\u00a0\u00a0\u00a0\u00a0\u00a0\u00a0\u00a0\u00a0\u00a0 \u00cen vreme ce, nou\u0103, ni se alung\u0103 bruma de cititori, prin tentativa acestor accize umflate, ca \u0219i cum cartea se vinde ca benzina \u0219i poate suporta oscila\u021bia pre\u021burilor artificial globalizate.<\/p>\n<p style=\"text-align: justify;\">\u00a0\u00a0\u00a0\u00a0\u00a0\u00a0\u00a0\u00a0\u00a0\u00a0\u00a0 Exist\u0103 o singur\u0103 solu\u021bie legislativ\u0103 pentru aceasta: S\u0103 acord\u0103m imunitate parlamentar\u0103 membrilor Uniunii Scriitorilor \u0219i s\u0103-i facem s\u0103 aspire la premii literare pe parlamentari!&#8230;<\/p>\n<p style=\"text-align: justify;\">\u00a0\u00a0\u00a0\u00a0\u00a0\u00a0\u00a0\u00a0\u00a0\u00a0\u00a0 V\u0103 rog frumos, lua\u021bi-m\u0103 \u00een serios \u0219i nu r\u00e2de\u021bi de acest paradox. Eu cred c\u0103 &#8211; de facto &#8211; lucrul s-a \u0219i \u00eent\u00eemplat. Poate c\u0103 nu voit legislativ; dar din confuzia creat\u0103 voit de unii, de vreme ce sunt \u00een stare s\u0103 \u00eemp\u0103neze cu asemenea formul\u0103ri o prea cinstit\u0103 \u0219i sobr\u0103 expunere de motive. \u0218i tocmai de asta, copilul inteligent \u0219i talentat \u00ee\u0219i consum\u0103 genialitatea st\u00e2nd cu m\u00e2na-ntins\u0103 la col\u021bul str\u0103zii, ca \u0219i cum ar cere mil\u0103 \u00een plenul Senatului.<\/p>\n<p style=\"text-align: justify;\">\u00a0\u00a0\u00a0\u00a0\u00a0\u00a0\u00a0\u00a0\u00a0\u00a0\u00a0 Teribil\u0103 metafor\u0103! Tare a\u0219 vrea s-o v\u0103d\u00a0 analizat\u0103 \u0219i comentat\u0103 sub toate aspectele valen\u021belor ei etice \u0219i estetice, \u00eentr-un studiu pe care, la desp\u0103r\u021birea de prim-vicepre\u0219edintele s\u0103u, \u00eel va semna Nicolae Manolescu.<\/p>\n<p style=\"text-align: justify;\">\u00a0\u00a0\u00a0\u00a0\u00a0\u00a0\u00a0\u00a0\u00a0\u00a0\u00a0 Pe care \u00eel salut netimbrat, dar cu \u00eentregul meu respect colegial de cotizant la zi.<\/p>\n<p>&nbsp;<\/p>\n<p style=\"text-align: center;\"><strong>Corneliu\u00a0 LEU<\/strong><\/p>\n<p><em>\u00a0<\/em><\/p>\n","protected":false},"excerpt":{"rendered":"<p>\u00a0 M\u0103 sun\u0103 confra\u021bii agita\u021bi, confra\u021bii indigna\u021bi, confra\u021bii nedumeri\u021bi de ceea ce vor ale\u0219ii lor\u00a0 din Uniuni, precum \u0219i ale\u0219ii [&#038;hellip<\/p>\n","protected":false},"author":1,"featured_media":0,"comment_status":"closed","ping_status":"closed","sticky":false,"template":"","format":"standard","meta":{"footnotes":""},"categories":[3],"tags":[],"class_list":["post-21460","post","type-post","status-publish","format-standard","hentry","category-articole"],"_links":{"self":[{"href":"https:\/\/www.marianagurza.ro\/blog\/wp-json\/wp\/v2\/posts\/21460","targetHints":{"allow":["GET"]}}],"collection":[{"href":"https:\/\/www.marianagurza.ro\/blog\/wp-json\/wp\/v2\/posts"}],"about":[{"href":"https:\/\/www.marianagurza.ro\/blog\/wp-json\/wp\/v2\/types\/post"}],"author":[{"embeddable":true,"href":"https:\/\/www.marianagurza.ro\/blog\/wp-json\/wp\/v2\/users\/1"}],"replies":[{"embeddable":true,"href":"https:\/\/www.marianagurza.ro\/blog\/wp-json\/wp\/v2\/comments?post=21460"}],"version-history":[{"count":5,"href":"https:\/\/www.marianagurza.ro\/blog\/wp-json\/wp\/v2\/posts\/21460\/revisions"}],"predecessor-version":[{"id":21463,"href":"https:\/\/www.marianagurza.ro\/blog\/wp-json\/wp\/v2\/posts\/21460\/revisions\/21463"}],"wp:attachment":[{"href":"https:\/\/www.marianagurza.ro\/blog\/wp-json\/wp\/v2\/media?parent=21460"}],"wp:term":[{"taxonomy":"category","embeddable":true,"href":"https:\/\/www.marianagurza.ro\/blog\/wp-json\/wp\/v2\/categories?post=21460"},{"taxonomy":"post_tag","embeddable":true,"href":"https:\/\/www.marianagurza.ro\/blog\/wp-json\/wp\/v2\/tags?post=21460"}],"curies":[{"name":"wp","href":"https:\/\/api.w.org\/{rel}","templated":true}]}}