{"id":21513,"date":"2015-03-01T08:19:56","date_gmt":"2015-03-01T08:19:56","guid":{"rendered":"http:\/\/www.marianagurza.ro\/blog\/?p=21513"},"modified":"2015-03-01T08:19:56","modified_gmt":"2015-03-01T08:19:56","slug":"sandu-catinean-un-cant-duios-de-primavara","status":"publish","type":"post","link":"https:\/\/www.marianagurza.ro\/blog\/2015\/03\/01\/sandu-catinean-un-cant-duios-de-primavara\/","title":{"rendered":"Sandu C\u0103tinean: Un c\u00e2nt duios de prim\u0103var\u0103"},"content":{"rendered":"<p style=\"text-align: center;\"><a href=\"http:\/\/www.marianagurza.ro\/blog\/wp-content\/uploads\/2015\/03\/1-martie-sandu-catinean.jpg\"><img loading=\"lazy\" decoding=\"async\" class=\"size-medium wp-image-21514\" title=\"1 martie sandu catinean\" src=\"http:\/\/www.marianagurza.ro\/blog\/wp-content\/uploads\/2015\/03\/1-martie-sandu-catinean-300x225.jpg\" alt=\"\" width=\"300\" height=\"225\" srcset=\"https:\/\/www.marianagurza.ro\/blog\/wp-content\/uploads\/2015\/03\/1-martie-sandu-catinean-300x225.jpg 300w, https:\/\/www.marianagurza.ro\/blog\/wp-content\/uploads\/2015\/03\/1-martie-sandu-catinean.jpg 800w\" sizes=\"auto, (max-width: 300px) 100vw, 300px\" \/><\/a><\/p>\n<p><strong>Un c\u00e2nt duios de prim\u0103var\u0103<\/strong><\/p>\n<p>&nbsp;<\/p>\n<p>A trecut prin cr\u00e2ng o veste<br \/>\nC\u0103 p\u0103durea-ar fi-nflorit<br \/>\nGhiocei sub cruste albe<br \/>\nAst\u0103 noapte-au r\u0103s\u0103rit<\/p>\n<p>&nbsp;<\/p>\n<p>Soarele s\u0103rut\u0103 mun\u0163ii<br \/>\nSc\u00e2nteind, z\u0103pada moare<br \/>\nH\u0103ulind, se sfarm\u0103 ghe\u0163uri<br \/>\nDinspre v\u0103i, r\u0103spund izvoare<\/p>\n<p>&nbsp;<\/p>\n<p>Prin poiene, c\u0103prioare<br \/>\nR\u0103t\u0103cesc timid, a fric\u0103<br \/>\nTremur\u00e2nd, br\u00e2ndu\u015fe albe<br \/>\nCapul din frunzi\u015f ridic\u0103<\/p>\n<p>&nbsp;<\/p>\n<p>V\u00e2ntul c\u00e2nt\u0103 o c\u00e2ntare<br \/>\nDespre-un arbore-nflorit<br \/>\nR\u0103t\u0103cind prin cr\u00e2ng, alene<br \/>\nUn concert \u015fi-ar fi dorit<\/p>\n<p>&nbsp;<\/p>\n<p>Peste toate dor \u015fi c\u00e2ntec<br \/>\nSoare trist \u015fi albe creste<br \/>\nPrim\u0103vara-\u015fi poart\u0103 visul<br \/>\nP\u00e2n la var\u0103, mult mai este&#8230;<\/p>\n<p>&nbsp;<\/p>\n<p style=\"text-align: center;\"><strong>Sandu C\u0103tinean din Bon\u0163ida<\/strong><\/p>\n","protected":false},"excerpt":{"rendered":"<p>Un c\u00e2nt duios de prim\u0103var\u0103 &nbsp; A trecut prin cr\u00e2ng o veste C\u0103 p\u0103durea-ar fi-nflorit Ghiocei sub cruste albe Ast\u0103 [&#038;hellip<\/p>\n","protected":false},"author":1,"featured_media":0,"comment_status":"closed","ping_status":"closed","sticky":false,"template":"","format":"standard","meta":{"footnotes":""},"categories":[3],"tags":[],"class_list":["post-21513","post","type-post","status-publish","format-standard","hentry","category-articole"],"_links":{"self":[{"href":"https:\/\/www.marianagurza.ro\/blog\/wp-json\/wp\/v2\/posts\/21513","targetHints":{"allow":["GET"]}}],"collection":[{"href":"https:\/\/www.marianagurza.ro\/blog\/wp-json\/wp\/v2\/posts"}],"about":[{"href":"https:\/\/www.marianagurza.ro\/blog\/wp-json\/wp\/v2\/types\/post"}],"author":[{"embeddable":true,"href":"https:\/\/www.marianagurza.ro\/blog\/wp-json\/wp\/v2\/users\/1"}],"replies":[{"embeddable":true,"href":"https:\/\/www.marianagurza.ro\/blog\/wp-json\/wp\/v2\/comments?post=21513"}],"version-history":[{"count":2,"href":"https:\/\/www.marianagurza.ro\/blog\/wp-json\/wp\/v2\/posts\/21513\/revisions"}],"predecessor-version":[{"id":21516,"href":"https:\/\/www.marianagurza.ro\/blog\/wp-json\/wp\/v2\/posts\/21513\/revisions\/21516"}],"wp:attachment":[{"href":"https:\/\/www.marianagurza.ro\/blog\/wp-json\/wp\/v2\/media?parent=21513"}],"wp:term":[{"taxonomy":"category","embeddable":true,"href":"https:\/\/www.marianagurza.ro\/blog\/wp-json\/wp\/v2\/categories?post=21513"},{"taxonomy":"post_tag","embeddable":true,"href":"https:\/\/www.marianagurza.ro\/blog\/wp-json\/wp\/v2\/tags?post=21513"}],"curies":[{"name":"wp","href":"https:\/\/api.w.org\/{rel}","templated":true}]}}