{"id":21532,"date":"2015-03-02T12:53:19","date_gmt":"2015-03-02T12:53:19","guid":{"rendered":"http:\/\/www.marianagurza.ro\/blog\/?p=21532"},"modified":"2015-03-02T12:53:19","modified_gmt":"2015-03-02T12:53:19","slug":"corneliu-leu-stalpii-societatii-infractionale","status":"publish","type":"post","link":"https:\/\/www.marianagurza.ro\/blog\/2015\/03\/02\/corneliu-leu-stalpii-societatii-infractionale\/","title":{"rendered":"Corneliu LEU: St\u00e2lpii societ\u0103\u021bii infrac\u021bionale"},"content":{"rendered":"<p style=\"text-align: justify;\"><a href=\"http:\/\/www.marianagurza.ro\/blog\/wp-content\/uploads\/2015\/03\/Corneliu_Leu.jpg\"><img loading=\"lazy\" decoding=\"async\" class=\"alignleft size-medium wp-image-21533\" title=\"Corneliu_Leu\" src=\"http:\/\/www.marianagurza.ro\/blog\/wp-content\/uploads\/2015\/03\/Corneliu_Leu-225x300.jpg\" alt=\"\" width=\"225\" height=\"300\" srcset=\"https:\/\/www.marianagurza.ro\/blog\/wp-content\/uploads\/2015\/03\/Corneliu_Leu-225x300.jpg 225w, https:\/\/www.marianagurza.ro\/blog\/wp-content\/uploads\/2015\/03\/Corneliu_Leu-768x1024.jpg 768w, https:\/\/www.marianagurza.ro\/blog\/wp-content\/uploads\/2015\/03\/Corneliu_Leu.jpg 912w\" sizes=\"auto, (max-width: 225px) 100vw, 225px\" \/><\/a>Trei adev\u0103ruri \u2013 candide \u00een m\u0103sura \u00een care pot fi la mizera sa condi\u021bie moral\u0103 &#8211; a debitat B\u0103sescu \u00een perioada de c\u00e2nd se tot silea s\u0103 elibereze Cotrocenii \u0219i p\u00e2n\u0103 acum c\u00e2nd \u00eenc\u0103 nu se-ndur\u0103 s\u0103 p\u0103r\u0103seasc\u0103 locuin\u021ba prezinden\u021bial\u0103. Ambele lucruri, dar mai ales acesta din urm\u0103, f\u0103c\u00e2ndu-l la modul c\u00e2t se poate de nedemn: Ca \u0219i cum ar \u00eencerca s\u0103 am\u00e2ne, \u00een speran\u021ba c\u0103 se culc\u0103 \u00een acela\u0219i pat, iar diminea\u021ba se va trezi ca \u0219i cum n-au avut loc alegerile, aghiotan\u021bii \u0219i girofarurile a\u0219tept\u00e2ndu-l ca s\u0103-l duc\u0103 la serviciul din care \u00eenc\u0103 nu-i vine s\u0103 cread\u0103 c\u0103 a fost concediat.\u00a0 Sfideaz\u0103 b\u0103iatul la modul penibil \u0219i abuziv; condi\u021bia lui de mincinos notoriu facilit\u00e2ndu-i chiar \u0219i automin\u021birea.<\/p>\n<p style=\"text-align: justify;\">\u00a0\u00a0\u00a0\u00a0\u00a0\u00a0\u00a0\u00a0\u00a0 Un singur lucru, \u00eens\u0103, nu-i faciliteaz\u0103 aceast\u0103 arogan\u021b\u0103 cu care i-a molipsit aproape pe to\u021bi ministeriabilii, din toate partidele: Ne\u00eendemnarea de a-\u0219i ascunde neadev\u0103rurile. Faptul c\u0103 ea, arogan\u021ba de \u0219mecherie descurc\u0103rea\u021b\u0103 dovedind c\u00e2t de virulent\u0103 a fos tulpina de gol\u0103nie a microbilor s\u0103i \u00een contaminarea clasei politice, a ajuns a-i juca renghiul f\u0103c\u00e2ndu-l s\u0103 cread\u0103 c\u0103, orice spune pe gur\u0103, e un lucru \u201ed\u0103\u0219tept\u201d. \u0218i, astfel, s\u0103 se dezv\u0103luie cu maximum de naivitate.<\/p>\n<p style=\"text-align: justify;\">P\u0103i ce altceva poate \u00eensemna faptul c\u0103, \u00eenc\u0103 la Cotroceni, pe ultima sut\u0103 de metri fiind, spunea: \u201e&#8230;<strong><em>Sunt la sf\u00e2r\u0219it de mandat; nu mai am de ce s\u0103 mint sau s\u0103 m\u0103 prefac!<\/em><\/strong><em>\u201d&#8230;<\/em> \u0218i o spunea cu at\u00e2ta non\u0219alan\u021b\u0103, \u00eenc\u00e2t vajnicii ziari\u0219ti acredita\u021bi s\u0103-i stea cu reportofonul la buze, nu numai c\u0103 n-au comentat, dar poate c\u0103 nici n-au sesizat, at\u00e2t p\u0103rea de normal-b\u0103sescian\u0103 aser\u021biunea<em> <\/em>c\u0103 nu mai are de ce min\u021bi. Asta recuno\u0219tea cu neru\u0219inare pre\u0219edintele \u00eenc\u0103 \u00een exerci\u021biu, consider\u00e2nd a fi un lucru at\u00e2t de firesc, \u00eenc\u00e2t \u00eei fascina \u0219i pe vajnicii gazetari obi\u0219nui\u021bi s\u0103 se dea mari \u00een diverse provoc\u0103ri superficiale, dar ne sim\u021bind nevoia s\u0103 comenteze o asemenea monstruozitate: <strong><em>&#8230;acum, la sf\u00eer\u0219it de mandat, trebuie s\u0103 m\u0103 crede\u021bi: nu mai am de ce min\u021bi ori m\u0103 preface\u201d&#8230; <\/em><\/strong>Ceea ce, \u00een fondul lucrurilor, era o concluzie ferm\u0103 asupra politicii practicat\u0103 cu cinismul minciunii vreme de zece ani.<\/p>\n<p style=\"text-align: justify;\">\u0218i iat\u0103 c\u0103, acum, c\u00e2nd chiar c\u0103 \u201e<strong><em>nu mai are de ce<\/em><\/strong>\u201d,\u00a0 fostul pre\u0219edinte\u00a0 mai face dou\u0103 declara\u021bii despre modul cum, cu imoralitatea sa a st\u0103lcit modelul de rela\u021bie interuman\u0103: Cu c\u00e2teva zile \u00een urm\u0103, vr\u00e2nd s\u0103 se laude c\u0103-i un domn care continu\u0103 cavalere\u0219te rela\u021biile cu pu\u0219c\u0103riabila Udrea, iar\u0103\u0219i sc\u0103pa o p\u0103s\u0103ric\u0103 de sinceritate: <em>M-am dus la ea, la arest, acolo unde era, la domiciliu&#8230;<strong>ca s-o conving c\u0103 n-am abandonat-o\u201d&#8230; <\/strong><\/em>Adic\u0103, de fapt, tic\u0103losul o abandonase. \u00cemi permit s\u0103 m\u0103 exprim ca-n telenovele, numai datorit\u0103 faptului c\u0103 acum \u00eel vedem cum se d\u0103 mare gentleman. Dar c\u00e2nd ea, \u00eenc\u0103 ne\u00eenc\u0103tu\u0219at\u0103, s-a dus la el la poart\u0103 &#8211; dup\u0103 ce fusese \u0219i la cuscrul dup\u0103 Eba, pesemne spre a se pune de acord cu c\u00e2t au dat pentru campania electoral\u0103 a acesteia \u2013 a f\u0103cut-o pe inocentul care se simte bine-n familie \u0219i nu mai vrea s\u0103 aud\u0103 de guvernare, de justi\u021bie \u0219i de alte implica\u021bii care se declin\u0103 la feminin. A trebuit ca feminina cu care s-a conjugat at\u00e2t de sentimental-politice\u0219te s\u0103-i fac\u0103 semn cu degetul la nas, ca la Sile C\u0103m\u0103taru, pentru ca el s\u0103 ia pozi\u021bia de protocolar\u0103 erec\u021bie a cavalerului care duce flori, str\u0103duind s-o <strong><em>conving\u0103 c\u0103 n-a abandonat-o.<\/em><\/strong><\/p>\n<p style=\"text-align: justify;\">Acum, suntem martorii unui al treilea acces de involuntar\u0103 sinceritate din partea fostului pre\u0219edinte: \u00a0Ie\u0219it la ramp\u0103 \u00een condi\u021bia sa civil\u0103, dup\u0103 zece ani de\u00a0 str\u0103danie de a duce societatea\u00a0 noastr\u0103 pe culmile civiliza\u021biei infrac\u021bionale, Traian B\u0103sescu are un remediu clar pentru infrac\u021bionalitatea cu care partidele \u0219i-au f\u0103cut rost de bani \u00eentr-un mod at\u00e2t de consecvent, folosind toate p\u00e2rghiile guvern\u0103rii, ale puterii de decizie \u0219i ale rela\u021biilor de influen\u021b\u0103. Au f\u0103cut-o cu at\u00e2ta persuasiune \u0219i perseveren\u021b\u0103, \u00eenc\u00e2t au influen\u021bat \u00eentreaga societate \u00een \u00eencurajarea actului penal. Iar acum, cu senin\u0103 convingere de guru al unei asemenea mentalit\u0103\u021bi a fraud\u0103rii, el vine s\u0103 ofere remediul, reucnosc\u00e2nd cam a\u0219a: &#8230; <em>Da, e o practic\u0103 curent\u0103; s-au furat \u0219i se fur\u0103 oricum \u0219i de oriunde bani pentru partide (acesta devenind\u00a0 nu numai un scop ci \u0219i un\u00a0 exemplu de cum se poate fura, un adev\u0103rat model social pe care, apoi, cei pu\u0219i s\u0103-l practice pentru partid, \u00eel utilizeaz\u0103 \u0219i \u00een folosul propriu). Pe fostul nostru pre\u0219edinte l-a preocupat problema aceasta intens, a\u0219a c\u0103, bine-n\u021beles, dup\u0103 vasta experien\u021b\u0103 c\u0103p\u0103tat\u0103 pe seama siluirii noastre, are \u0219i solu\u021bia: S\u0103 li se dea partidelor bani de la guvern&#8230; C\u00e2\u021bi? C\u00e2t de mul\u021bi, p\u00e2n\u0103 \u00eei facem pe \u0219trengari s\u0103 nu mai fure!&#8230; <\/em><\/p>\n<p style=\"text-align: justify;\">Aplic\u00e2nd \u00a0acest remediu ex-preziden\u021bial la nivelul societ\u0103\u021bii ad\u00e2nc contaminate de\u00a0 sentimentul fur\u0103ciunii prin ideologia infrac\u021bional\u0103 &#8211; singurul element doctrinar practicat \u0219i propagat\u00a0 din plin de partide pentru \u201eeducarea politic\u0103\u201d\u00a0 a societ\u0103\u021bii rom\u00e2ne\u0219ti &#8211;\u00a0 ar \u00eensemna c\u0103, acum, dup\u0103 exemplul acestor partide guvernante sau parlamentare am ajuns, dac\u0103 nu o na\u021biune de ho\u021bi, oricum o na\u021biune cu o clas\u0103 conduc\u0103toare bazat\u0103 pe ho\u021bie \u0219i crescut\u0103 \u00een ho\u021bie. Asta am ajuns, de vreme ce fostul pre\u0219edinte ne \u00eendeamn\u0103 s\u0103 nu vrem s\u0103 ne transform\u0103m destinul ho\u021besc spre care am fost \u00eempin\u0219i, s\u0103 nu ar\u0103t\u0103m cu degetul spre corup\u021bia politic\u0103, s\u0103 nu mai apel\u0103m la\u00a0 justi\u021bie, la poli\u021bie, etc, pentru eradicarea prin coerci\u021bie a unui asemenea r\u0103u. Ci s\u0103 combatem infrac\u021bionalitatea d\u00e2nd bani, c\u00e2t mai mul\u021bi bani, celor care sunt tenta\u021bi s\u0103 fure. \u0218i, astfel, ei nu vor mai fura.<\/p>\n<p style=\"text-align: justify;\">\u0218ti\u021bi cum vine asta? E ca \u0219i cum, dup\u0103 ce s-ar dovedi c\u0103 povestea cu zece la sut\u0103 mit\u0103 din tot ce trecea prin ministerul ei, s-ar proba juridic, Madam Udrea s\u0103 nu primeasc\u0103 sentin\u021ba penal\u0103 corespunz\u0103toare, ci s\u0103 fie l\u0103sat\u0103 a-\u0219i conduce partidul spre victorii, complet\u00e2ndu-se de la buget cee ce ar mai avea nevoie pe l\u00e2ng\u0103 sumele incriminate cu m\u0103sur\u0103 de sechestru preventiv.<\/p>\n<p style=\"text-align: justify;\">Dumnezeule ce solu\u021bie!&#8230; At\u00e2t de ira\u021bional\u0103 \u00eenc\u00e2t poate trece numai printr-o minte furibund chinuit\u0103 de ceea ce ar putea dezv\u0103lui \u00een continuare femeia care \u00eenc\u0103-l mai asigur\u0103 cu gest cavaleresc, precum toat\u0103 atitudinea ei sfid\u0103toare c\u0103: <strong><em>ea nu va proceda precum\u00a0 subalternii ei; adic\u0103 nu va plasa mai sus vina \u0219i dezv\u0103luirile\u201d<\/em><\/strong>&#8230; Ce-nseamn\u0103 acest \u201e<strong><em>mai sus<\/em><\/strong>\u201d, c\u00e2nd e vorba de Elena Udrea \u0219i de banii pe care, poate, nu i-a b\u0103gat \u00een buzunar ci i-a folosit pentru campaniile electorale, \u00ee\u0219i d\u0103 seama oricine! A\u0219a c\u0103, bietului fost pre\u0219edinte \u00eei trece prin minte s\u0103 mituiasc\u0103 partidele cu o asemenea promisiune, doar-doar o sc\u0103pa mai u\u0219or: <strong><em>B\u0103, voi mai ave\u021bi nevoie de mine; eu creez curent de opinie public\u0103 \u00een a\u0219a fel \u00eenc\u00e2t, \u0219p\u0103gile voastre de azi, s\u0103 se completeze \u0219i cu o subven\u021bie de la Buget, pe m\u0103sur\u0103!&#8230; Nu trage\u021bi \u00een mine \u0219i, dac\u0103 ajung prim-ministru, a\u0219a cum vede \u00een scufund\u0103rile lui politice Onaca, prima Hot\u0103r\u00e2re de Guvern, asta va fi! <\/em><\/strong><\/p>\n<p style=\"text-align: justify;\">Dar, chiar \u0219i f\u0103r\u0103 acest interes personal al s\u0103u, tot putem spune: Ce concluzie grandioas\u0103 trage intelectul lui B\u0103sescu dup\u0103 zece ani de guvernare!&#8230; P\u0103i, o societate se costruie\u0219te prin exemple, prin modele. Aceste modele trebuie\u00a0 s\u0103 fie vizibile, s\u0103 se afle \u00een aten\u021bia tuturor. Cine e \u00een aten\u021bia tuturor ast\u0103zi?\u00a0 Udrea ca un Robin Hood\u00a0 avertiz\u00e2nd ascensiunea lui Arturo Ui, Hrebe \u0219i Mitrea silen\u021bio\u0219i, mul\u021bumi\u021bi s\u0103-\u0219i poat\u0103 alege pu\u0219c\u0103ria preferat\u0103, S\u00e2rbu ca sec\u0103tur\u0103 care d\u0103 vina pe\u00a0 subalterni, Vosganian ca la\u0219 penibil, tremur\u00e2nd jalnic pentru ce-l pa\u0219te \u0219i folosind pantalonii parlamentarilor ca un copil pl\u00e2ng\u0103cios care se ascunde de b\u0103t\u0103u\u0219i ag\u0103\u021b\u00e2ndu-se de pulpana unui adult. Printre ei, cu frumosul s\u0103u obraz inert \u00een expresie, trece mai pu\u021bin pedepsit \u0219i mai pu\u021bin observat Videanu, cu pasul bine exersat \u00een a ocoli bordurile, cariera lui politic\u0103 parc\u0103 mai av\u00e2nd marmur\u0103 de-o guvernare. Pe to\u021bi ace\u0219tia, \u00een sobor, la modul evanghelic, \u00eei urmeaz\u0103 \u00een c\u0103tu\u0219e cei 33 de baroni locali, pre\u0219edin\u021bi de Consilii jude\u021bene, jur\u00e2ndu-se cu candoarea din versurile copil\u0103riei noastre mioritice: \u201e<em>C\u0103\u021belu\u0219 cu p\u0103rul cre\u021b&#8230;\u201d<\/em>!&#8230; \u0218i totul arat\u0103 ca o fresc\u0103 votiv\u0103 pictat\u0103 \u00een cel mai pur stil bizantin, deasupra c\u0103reia ex-pre\u0219edintele binecuv\u00e2nt\u0103: \u201d<em>Adev\u0103r spun vou\u0103: Primi-vor partidele bani de la guveeern<\/em>\u201d&#8230;<\/p>\n<p style=\"text-align: justify;\">Cu alte cuvinte: Pornind de la prezump\u021bia de nevinov\u0103\u021bie care e sf\u00e2nt\u0103 pentru dorin\u021ba de inamovibiliatate a lui B\u0103sescu, partidul \u00eel \u00eenva\u021b\u0103 pe politician s\u0103 fure, iar guvernul e cel care trebuie s\u0103-l dezve\u021be de asta. Dar nu prin mijloace coercitive, ci \u00eentinz\u00eend cel\u0103lalt obraz. Sau, mai bine zis, cealalt\u0103 m\u00e2n\u0103 cu care s\u0103-i dea un avans legal din\u00a0 banii pe care, c\u00e2nd va ajunge la guvernare, va \u00eencepe s\u0103-i fure. \u00a0Fiindc\u0103 asta nu vrea s\u0103 recunoasc\u0103 B\u0103sescu: \u00cen societatea\u00a0 adus\u0103 de el la maximumul de corup\u021bie, cheltuielile electorale sunt numai acontoul pentru grosul de bani care se fur\u0103 la guvernare.<\/p>\n<p style=\"text-align: justify;\">Progresist\u0103 viziune!&#8230;<\/p>\n<p style=\"text-align: justify;\">Care se vrea tot mai bine consolidat\u0103 de cei care au devenit \u00een deceniul b\u0103sist st\u00e2lpii\u00a0 acestei societ\u0103\u021bi de generalizat\u0103 infrac\u021bionalitate.<\/p>\n<p style=\"text-align: justify;\">\n<p style=\"text-align: justify;\">(<em>va urma)<\/em><\/p>\n<p><em>\u00a0<\/em><\/p>\n<p style=\"text-align: center;\"><strong>Corneliu LEU<\/strong><em><\/em><\/p>\n<p><em>\u00a0<\/em><\/p>\n<p><em>\u00a0<\/em><\/p>\n<p><em>\u00a0<\/em><\/p>\n","protected":false},"excerpt":{"rendered":"<p>Trei adev\u0103ruri \u2013 candide \u00een m\u0103sura \u00een care pot fi la mizera sa condi\u021bie moral\u0103 &#8211; a debitat B\u0103sescu \u00een [&#038;hellip<\/p>\n","protected":false},"author":1,"featured_media":0,"comment_status":"closed","ping_status":"closed","sticky":false,"template":"","format":"standard","meta":{"footnotes":""},"categories":[3],"tags":[],"class_list":["post-21532","post","type-post","status-publish","format-standard","hentry","category-articole"],"_links":{"self":[{"href":"https:\/\/www.marianagurza.ro\/blog\/wp-json\/wp\/v2\/posts\/21532","targetHints":{"allow":["GET"]}}],"collection":[{"href":"https:\/\/www.marianagurza.ro\/blog\/wp-json\/wp\/v2\/posts"}],"about":[{"href":"https:\/\/www.marianagurza.ro\/blog\/wp-json\/wp\/v2\/types\/post"}],"author":[{"embeddable":true,"href":"https:\/\/www.marianagurza.ro\/blog\/wp-json\/wp\/v2\/users\/1"}],"replies":[{"embeddable":true,"href":"https:\/\/www.marianagurza.ro\/blog\/wp-json\/wp\/v2\/comments?post=21532"}],"version-history":[{"count":2,"href":"https:\/\/www.marianagurza.ro\/blog\/wp-json\/wp\/v2\/posts\/21532\/revisions"}],"predecessor-version":[{"id":21535,"href":"https:\/\/www.marianagurza.ro\/blog\/wp-json\/wp\/v2\/posts\/21532\/revisions\/21535"}],"wp:attachment":[{"href":"https:\/\/www.marianagurza.ro\/blog\/wp-json\/wp\/v2\/media?parent=21532"}],"wp:term":[{"taxonomy":"category","embeddable":true,"href":"https:\/\/www.marianagurza.ro\/blog\/wp-json\/wp\/v2\/categories?post=21532"},{"taxonomy":"post_tag","embeddable":true,"href":"https:\/\/www.marianagurza.ro\/blog\/wp-json\/wp\/v2\/tags?post=21532"}],"curies":[{"name":"wp","href":"https:\/\/api.w.org\/{rel}","templated":true}]}}