{"id":21536,"date":"2015-03-02T18:36:52","date_gmt":"2015-03-02T18:36:52","guid":{"rendered":"http:\/\/www.marianagurza.ro\/blog\/?p=21536"},"modified":"2015-03-02T18:37:49","modified_gmt":"2015-03-02T18:37:49","slug":"prof-dr-gheorghe-constantin-nistoroiu-surasul-divin-in-lacrima-lui-radu-gyr","status":"publish","type":"post","link":"https:\/\/www.marianagurza.ro\/blog\/2015\/03\/02\/prof-dr-gheorghe-constantin-nistoroiu-surasul-divin-in-lacrima-lui-radu-gyr\/","title":{"rendered":"Prof. dr. Gheorghe Constantin Nistoroiu: Sur\u00e2sul divin \u00een lacrima lui Radu Gyr"},"content":{"rendered":"<p style=\"text-align: center;\"><a href=\"http:\/\/www.marianagurza.ro\/blog\/wp-content\/uploads\/2015\/03\/Radu+Gyr.jpg\"><img loading=\"lazy\" decoding=\"async\" class=\"size-medium wp-image-21537\" title=\"Radu+Gyr\" src=\"http:\/\/www.marianagurza.ro\/blog\/wp-content\/uploads\/2015\/03\/Radu+Gyr-229x300.jpg\" alt=\"\" width=\"229\" height=\"300\" srcset=\"https:\/\/www.marianagurza.ro\/blog\/wp-content\/uploads\/2015\/03\/Radu+Gyr-229x300.jpg 229w, https:\/\/www.marianagurza.ro\/blog\/wp-content\/uploads\/2015\/03\/Radu+Gyr.jpg 272w\" sizes=\"auto, (max-width: 229px) 100vw, 229px\" \/><\/a><\/p>\n<p style=\"text-align: justify;\">\u00a0\u00a0 \u00a0\u00a0Balsamul liric al lui Radu Gyr s-a mustit \u00een inima sa cu \u015foapta mirific\u0103 a pa\u015filor profetului ce i-a proorocit ardoarea pentru Neamul Dacorom\u00e2n \u00eenflorit \u00een verdele suferin\u0163ei.<\/p>\n<p style=\"text-align: justify;\">\u00a0\u00a0\u00a0 Lujeri de zori i-au \u00eenmugurit \u00een sufletul s\u0103u serafic, c\u00e2ntarea divin\u0103, \u0163es\u00e2nd \u00een r\u0103bdarea str\u0103bun\u0103 porfira cereasc\u0103 a martirului.<\/p>\n<p style=\"text-align: justify;\">\u00a0\u00a0 \u00cen cugetul s\u0103u a \u00eenflorit jertfa \u015fi dorin\u0163a de a adora frumuse\u0163ea lui Dumnezeu.\u00a0\u00a0\u00a0\u00a0\u00a0 <strong><em>\u00a0<\/em><\/strong><\/p>\n<p style=\"text-align: justify;\"><strong><em>\u00a0\u00a0 <\/em><\/strong>Fiecare fior al s\u0103u e un borangic de \u0163\u0103r\u00e2n\u0103 sf\u00e2nt\u0103 care a brodat ve\u015fnicia Str\u0103bunilor pe Marama primei Dimine\u0163i a Crea\u0163iei divine.<\/p>\n<p style=\"text-align: justify;\">\u00a0 Versul s\u0103u se r\u0103sfr\u00e2nge cum se r\u0103sfr\u00e2nge cerul peste ape, soarele peste p\u0103m\u00e2nt, via\u0163a peste tr\u0103ire, credin\u0163a peste existen\u0163\u0103, harul peste suferin\u0163\u0103, suferin\u0163a peste rug\u0103, iubirea peste jertfa sf\u00e2nt\u0103 care o \u00eennobileaz\u0103.<strong><em> <\/em><\/strong><\/p>\n<p style=\"text-align: justify;\">\u00a0\u00a0 <strong><em>\u00a0<\/em><\/strong>\u00cen coloana menirii sale inefabile c\u00e2nt\u0103 bucuria redefinirii ca sens, redevenirii ca via\u0163\u0103, re\u00eenvierii ca har, re\u00een\u0103l\u0163\u0103rii ca spirit.<\/p>\n<p style=\"text-align: justify;\">\u00a0\u00a0 Pasionat \u015fi mistic, cutez\u0103tor \u015fi ascet, erou \u015fi martir, Radu Gyr \u015fi-a m\u0103rturisit zelul sacrificiului \u00eennoirii Omului ca Dumnezeu.<\/p>\n<p style=\"text-align: justify;\"><strong><em>\u00a0\u00a0 <\/em><\/strong>Alintat de natura h\u0103r\u0103zit\u0103 de Creator, Vetrei Neamului s\u0103u Poetul-Profet a urzit n\u0103dejdea genera\u0163iei sale pe aura Str\u0103bunilor care au ctitorit ve\u015fnicia luminii geto-dace.<\/p>\n<p style=\"text-align: justify;\"><strong><em>\u00a0<\/em><\/strong>\u00a0 Murmurul liturgic al legiunilor de Brazi s-a propagat prin tulnicele Doinelor, \u00een\u0103l\u0163\u00e2ndu-se prin psalmii de foc ai lacrimilor sale spre Catedrala Cerului, spre Cerdacul Maicii Domnului.<\/p>\n<p style=\"text-align: justify;\"><strong><em>\u00a0<\/em><\/strong>\u00a0 Frumuse\u0163ea tr\u0103irii rom\u00e2ne\u015fti se contempl\u0103 \u00een inima poetului mistic ca o ve\u015fnicie transmis\u0103 de sufletul comuniune al Neamului Dacorom\u00e2n \u00een cerul Sfin\u0163iilor \u015fi Martirilor s\u0103i.<\/p>\n<p style=\"text-align: justify;\">\u00a0\u00a0 \u00cen toat\u0103 crea\u0163ia sa pulseaz\u0103 sublimul Jertfei Dochiei, mesianismul evanghelic al \u00centrup\u0103r\u0103rii, dumnezeiescul Crucii hristice, frumosul Marianic al d\u0103ruirii, ataraxia trac\u0103, idealismul ascetic bizantino-constantinopolitan, biruin\u0163ele Marelui \u015etefan, d\u00e2rzenia ne\u00eenfricatului \u0162epe\u015f, martiriul lui Mihai Viteazul, Doina lui Eminescu, Coloana lui Br\u00e2ncu\u015fi,c\u00e2ntarea Mariei T\u0103nase&#8230;<\/p>\n<p style=\"text-align: justify;\">\u00a0\u00a0 \u00cen harul poeziei sale a s\u0103l\u0103\u015fluit Rugul aprins al Psaltirei dorului dacic, care i-a conferit suferin\u0163a dumnezeirii.<\/p>\n<p style=\"text-align: justify;\">\u00a0\u00a0 Ideea destinului s\u0103u era taina suferin\u0163ei \u015fi a jertfei cuprins\u0103 \u00een Hrisovul zamolxian al Legilor Belangine \u015fi \u00een Testamnetul Evangheliei \u00a0lui Iisus Hristos.<\/p>\n<p style=\"text-align: justify;\">\u00a0\u00a0 Duhul divin \u00eei exult\u0103 inspira\u0163ia mistic\u0103 \u00eentr-un spa\u0163iu existen\u0163ial al Elitelor Martiric-M\u0103rturisitoare ce se \u00eenal\u0163\u0103 spre sferele albe ale bucuriei diafane, a mor\u0163ii nup\u0163iale, \u00een transcendentul purt\u0103tor de har, de lumin\u0103, de \u00eenviere, de \u00een\u0103l\u0163are, de \u00eendumnezeire.<\/p>\n<p style=\"text-align: justify;\">\u00a0\u00a0 Cultul, cultura \u015fi moralitatea sa ortodox\u0103 s-au \u00eentrupat din thracica idee religioas\u0103 a logodnei mor\u0163ii cu via\u0163a \u00eentru via\u0163a ve\u015fnic\u0103-cea mai divin\u0103 eflorescen\u0163\u0103 a spiritului cre\u015ftin.<\/p>\n<p style=\"text-align: justify;\">\u00a0\u00a0 S\u00e2ngele s\u0103u de dac a animat dorul de absolut al transcenden\u0163ei divine prin cultul zamoxian ale nemuririi.<\/p>\n<p style=\"text-align: justify;\">\u00a0\u00a0 Radu Gyr a scris at\u00e2t de frumos, \u00eenc\u00e2t s-a d\u0103ruit Cerului mistic, ca o tain\u0103 ce-a odr\u0103slit profetic, c\u00e2nt\u00e2ndu-\u015fi Glia pe strunele ve\u015fniciei, crez\u00e2nd \u00een Dorul-Dor ce l-a durut, pe vremelnicia dintre Nistru \u015fi Prut, \u00eenverzind \u00een inima sa cerul n\u0103dejdii c\u0103 jertfa sa \u015fi a confra\u0163ilor s\u0103i au \u00eenomenit divina Iubire a lui Dumnezeu pentru Neamul nostru preaales.<\/p>\n<p style=\"text-align: justify;\">\u00a0\u00a0 El este sublimul poet al \u00eengerilor \u015fi \u00cengerul sublimilor poe\u0163i.<\/p>\n<p style=\"text-align: justify;\"><strong>\u00a0<\/strong><\/p>\n<p style=\"text-align: justify;\"><strong>\u00a0<\/strong><\/p>\n<p><strong>\u00a0\u00a0\u00a0\u00a0 Divinului poet Radu Gyr<\/strong><\/p>\n<p><strong>\u00a0<\/strong><\/p>\n<p><strong><em>\u00a0\u00a0 A scris cu s\u00e2ngele s\u0103u pe c\u0103tu\u015f\u0103,<\/em><\/strong><\/p>\n<p><strong><em>\u00a0\u00a0 cu puritatea sufletului dalb de copil,<\/em><\/strong><\/p>\n<p><strong><em>\u00a0 \u00a0iar \u00een bruma de pe pere\u0163i, de pe u\u015f\u0103,<\/em><\/strong><\/p>\n<p><strong><em>\u00a0\u00a0 \u015fi-a \u00eenf\u0103\u015furat sufletul-\u00eenger tiptil.<\/em><\/strong><\/p>\n<p><strong><em>\u00a0<\/em><\/strong><\/p>\n<p><strong><em>\u00a0\u00a0 A-ncrustat slove sublime \u00een lan\u0163uri<\/em><\/strong><\/p>\n<p><strong><em>\u00a0\u00a0 \u015fi-a c\u00e2ntat Dorul Iubirilor pe strune<\/em><\/strong><\/p>\n<p><strong><em>\u00a0\u00a0 \u015f-adun\u00e2nd \u0163\u0103r\u00e2na sf\u00e2nt\u0103 de pe \u015fan\u0163uri,<\/em><\/strong><\/p>\n<p><strong><em>\u00a0\u00a0 a \u00eenchinat-o Neamului \u00een rug\u0103ciune.<\/em><\/strong><\/p>\n<p><strong><em>\u00a0<\/em><\/strong><\/p>\n<p><strong><em>\u00a0\u00a0 Cu fiecare strop \u015fi pic\u0103turi de s\u00e2nge<\/em><\/strong><\/p>\n<p><strong><em>\u00a0\u00a0 a pus doinita Doin\u0103 pe strunele de lir\u0103,<\/em><\/strong><\/p>\n<p><strong><em>\u00a0\u00a0 \u00een l\u0103ca\u015ful inimii cu sufletul s\u0103u pl\u00e2nge,<\/em><\/strong><\/p>\n<p><strong><em>\u00a0\u00a0 suferin\u0163e caste, pe trupul-fr\u00e2nt se-n\u015fir\u0103&#8230;<\/em><\/strong><\/p>\n<p><strong><em>\u00a0<\/em><\/strong><\/p>\n<p><strong><em>\u00a0\u00a0 Cu degetele zdrobite a ctitorit poeme,<\/em><\/strong><\/p>\n<p><strong><em>\u00a0\u00a0 \u00een r\u0103ni ad\u00e2nci i-au odr\u0103slit petale ro\u015fii,<\/em><\/strong><\/p>\n<p><strong><em>\u00a0\u00a0 pe Calea sf\u00e2nt\u0103 a-nvierii s\u0103 ne cheme,<\/em><\/strong><\/p>\n<p><strong><em>\u00a0\u00a0 cum l-au chemat la r\u00e2nd pe el Str\u0103mo\u015fii.<\/em><\/strong><\/p>\n<p><strong><em>\u00a0 <\/em><\/strong><\/p>\n<p><strong><em>\u00a0\u00a0 Pe crucea \u00eempietririi a negrelor z\u0103brele<\/em><\/strong><\/p>\n<p><strong><em>\u00a0\u00a0 cu sufletul s\u0103u coase mii de constela\u0163ii,<\/em><\/strong><\/p>\n<p><strong><em>\u00a0\u00a0 ca un viers sublim c\u00e2ntat de r\u00e2ndunele,<\/em><\/strong><\/p>\n<p><strong><em>\u00a0\u00a0 stau neclinti\u0163i \u00een ve\u015fnicia lor Carpa\u0163ii.<\/em><\/strong><\/p>\n<p><strong><em>\u00a0<\/em><\/strong><\/p>\n<p><strong><em>\u00a0\u00a0 Din Aiudul crud \u015fi-al deselor prigoane,<\/em><\/strong><\/p>\n<p><strong><em>\u00a0\u00a0 \u015fi-a r\u0103stignit din suflet, jertf\u0103, sf\u00e2nt-altar,<\/em><\/strong><\/p>\n<p><strong><em>\u00a0\u00a0 \u00een piroanele lui Iuda a sculptat Icoane,<\/em><\/strong><\/p>\n<p><strong><em>\u00a0\u00a0 poleind cu s\u00e2nge, sfin\u0163i \u00een Calendar.<\/em><\/strong><\/p>\n<p><strong><em>\u00a0<\/em><\/strong><\/p>\n<p><strong><em>\u00a0\u00a0 Din tr\u00e2mbi\u0163ele fiin\u0163ei, \u015foapte ne-a vestit<\/em><\/strong><\/p>\n<p><strong><em>\u00a0\u00a0 neprih\u0103nirea jertfei sale de erou-martir,<\/em><\/strong><\/p>\n<p><strong><em>\u00a0\u00a0 via\u0163a \u00een credin\u0163a-dreapt\u0103 ne-a m\u0103rturisit,<\/em><\/strong><\/p>\n<p><strong><em>\u00a0\u00a0 cuminecat cu p\u00e2inea Hristosului Potir.<\/em><\/strong><\/p>\n<p><strong><em>\u00a0<\/em><\/strong><\/p>\n<p><strong><em>\u00a0\u00a0 Prin iubire a urcat \u00een con\u015ftiin\u0163\u0103 Taborul<\/em><\/strong><\/p>\n<p><strong><em>\u00a0\u00a0 s\u0103 nu moar\u0103 \u00een noi, niciodat\u0103 credin\u0163a:<\/em><\/strong><\/p>\n<p><strong><em>\u00a0\u00a0 ve\u015fm\u00e2nt durabil al Crucii, el, lupt\u0103torul<\/em><\/strong><\/p>\n<p><strong><em>\u00a0\u00a0 pentru cei ce nu \u015fi-au m\u0103rturisit suferin\u0163a.\u00a0\u00a0 <\/em><\/strong><\/p>\n<p><strong><em>\u00a0 <\/em><\/strong><\/p>\n<p><strong><em>\u00a0\u00a0 Divin poet, al \u00eengerilor har \u015fi suferin\u0163\u0103,<\/em><\/strong><\/p>\n<p><strong><em>\u00a0\u00a0 d\u0103ltuit \u00een cremenea din milenara glie,<\/em><\/strong><\/p>\n<p><strong><em>\u00a0\u00a0 \u00een sf\u00e2ntul s\u0103u Stihar al inimii voin\u0163\u0103,<\/em><\/strong><\/p>\n<p><strong><em>\u00a0\u00a0 \u015fi-a creat o nou\u0103 \u015fi-o sf\u00e2nt\u0103 Rom\u00e2nie. <\/em><\/strong><\/p>\n<p><strong><em>\u00a0<\/em><\/strong><\/p>\n<p><strong><em>\u00a0\u00a0 El fiind triumf \u015fi c\u00e2nd a fost \u00eenfr\u00e2ngeri,<\/em><\/strong><\/p>\n<p><strong><em>\u00a0\u00a0 v\u0103zduhul plin de curcubeele r\u0103scrucii,<\/em><\/strong><\/p>\n<p><strong><em>\u00a0\u00a0 i-au z\u0103mislit n\u0103prasnice furtuni \u015fi \u00eengeri<\/em><\/strong><\/p>\n<p><strong><em>\u00a0\u00a0 suind din R\u00e2pa Robilor pe Drumul Crucii.<\/em><\/strong><\/p>\n<p><strong><em>\u00a0<\/em><\/strong><\/p>\n<p style=\"text-align: justify;\">Poem \u00eenchinat tuturor rom\u00e2nilor dragi, dar \u00een mod expres prietenului meu, George Roca.<\/p>\n<p>Cu alese pre\u0163uiri, binecuv\u00e2nt\u0103ri \u015fi prietenie!<\/p>\n<p><strong><em>\u00a0\u00a0 <\/em><\/strong><\/p>\n<p><strong><em>\u00a0\u00a0\u00a0\u00a0 \u00a0<\/em><\/strong><strong><\/strong><\/p>\n<p style=\"text-align: center;\"><strong>GHEORGHE CONSTANTIN NISTOROIU<\/strong><\/p>\n","protected":false},"excerpt":{"rendered":"<p>\u00a0\u00a0 \u00a0\u00a0Balsamul liric al lui Radu Gyr s-a mustit \u00een inima sa cu \u015foapta mirific\u0103 a pa\u015filor profetului ce i-a [&#038;hellip<\/p>\n","protected":false},"author":1,"featured_media":0,"comment_status":"closed","ping_status":"closed","sticky":false,"template":"","format":"standard","meta":{"footnotes":""},"categories":[3],"tags":[],"class_list":["post-21536","post","type-post","status-publish","format-standard","hentry","category-articole"],"_links":{"self":[{"href":"https:\/\/www.marianagurza.ro\/blog\/wp-json\/wp\/v2\/posts\/21536","targetHints":{"allow":["GET"]}}],"collection":[{"href":"https:\/\/www.marianagurza.ro\/blog\/wp-json\/wp\/v2\/posts"}],"about":[{"href":"https:\/\/www.marianagurza.ro\/blog\/wp-json\/wp\/v2\/types\/post"}],"author":[{"embeddable":true,"href":"https:\/\/www.marianagurza.ro\/blog\/wp-json\/wp\/v2\/users\/1"}],"replies":[{"embeddable":true,"href":"https:\/\/www.marianagurza.ro\/blog\/wp-json\/wp\/v2\/comments?post=21536"}],"version-history":[{"count":3,"href":"https:\/\/www.marianagurza.ro\/blog\/wp-json\/wp\/v2\/posts\/21536\/revisions"}],"predecessor-version":[{"id":21539,"href":"https:\/\/www.marianagurza.ro\/blog\/wp-json\/wp\/v2\/posts\/21536\/revisions\/21539"}],"wp:attachment":[{"href":"https:\/\/www.marianagurza.ro\/blog\/wp-json\/wp\/v2\/media?parent=21536"}],"wp:term":[{"taxonomy":"category","embeddable":true,"href":"https:\/\/www.marianagurza.ro\/blog\/wp-json\/wp\/v2\/categories?post=21536"},{"taxonomy":"post_tag","embeddable":true,"href":"https:\/\/www.marianagurza.ro\/blog\/wp-json\/wp\/v2\/tags?post=21536"}],"curies":[{"name":"wp","href":"https:\/\/api.w.org\/{rel}","templated":true}]}}