{"id":21604,"date":"2015-03-06T19:23:03","date_gmt":"2015-03-06T19:23:03","guid":{"rendered":"http:\/\/www.marianagurza.ro\/blog\/?p=21604"},"modified":"2015-03-06T19:24:02","modified_gmt":"2015-03-06T19:24:02","slug":"camelia-cristea-versuri","status":"publish","type":"post","link":"https:\/\/www.marianagurza.ro\/blog\/2015\/03\/06\/camelia-cristea-versuri\/","title":{"rendered":"Camelia Cristea: Versuri"},"content":{"rendered":"<p style=\"text-align: center;\"><a href=\"http:\/\/www.marianagurza.ro\/blog\/wp-content\/uploads\/2015\/03\/Camelia-Cristea1.jpeg\"><img loading=\"lazy\" decoding=\"async\" class=\"size-full wp-image-21605\" title=\"Camelia Cristea\" src=\"http:\/\/www.marianagurza.ro\/blog\/wp-content\/uploads\/2015\/03\/Camelia-Cristea1.jpeg\" alt=\"\" width=\"184\" height=\"184\" srcset=\"https:\/\/www.marianagurza.ro\/blog\/wp-content\/uploads\/2015\/03\/Camelia-Cristea1.jpeg 184w, https:\/\/www.marianagurza.ro\/blog\/wp-content\/uploads\/2015\/03\/Camelia-Cristea1-150x150.jpg 150w\" sizes=\"auto, (max-width: 184px) 100vw, 184px\" \/><\/a><\/p>\n<p><strong>Am <\/strong><strong>\u00ee<\/strong><strong>nflorit<\/strong><\/p>\n<p>&nbsp;<\/p>\n<p>&nbsp;<\/p>\n<p>Am \u00eenflorit \u00een liliacul din gr\u0103din\u0103<\/p>\n<p>\u015ei-n tei mi-am pus s\u0103rutul de cu zori,<\/p>\n<p>Din meri b\u0103tu\u0163i cu frunz\u0103 de sulfin\u0103,<\/p>\n<p>Trimit spre tine calde \u00eembr\u0103\u0163i\u015f\u0103ri.<\/p>\n<p>&nbsp;<\/p>\n<p>M\u0103 &#8211; alint\u0103 o iasomie despletit\u0103<\/p>\n<p>Mirat\u0103-n r\u00e2sul ei m\u0103 reg\u0103sesc,<\/p>\n<p>Miresme dulci, cu iz de s\u00e2nziene<\/p>\n<p>M\u0103 poart\u0103 pe t\u0103r\u00e2mul cu pove\u015fti.<\/p>\n<p>&nbsp;<\/p>\n<p>M\u0103 vei afla albit\u0103 \u00een cire\u015f<\/p>\n<p>\u015ei-n clopotul de l\u0103cr\u0103mioare,<\/p>\n<p>Adorm \u00een trandafiri \u015fi m\u0103 trezesc<\/p>\n<p>\u00cen lujerul din fiecare floare.<\/p>\n<p>&nbsp;<\/p>\n<p><strong>Mai na\u015fte-m\u0103<\/strong><\/p>\n<p>&nbsp;<\/p>\n<p>Mai na\u015fte-m\u0103 Mam\u0103 o dat\u0103<\/p>\n<p>\u015ei spune s\u0103 fie sorocul,<\/p>\n<p>\u00cen zori c\u00e2nd floarea z\u00e2mbe\u015fte<\/p>\n<p>\u015ei crap\u0103 \u00een zece bobocul.<\/p>\n<p>&nbsp;<\/p>\n<p>Mai na\u015fte-m\u0103 Mam\u0103 o dat\u0103<\/p>\n<p>C\u00e2nd rou\u0103 \u00een lacrimi se scurge<\/p>\n<p>\u015ei spune-i ursitei s-o \u0163in\u0103<\/p>\n<p>\u00cen cup\u0103 de crin \u015fi de s\u00e2nge.<\/p>\n<p>&nbsp;<\/p>\n<p>Mai na\u015fte-m\u0103 Mam\u0103 o dat\u0103<\/p>\n<p>C\u00e2nd vulturul taie v\u0103zduhul,<\/p>\n<p>S\u0103-\u015fi lase visul pe clan\u0163\u0103<\/p>\n<p>Ca u\u015fa s\u0103-mi fie deschis\u0103.<\/p>\n<p>&nbsp;<\/p>\n<p>Mai na\u015fte-m\u0103 Mam\u0103 o dat\u0103<\/p>\n<p>Atunci c\u00e2nd se crap\u0103 de ziu\u0103,<\/p>\n<p>S\u0103 scriu cu lumin\u0103 \u2013 cuvinte,<\/p>\n<p>\u015ei-n veac s\u0103 r\u0103m\u00e2n doar lumin\u0103!<\/p>\n<p>&nbsp;<\/p>\n<p><strong>A trecut <\/strong><\/p>\n<p>&nbsp;<\/p>\n<p>A trecut \u00een grab\u0103 vara peste noi,<\/p>\n<p>Toamna din penel frunza&#8217; ng\u0103lbene\u0219te<\/p>\n<p>Bat \u00een geam cu lacrimi ploile \u0219uvoi<\/p>\n<p>Parc\u0103 ar fi un r\u00e2u gata s\u0103 se verse.<\/p>\n<p>&nbsp;<\/p>\n<p>Iarba se usuc\u0103, crengile se fr\u00e2ng,<\/p>\n<p>Dorul mi-a r\u0103mas \u00eenvelit \u00een \u0219oapte,<\/p>\n<p>La un \u021b\u0103rm tomnatic salciile spun<\/p>\n<p>C\u0103 a\u0219 fi un mal tare singuratic.<\/p>\n<p>&nbsp;<\/p>\n<p>\u00cen c\u0103u\u0219ul palmei am g\u0103sit o scoic\u0103,<\/p>\n<p>Marea \u00eemi vorbe\u0219te, valurile-s reci<\/p>\n<p>Simt nisip pe talp\u0103 \u0219i un col\u021b de st\u00e2nc\u0103,<\/p>\n<p>Pesc\u0103ru\u0219i \u00een zbor visul mi-l petrec.<\/p>\n<p>&nbsp;<\/p>\n<p>Am aprins \u00een mine candela speran\u021bei<\/p>\n<p>\u0218i-am s\u0103 scriu cu via strugurilor cop\u021bi,<\/p>\n<p>Furii vor s\u0103 vin\u0103 iar \u00een miez de noapte<\/p>\n<p>Eu rup un chiorchine \u0219i-i hr\u0103nesc pe to\u021bi!<\/p>\n<p>&nbsp;<\/p>\n<p>Visul meu de var\u0103 a plecat lunatec,<\/p>\n<p>Am r\u0103mas \u00een toamna frunzei ar\u0103mii<\/p>\n<p>Adun \u00een panere fructele ce-s coapte<\/p>\n<p>\u0218i le dau \u00een dar celor ce sunt vii.<\/p>\n<p>&nbsp;<\/p>\n<p><strong>M-am n\u0103scut <\/strong><\/p>\n<p>&nbsp;<\/p>\n<p>Din puterea rug\u0103ciunii<\/p>\n<p>M-am n\u0103scut a mia oar\u0103,<\/p>\n<p>G\u00e2ndul bun \u00een mine cre\u0219te<\/p>\n<p>\u0218i \u00eemi c\u00e2nt\u0103 a prim\u0103var\u0103.<\/p>\n<p>&nbsp;<\/p>\n<p>M-am n\u0103scut din foc \u0219i ap\u0103<\/p>\n<p>C\u00e2nd ruinele din oase<\/p>\n<p>\u00cemi intrase p\u00e2n la s\u00e2nge<\/p>\n<p>\u0218i dospeau \u00een str\u00e2mte vase..<\/p>\n<p>&nbsp;<\/p>\n<p>M-am n\u0103scut iar din \u021b\u0103r\u00e2n\u0103<\/p>\n<p>Ca un bob micu\u021b de gr\u00e2u<\/p>\n<p>S\u0103 \u021bin r\u0103ul la distan\u021b\u0103<\/p>\n<p>\u0218i tot binele \u00een fr\u00e2u.<\/p>\n<p>&nbsp;<\/p>\n<p>M-am n\u0103scut \u00een diminea\u021b\u0103<\/p>\n<p>Pe un clopot alb de crin,<\/p>\n<p>Vorba mea s\u0103 fie dulce<\/p>\n<p>Ca durerea s\u0103-\u021bi alin.<\/p>\n<p>&nbsp;<\/p>\n<p>M-am n\u0103scut din rug\u0103ciunea<\/p>\n<p>Sfin\u021bilor ce \u0219tiu a \u021bine<\/p>\n<p>\u00cen pocal iubirea-nalt\u0103<\/p>\n<p>\u0218i o floare-n piept de bine.<\/p>\n<p>&nbsp;<\/p>\n<p>\u0218i dau slav\u0103 pentru toate<\/p>\n<p>C\u00e2te sunt \u0219i-or s\u0103 mai fie<\/p>\n<p>Un ochi pl\u00e2nge, altul r\u00e2de<\/p>\n<p>\u0218i m\u0103-aprind \u00een bucurie.<\/p>\n<p>&nbsp;<\/p>\n<p><strong>Mam\u0103 <\/strong><\/p>\n<p>&nbsp;<\/p>\n<p>Mam\u0103 pace vreu s\u0103-mi dai<\/p>\n<p>c\u00e2nd coboar\u0103 \u00eenserarea,<\/p>\n<p>pe c\u0103r\u0103ri \u0219i v\u0103i abrute<\/p>\n<p>craiul negru \u021bine calea.<\/p>\n<p>&nbsp;<\/p>\n<p>Mam\u0103, doar \u00een poala ta<\/p>\n<p>\u00eemi g\u0103sesc iert\u0103rile<\/p>\n<p>\u0219i pe treptele de foc,<\/p>\n<p>mi se ard durerile&#8230;<\/p>\n<p>&nbsp;<\/p>\n<p>Mam\u0103, doar \u00een ochii t\u0103i<\/p>\n<p>v\u0103d albastrul cer senin,<\/p>\n<p>c\u00e2nd furtunile lovesc<\/p>\n<p>eu t\u0103cerii m\u0103 \u00eenchin.<\/p>\n<p>&nbsp;<\/p>\n<p>Mam\u0103, doar pe bra\u021bul t\u0103u<\/p>\n<p>un copil \u00ee\u0219i pleac\u0103 t\u00e2mpla<\/p>\n<p>\u0219i \u00een ochii vii din el<\/p>\n<p>arde-n verde iar\u0103\u0219i lunca.<\/p>\n<p>&nbsp;<\/p>\n<p>Mam\u0103, doar cu vorba ta<\/p>\n<p>to\u021bi ghe\u021barii se topesc<\/p>\n<p>\u0219i \u00een locul lor izvoare<\/p>\n<p>curg din ochiul omenesc.<\/p>\n<p>&nbsp;<\/p>\n<p>Mam\u0103 d\u0103-mi din for\u021ba ta<\/p>\n<p>c\u00e2nd doar sforile m\u0103 leag\u0103<\/p>\n<p>\u0219i m\u0103 &#8211; ajut\u0103 dup\u0103 viscol<\/p>\n<p>s\u0103 r\u0103m\u00e2n mereu \u00eentreag\u0103&#8230;<\/p>\n<p>&nbsp;<\/p>\n<p>Mam\u0103, tu auzi vioara,<\/p>\n<p>corzile \u00een inimi pl\u00e2ng<\/p>\n<p>prin decorul freneziei<\/p>\n<p>uneori am pasul str\u00e2mb&#8230;<\/p>\n<p>&nbsp;<\/p>\n<p>Mam\u0103, pace vreau s\u0103-mi dai<\/p>\n<p>c-am pl\u0103tit tribut cu anii&#8230;,<\/p>\n<p>doar \u00een parcul tinere\u021bii<\/p>\n<p>\u00eenflori\u021bi mai sunt castanii&#8230;<\/p>\n<p>&nbsp;<\/p>\n<p>Mam\u0103, pace vreau s\u0103-mi dai&#8230;<\/p>\n<p align=\"center\"><strong>Camelia Cristea<\/strong><\/p>\n","protected":false},"excerpt":{"rendered":"<p>Am \u00eenflorit &nbsp; &nbsp; Am \u00eenflorit \u00een liliacul din gr\u0103din\u0103 \u015ei-n tei mi-am pus s\u0103rutul de cu zori, Din meri [&#038;hellip<\/p>\n","protected":false},"author":1,"featured_media":0,"comment_status":"closed","ping_status":"closed","sticky":false,"template":"","format":"standard","meta":{"footnotes":""},"categories":[3],"tags":[],"class_list":["post-21604","post","type-post","status-publish","format-standard","hentry","category-articole"],"_links":{"self":[{"href":"https:\/\/www.marianagurza.ro\/blog\/wp-json\/wp\/v2\/posts\/21604","targetHints":{"allow":["GET"]}}],"collection":[{"href":"https:\/\/www.marianagurza.ro\/blog\/wp-json\/wp\/v2\/posts"}],"about":[{"href":"https:\/\/www.marianagurza.ro\/blog\/wp-json\/wp\/v2\/types\/post"}],"author":[{"embeddable":true,"href":"https:\/\/www.marianagurza.ro\/blog\/wp-json\/wp\/v2\/users\/1"}],"replies":[{"embeddable":true,"href":"https:\/\/www.marianagurza.ro\/blog\/wp-json\/wp\/v2\/comments?post=21604"}],"version-history":[{"count":3,"href":"https:\/\/www.marianagurza.ro\/blog\/wp-json\/wp\/v2\/posts\/21604\/revisions"}],"predecessor-version":[{"id":21607,"href":"https:\/\/www.marianagurza.ro\/blog\/wp-json\/wp\/v2\/posts\/21604\/revisions\/21607"}],"wp:attachment":[{"href":"https:\/\/www.marianagurza.ro\/blog\/wp-json\/wp\/v2\/media?parent=21604"}],"wp:term":[{"taxonomy":"category","embeddable":true,"href":"https:\/\/www.marianagurza.ro\/blog\/wp-json\/wp\/v2\/categories?post=21604"},{"taxonomy":"post_tag","embeddable":true,"href":"https:\/\/www.marianagurza.ro\/blog\/wp-json\/wp\/v2\/tags?post=21604"}],"curies":[{"name":"wp","href":"https:\/\/api.w.org\/{rel}","templated":true}]}}