{"id":21620,"date":"2015-03-07T18:40:30","date_gmt":"2015-03-07T18:40:30","guid":{"rendered":"http:\/\/www.marianagurza.ro\/blog\/?p=21620"},"modified":"2015-03-07T18:40:30","modified_gmt":"2015-03-07T18:40:30","slug":"iuliana-paloda-popescu-intr-o-privire-albastra","status":"publish","type":"post","link":"https:\/\/www.marianagurza.ro\/blog\/2015\/03\/07\/iuliana-paloda-popescu-intr-o-privire-albastra\/","title":{"rendered":"Iuliana Paloda-Popescu: \u00centr-o privire albastr\u0103"},"content":{"rendered":"<p style=\"text-align: center;\"><a href=\"http:\/\/www.marianagurza.ro\/blog\/wp-content\/uploads\/2015\/03\/iuliana-popescu.jpg\"><img loading=\"lazy\" decoding=\"async\" class=\"size-medium wp-image-21621\" title=\"iuliana popescu\" src=\"http:\/\/www.marianagurza.ro\/blog\/wp-content\/uploads\/2015\/03\/iuliana-popescu-249x300.jpg\" alt=\"\" width=\"249\" height=\"300\" srcset=\"https:\/\/www.marianagurza.ro\/blog\/wp-content\/uploads\/2015\/03\/iuliana-popescu-249x300.jpg 249w, https:\/\/www.marianagurza.ro\/blog\/wp-content\/uploads\/2015\/03\/iuliana-popescu-851x1024.jpg 851w, https:\/\/www.marianagurza.ro\/blog\/wp-content\/uploads\/2015\/03\/iuliana-popescu.jpg 1181w\" sizes=\"auto, (max-width: 249px) 100vw, 249px\" \/><\/a><\/p>\n<p style=\"text-align: center;\">\n<p><strong>\u00a0\u00a0\u00a0 \u00centr-o privire albastr\u0103<\/strong><\/p>\n<p><strong><br \/>\n<\/strong><br data-reactid=\".o5.1:3:1:$comment1600480180165591_1600518076828468:0.0.$right.0.$left.0.0.1.$comment-body.0.0.$end:0:$3:0\" \/> Seara<br data-reactid=\".o5.1:3:1:$comment1600480180165591_1600518076828468:0.0.$right.0.$left.0.0.1.$comment-body.0.3.0.$end:0:$1:0\" \/> coboar\u0103, lungi p\u00e2nze de<br data-reactid=\".o5.1:3:1:$comment1600480180165591_1600518076828468:0.0.$right.0.$left.0.0.1.$comment-body.0.3.0.$end:0:$3:0\" \/> fum adie pe ziduri, pe str\u0103zile<br data-reactid=\".o5.1:3:1:$comment1600480180165591_1600518076828468:0.0.$right.0.$left.0.0.1.$comment-body.0.3.0.$end:0:$5:0\" \/> albe, f\u0103clii se aprind la r\u0103scruci,<br data-reactid=\".o5.1:3:1:$comment1600480180165591_1600518076828468:0.0.$right.0.$left.0.0.1.$comment-body.0.3.0.$end:0:$7:0\" \/> iar \u00een pie\u0163e, cei s\u0103raci se \u00eenc\u0103lzesc<br data-reactid=\".o5.1:3:1:$comment1600480180165591_1600518076828468:0.0.$right.0.$left.0.0.1.$comment-body.0.3.0.$end:0:$9:0\" \/> l\u00e2ng\u0103 focuri \u015fi viseaz\u0103 nop\u0163ile \u00een<br data-reactid=\".o5.1:3:1:$comment1600480180165591_1600518076828468:0.0.$right.0.$left.0.0.1.$comment-body.0.3.0.$end:0:$11:0\" \/> care \u00cengerul trece \u00eenve\u015fm\u00e2ntat<br data-reactid=\".o5.1:3:1:$comment1600480180165591_1600518076828468:0.0.$right.0.$left.0.0.1.$comment-body.0.3.0.$end:0:$13:0\" \/> \u00een c\u0103ma\u015fa lui de m\u0103tase<br data-reactid=\".o5.1:3:1:$comment1600480180165591_1600518076828468:0.0.$right.0.$left.0.0.1.$comment-body.0.3.0.$end:0:$15:0\" \/> alb\u0103, \u00cengerul ce<br data-reactid=\".o5.1:3:1:$comment1600480180165591_1600518076828468:0.0.$right.0.$left.0.0.1.$comment-body.0.3.0.$end:0:$17:0\" \/> <br data-reactid=\".o5.1:3:1:$comment1600480180165591_1600518076828468:0.0.$right.0.$left.0.0.1.$comment-body.0.3.0.$end:0:$19:0\" \/> ne cunoa\u015fte<br data-reactid=\".o5.1:3:1:$comment1600480180165591_1600518076828468:0.0.$right.0.$left.0.0.1.$comment-body.0.3.0.$end:0:$21:0\" \/> \u015fi ne \u0163ine de m\u00e2n\u0103 sub<br data-reactid=\".o5.1:3:1:$comment1600480180165591_1600518076828468:0.0.$right.0.$left.0.0.1.$comment-body.0.3.0.$end:0:$23:0\" \/> felinarul aprins, \u015foptind vorbe<br data-reactid=\".o5.1:3:1:$comment1600480180165591_1600518076828468:0.0.$right.0.$left.0.0.1.$comment-body.0.3.0.$end:0:$25:0\" \/> de ne\u00een\u0163eles, \u00cengerul ce ne apropie<br data-reactid=\".o5.1:3:1:$comment1600480180165591_1600518076828468:0.0.$right.0.$left.0.0.1.$comment-body.0.3.0.$end:0:$27:0\" \/> de vis \u015fi de aura Lunii, f\u0103r\u0103 s\u0103 \u015ftim<br data-reactid=\".o5.1:3:1:$comment1600480180165591_1600518076828468:0.0.$right.0.$left.0.0.1.$comment-body.0.3.0.$end:0:$29:0\" \/> g\u00e2ndul lui, pentru c\u0103 El este cel<br data-reactid=\".o5.1:3:1:$comment1600480180165591_1600518076828468:0.0.$right.0.$left.0.0.1.$comment-body.0.3.0.$end:0:$31:0\" \/> ce vegheaz\u0103, s\u0103 nu cazi, iar<br data-reactid=\".o5.1:3:1:$comment1600480180165591_1600518076828468:0.0.$right.0.$left.0.0.1.$comment-body.0.3.0.$end:0:$33:0\" \/> de se-nt\u00e2mpl\u0103 s\u0103<br data-reactid=\".o5.1:3:1:$comment1600480180165591_1600518076828468:0.0.$right.0.$left.0.0.1.$comment-body.0.3.0.$end:0:$35:0\" \/> luneci pe<br data-reactid=\".o5.1:3:1:$comment1600480180165591_1600518076828468:0.0.$right.0.$left.0.0.1.$comment-body.0.3.0.$end:0:$37:0\" \/> <br data-reactid=\".o5.1:3:1:$comment1600480180165591_1600518076828468:0.0.$right.0.$left.0.0.1.$comment-body.0.3.0.$end:0:$39:0\" \/> frunzele<br data-reactid=\".o5.1:3:1:$comment1600480180165591_1600518076828468:0.0.$right.0.$left.0.0.1.$comment-body.0.3.0.$end:0:$41:0\" \/> reci, l\u0103crim\u00e2nd uneori,<br data-reactid=\".o5.1:3:1:$comment1600480180165591_1600518076828468:0.0.$right.0.$left.0.0.1.$comment-body.0.3.0.$end:0:$43:0\" \/> El \u00eentinde o arip\u0103 \u015fi te \u00eenal\u0163\u0103<br data-reactid=\".o5.1:3:1:$comment1600480180165591_1600518076828468:0.0.$right.0.$left.0.0.1.$comment-body.0.3.0.$end:0:$45:0\" \/> \u00eencet, l\u00e2ng\u0103 inim\u0103, pentru c\u0103 \u015ftie<br data-reactid=\".o5.1:3:1:$comment1600480180165591_1600518076828468:0.0.$right.0.$left.0.0.1.$comment-body.0.3.0.$end:0:$47:0\" \/> cum treci, ca un c\u00e2ntec pe ape sau<br data-reactid=\".o5.1:3:1:$comment1600480180165591_1600518076828468:0.0.$right.0.$left.0.0.1.$comment-body.0.3.0.$end:0:$49:0\" \/> pe \u0163\u0103rmul de aur, unde El, numai El<br data-reactid=\".o5.1:3:1:$comment1600480180165591_1600518076828468:0.0.$right.0.$left.0.0.1.$comment-body.0.3.0.$end:0:$51:0\" \/> te cuprinde \u00eentr-o privire albastr\u0103<br data-reactid=\".o5.1:3:1:$comment1600480180165591_1600518076828468:0.0.$right.0.$left.0.0.1.$comment-body.0.3.0.$end:0:$53:0\" \/> \u015fi te poart\u0103 \u00een tain\u0103 sub<br data-reactid=\".o5.1:3:1:$comment1600480180165591_1600518076828468:0.0.$right.0.$left.0.0.1.$comment-body.0.3.0.$end:0:$55:0\" \/> pleoape!&#8230;<\/p>\n<p style=\"text-align: center;\">\n<br data-reactid=\".o5.1:3:1:$comment1600480180165591_1600518076828468:0.0.$right.0.$left.0.0.1.$comment-body.0.3.0.$end:0:$59:0\" \/> <strong>Iuliana Paloda-Popescu<\/strong><\/p>\n","protected":false},"excerpt":{"rendered":"<p>\u00a0\u00a0\u00a0 \u00centr-o privire albastr\u0103 Seara coboar\u0103, lungi p\u00e2nze de fum adie pe ziduri, pe str\u0103zile albe, f\u0103clii se aprind la [&#038;hellip<\/p>\n","protected":false},"author":1,"featured_media":0,"comment_status":"closed","ping_status":"closed","sticky":false,"template":"","format":"standard","meta":{"footnotes":""},"categories":[3],"tags":[],"class_list":["post-21620","post","type-post","status-publish","format-standard","hentry","category-articole"],"_links":{"self":[{"href":"https:\/\/www.marianagurza.ro\/blog\/wp-json\/wp\/v2\/posts\/21620","targetHints":{"allow":["GET"]}}],"collection":[{"href":"https:\/\/www.marianagurza.ro\/blog\/wp-json\/wp\/v2\/posts"}],"about":[{"href":"https:\/\/www.marianagurza.ro\/blog\/wp-json\/wp\/v2\/types\/post"}],"author":[{"embeddable":true,"href":"https:\/\/www.marianagurza.ro\/blog\/wp-json\/wp\/v2\/users\/1"}],"replies":[{"embeddable":true,"href":"https:\/\/www.marianagurza.ro\/blog\/wp-json\/wp\/v2\/comments?post=21620"}],"version-history":[{"count":2,"href":"https:\/\/www.marianagurza.ro\/blog\/wp-json\/wp\/v2\/posts\/21620\/revisions"}],"predecessor-version":[{"id":21623,"href":"https:\/\/www.marianagurza.ro\/blog\/wp-json\/wp\/v2\/posts\/21620\/revisions\/21623"}],"wp:attachment":[{"href":"https:\/\/www.marianagurza.ro\/blog\/wp-json\/wp\/v2\/media?parent=21620"}],"wp:term":[{"taxonomy":"category","embeddable":true,"href":"https:\/\/www.marianagurza.ro\/blog\/wp-json\/wp\/v2\/categories?post=21620"},{"taxonomy":"post_tag","embeddable":true,"href":"https:\/\/www.marianagurza.ro\/blog\/wp-json\/wp\/v2\/tags?post=21620"}],"curies":[{"name":"wp","href":"https:\/\/api.w.org\/{rel}","templated":true}]}}