{"id":21647,"date":"2015-03-08T16:04:39","date_gmt":"2015-03-08T16:04:39","guid":{"rendered":"http:\/\/www.marianagurza.ro\/blog\/?p=21647"},"modified":"2015-03-08T16:04:39","modified_gmt":"2015-03-08T16:04:39","slug":"vavila-popovici-aparitia-volumului-%c2%abinteles-tarziu%c2%bb","status":"publish","type":"post","link":"https:\/\/www.marianagurza.ro\/blog\/2015\/03\/08\/vavila-popovici-aparitia-volumului-%c2%abinteles-tarziu%c2%bb\/","title":{"rendered":"VAVILA POPOVICI: Apari\u021bia volumului \u00ab\u00cen\u021beles t\u00e2rziu\u00bb"},"content":{"rendered":"<p style=\"text-align: center;\"><img loading=\"lazy\" decoding=\"async\" id=\"irc_mi\" src=\"https:\/\/saltmin.files.wordpress.com\/2015\/03\/vavila-popovici.jpg\" alt=\"\" width=\"217\" height=\"346\" \/><\/p>\n<p align=\"center\"><strong>Vavila Popovici<\/strong><\/p>\n<p align=\"center\"><strong><em>A late understanding<\/em><\/strong><\/p>\n<p align=\"center\"><strong><em>POEMS<\/em><\/strong><\/p>\n<p align=\"center\">(selected)<\/p>\n<p align=\"center\">Volum bilingv (rom\u00e2n-englez) despre Amintiri \u0219i G\u00e2nduri<\/p>\n<p style=\"text-align: justify;\">Celebrul rege\u00a0\u00a0Solomon, \u00een binecunoscuta sa oper\u0103 filozofic\u0103 \u00a0\u201cEclesiastul\u201d, scrie c\u0103 \u201c<em>Toate lucrurile sunt \u00eentr-o necurmat\u0103 fr\u0103m\u00e2ntare, a\u015fa cum nu se poate spune; ochiul nu se mai satur\u0103 privind, \u015fi urechea nu obose\u015fte auzind<\/em>.\u201d (1:8).<\/p>\n<p style=\"text-align: justify;\">Parc\u0103, c\u0103ut\u00e2nd a deslu\u0219i\u00a0aceast\u0103\u00a0constatare filozofic\u0103 a \u00een\u021beleptului, pentru noi, Doamna Vavila Popovici, aflat\u0103 acum \u00een pozi\u021bia privilegiat\u0103 de-a privi \u00een urm\u0103 cu \u00eencredere \u0219i satisfac\u021bie la ceea ce <em>a<\/em>\u00a0<em>privit \u0219i auzit,<\/em> \u00a0\u00eentr-o via\u021b\u0103 de om, \u00a0din preaplinul ei, cu decantare \u0219i \u00eenc\u00e2ntare, a\u0219terne-n cuvinte imagini <em>Amintiri \u0219i\u00a0G\u00e2nduri<\/em>&#8211; \u00een versuri, cuprinse \u00a0sugestiv ca\u00a0<strong><em>\u00cen\u021beles t\u00e2rziu <\/em><\/strong>(<em>A late understanding<\/em>).<\/p>\n<p>\u2026 \u201c<em>C\u00e2nd suntem tineri,<\/em><br \/>\n<em>moartea se afl\u0103 undeva \u00een afara vie\u021bii;<\/em><br \/>\n<em>c\u00e2nd \u00eemb\u0103tr\u00e2nim ne d\u0103m seama<\/em><br \/>\n<em>c\u0103 ea se afl\u0103 \u00een interiorul fiin\u021bei noastre,<\/em><br \/>\n<em>lovind precum valul \u2013 st\u00e2nca,<\/em><br \/>\n<em>\u00een dorin\u021ba aprig\u0103 de-a o r\u0103pune.<\/em>\u201d \u2026. \u00a0(din poemul \u201c<em>\u00cen\u021beles t\u00e2rziu<\/em>\u201c)<\/p>\n<p style=\"text-align: justify;\">Doamna poeziei rom\u00e2ne\u0219ti contemporane, recunoscut\u0103 \u00a0p\u00e2n\u0103-n\u00a0Italia \u0219i mai departe, \u00een lume, \u00a0prin precedentul volum bilingv de poezie\u00a0 \u201cLOVE STORY\u201c, prefa\u021bat de c\u0103tre muzicologul \u2013 compozitor Doru Popovici \u0219i criticul \u2013 scriitor Eugen Evu, \u00a0r\u0103spl\u0103tit cu \u201e<em>Primo Premio Assoluto<\/em>\u201c al Academiei Il Convivio din Italia- 2014, VAVILA POPOVICI, continu\u0103 cu succes\u00a0editarea\u00a0operei sale poetice \u00een limba lui Shakespeare.<\/p>\n<p>Ast\u0103zi, spre delectare, vom transcrie unul sau dou\u0103 din poemele cuprinse \u00een volumul \u201c<em>\u00cen\u021beles t\u00e2rziu\u201d\u00a0<\/em>(<em>A late understanding)<\/em><\/p>\n<p align=\"center\">***<\/p>\n<p><strong><em>Pentru tine<\/em><\/strong><strong><\/strong><\/p>\n<p><em>Pentru tine furam str\u0103lucirea din stele,<\/em><br \/>\n<em>s\u0103 pot da luciri ve\u0219nice<\/em><br \/>\n<em>privirilor tale \u00eendr\u0103gostite.<\/em><br \/>\n<em>Pentru tine furam raze din soare<\/em><br \/>\n<em>s\u0103-\u021bi \u00eenc\u0103lzesc trupul,<\/em><br \/>\n<em>s\u0103-l \u00eenvelesc \u00een cuvinte de aur.<\/em><br \/>\n<em>Pentru tine inventam un ceas<\/em><br \/>\n<em>s\u0103 bat\u0103 doar secundele bucuriilor noastre.<\/em><br \/>\n<em>G\u00e2ndurile \u00een\u0103l\u021b\u0103toare ne erau,<\/em><br \/>\n<em>sufletele \u00een bra\u021bele iubirii se leg\u0103nau\u2026<\/em><br \/>\n<em>C\u00e2t de departe de noi erau,<\/em><br \/>\n<em>pe atunci,<\/em><br \/>\n<em>\u00eencerc\u0103rile mor\u021bii!<\/em><\/p>\n<p>.<\/p>\n<p><strong><em>For you<\/em><\/strong><strong><\/strong><\/p>\n<p><em>For you I would steal the sparking from the stars,<\/em><br \/>\n<em>to give eternal sparlings<\/em><br \/>\n<em>to your glances enamored.<\/em><br \/>\n<em>For you I would steal the rays from the sun<\/em><br \/>\n<em>to warm your body,<\/em><br \/>\n<em>it was wrapped is golden words.<\/em><br \/>\n<em>For you I would invent a clock<\/em><br \/>\n<em>only seconds of our joys to beat.<\/em><br \/>\n<em>Our thoughts were soaring,<\/em><br \/>\n<em>and our souls were swaying in the arms of love\u2026<\/em><br \/>\n<em>How far away were,<\/em><br \/>\n<em>that time,<\/em><br \/>\n<em>the trials of death!<\/em><\/p>\n<p align=\"center\">.<\/p>\n<p><strong><em>Poemul \u2013 corzile sufletului s\u0103 le ating\u0103!<\/em><\/strong><strong><\/strong><\/p>\n<p><em>De va avea solzi de pe\u0219te,<\/em><br \/>\n<em>poemul va pluti<\/em><br \/>\n<em>\u0219i-n razele soarelui va str\u0103luci;<\/em><br \/>\n<em>de va fi spongier \u2013 animalul lui Aristotel &#8211;<\/em><br \/>\n<em>de apa oceanului va fi p\u0103truns;<\/em><br \/>\n<em>de va sem\u0103na cu \u00abCo\u0219ule\u021bul Venerei\u00bb,<\/em><br \/>\n<em>adev\u0103rat\u0103 frumuse\u021be va avea,<\/em><br \/>\n<em>spaime de g\u00e2nd \u0219i de inim\u0103 va ascunde<\/em><br \/>\n<em>\u0219i-n timp va rezista.<\/em><\/p>\n<p><em>Poemul \u2013 corzile sufletului s\u0103 le ating\u0103!<\/em><\/p>\n<p>.<\/p>\n<p><strong><em>Poem \u2013 soul to touch the strings!<\/em><\/strong><strong><\/strong><\/p>\n<p><em>If the will have fish scales,<\/em><br \/>\n<em>poem will float<\/em><br \/>\n<em>and in sun will shine;<\/em><br \/>\n<em>to be spongier \u2013 animal of Aristotle &#8211;<\/em><br \/>\n<em>by the ocean will be entered;<\/em><br \/>\n<em>if he will resemble the \u201cBasket Venus\u201d,<\/em><br \/>\n<em>real beauty will,<\/em><br \/>\n<em>fears of thought and heart will hide<\/em><br \/>\n<em>and in time will last.<\/em><\/p>\n<p><em>Poem \u2013 soul to touch the strings!<\/em><\/p>\n<p align=\"center\">***<\/p>\n<p>George Danciu,<br \/>\nHickory-Carolina de Nord<\/p>\n","protected":false},"excerpt":{"rendered":"<p>Vavila Popovici A late understanding POEMS (selected) Volum bilingv (rom\u00e2n-englez) despre Amintiri \u0219i G\u00e2nduri Celebrul rege\u00a0\u00a0Solomon, \u00een binecunoscuta sa oper\u0103 [&#038;hellip<\/p>\n","protected":false},"author":1,"featured_media":0,"comment_status":"closed","ping_status":"closed","sticky":false,"template":"","format":"standard","meta":{"footnotes":""},"categories":[3],"tags":[],"class_list":["post-21647","post","type-post","status-publish","format-standard","hentry","category-articole"],"_links":{"self":[{"href":"https:\/\/www.marianagurza.ro\/blog\/wp-json\/wp\/v2\/posts\/21647","targetHints":{"allow":["GET"]}}],"collection":[{"href":"https:\/\/www.marianagurza.ro\/blog\/wp-json\/wp\/v2\/posts"}],"about":[{"href":"https:\/\/www.marianagurza.ro\/blog\/wp-json\/wp\/v2\/types\/post"}],"author":[{"embeddable":true,"href":"https:\/\/www.marianagurza.ro\/blog\/wp-json\/wp\/v2\/users\/1"}],"replies":[{"embeddable":true,"href":"https:\/\/www.marianagurza.ro\/blog\/wp-json\/wp\/v2\/comments?post=21647"}],"version-history":[{"count":2,"href":"https:\/\/www.marianagurza.ro\/blog\/wp-json\/wp\/v2\/posts\/21647\/revisions"}],"predecessor-version":[{"id":21649,"href":"https:\/\/www.marianagurza.ro\/blog\/wp-json\/wp\/v2\/posts\/21647\/revisions\/21649"}],"wp:attachment":[{"href":"https:\/\/www.marianagurza.ro\/blog\/wp-json\/wp\/v2\/media?parent=21647"}],"wp:term":[{"taxonomy":"category","embeddable":true,"href":"https:\/\/www.marianagurza.ro\/blog\/wp-json\/wp\/v2\/categories?post=21647"},{"taxonomy":"post_tag","embeddable":true,"href":"https:\/\/www.marianagurza.ro\/blog\/wp-json\/wp\/v2\/tags?post=21647"}],"curies":[{"name":"wp","href":"https:\/\/api.w.org\/{rel}","templated":true}]}}