{"id":21650,"date":"2015-03-08T16:44:19","date_gmt":"2015-03-08T16:44:19","guid":{"rendered":"http:\/\/www.marianagurza.ro\/blog\/?p=21650"},"modified":"2015-03-08T16:44:19","modified_gmt":"2015-03-08T16:44:19","slug":"boris-david-nu-e-n-lumea-asta","status":"publish","type":"post","link":"https:\/\/www.marianagurza.ro\/blog\/2015\/03\/08\/boris-david-nu-e-n-lumea-asta\/","title":{"rendered":"Boris David: Nu e-n lumea asta&#8230;"},"content":{"rendered":"<p style=\"text-align: center;\"><a href=\"http:\/\/www.marianagurza.ro\/blog\/wp-content\/uploads\/2015\/03\/Mama-lui-boris-david43001.jpg\"><img loading=\"lazy\" decoding=\"async\" class=\"size-medium wp-image-21651\" title=\"Mama lui boris david4(300)\" src=\"http:\/\/www.marianagurza.ro\/blog\/wp-content\/uploads\/2015\/03\/Mama-lui-boris-david43001-243x300.jpg\" alt=\"\" width=\"243\" height=\"300\" srcset=\"https:\/\/www.marianagurza.ro\/blog\/wp-content\/uploads\/2015\/03\/Mama-lui-boris-david43001-243x300.jpg 243w, https:\/\/www.marianagurza.ro\/blog\/wp-content\/uploads\/2015\/03\/Mama-lui-boris-david43001.jpg 780w\" sizes=\"auto, (max-width: 243px) 100vw, 243px\" \/><\/a><\/p>\n<p><strong>Nu e-n lumea asta&#8230;<\/strong><\/p>\n<p><strong>\u00a0<\/strong><\/p>\n<p>Nu e-n lumea asta, z\u00e2mbet ca al mamei,<br \/>\nNu e str\u0103lucire, ca \u00een ochii ei;<br \/>\nNu pot da uit\u0103rii, chipu-i de icoan\u0103,<br \/>\n\u015ei nici clipa-n care, a plecat spre Zei.<\/p>\n<p>&nbsp;<\/p>\n<p>Zile trec \u00een fug\u0103, neput\u00e2nd s\u0103 \u015ftearg\u0103,<br \/>\nLacrimile-i calde, ce au curs ades-<br \/>\nAnii de b\u0103jenii, f\u0103r\u0103 de hotare,<br \/>\nO \u00eenal\u0163\u0103 \u015fi mai, \u00eentr-un neam ales.<\/p>\n<p>&nbsp;<\/p>\n<p>Nu e-n lumea asta \u015fi nici nu va fi mai,<br \/>\nO fiin\u0163\u0103-n care s\u0103-i v\u0103d chipul ei-<br \/>\nVa r\u0103m\u00e2ne ve\u015fnic, o f\u0103ptur\u0103 sacr\u0103,<br \/>\nCe-a dus crucea vie\u0163i-n anii cei mai grei.<\/p>\n<p>&nbsp;<\/p>\n<p>Nu pot da uit\u0103rii, chipu-i de icoan\u0103,<br \/>\n\u015ei nici clipa-n care, a plecat spre Zei&#8230;<\/p>\n<p>&nbsp;<\/p>\n<p style=\"text-align: center;\">Boris David<\/p>\n<p style=\"text-align: center;\">8 Martie 2015<\/p>\n","protected":false},"excerpt":{"rendered":"<p>Nu e-n lumea asta&#8230; \u00a0 Nu e-n lumea asta, z\u00e2mbet ca al mamei, Nu e str\u0103lucire, ca \u00een ochii ei; [&#038;hellip<\/p>\n","protected":false},"author":1,"featured_media":0,"comment_status":"closed","ping_status":"closed","sticky":false,"template":"","format":"standard","meta":{"footnotes":""},"categories":[3],"tags":[],"class_list":["post-21650","post","type-post","status-publish","format-standard","hentry","category-articole"],"_links":{"self":[{"href":"https:\/\/www.marianagurza.ro\/blog\/wp-json\/wp\/v2\/posts\/21650","targetHints":{"allow":["GET"]}}],"collection":[{"href":"https:\/\/www.marianagurza.ro\/blog\/wp-json\/wp\/v2\/posts"}],"about":[{"href":"https:\/\/www.marianagurza.ro\/blog\/wp-json\/wp\/v2\/types\/post"}],"author":[{"embeddable":true,"href":"https:\/\/www.marianagurza.ro\/blog\/wp-json\/wp\/v2\/users\/1"}],"replies":[{"embeddable":true,"href":"https:\/\/www.marianagurza.ro\/blog\/wp-json\/wp\/v2\/comments?post=21650"}],"version-history":[{"count":2,"href":"https:\/\/www.marianagurza.ro\/blog\/wp-json\/wp\/v2\/posts\/21650\/revisions"}],"predecessor-version":[{"id":21653,"href":"https:\/\/www.marianagurza.ro\/blog\/wp-json\/wp\/v2\/posts\/21650\/revisions\/21653"}],"wp:attachment":[{"href":"https:\/\/www.marianagurza.ro\/blog\/wp-json\/wp\/v2\/media?parent=21650"}],"wp:term":[{"taxonomy":"category","embeddable":true,"href":"https:\/\/www.marianagurza.ro\/blog\/wp-json\/wp\/v2\/categories?post=21650"},{"taxonomy":"post_tag","embeddable":true,"href":"https:\/\/www.marianagurza.ro\/blog\/wp-json\/wp\/v2\/tags?post=21650"}],"curies":[{"name":"wp","href":"https:\/\/api.w.org\/{rel}","templated":true}]}}