{"id":21667,"date":"2015-03-08T21:00:33","date_gmt":"2015-03-08T21:00:33","guid":{"rendered":"http:\/\/www.marianagurza.ro\/blog\/?p=21667"},"modified":"2015-03-08T21:00:33","modified_gmt":"2015-03-08T21:00:33","slug":"vasilica-grigoras-%e2%80%93-poezii-pentru-copii-i","status":"publish","type":"post","link":"https:\/\/www.marianagurza.ro\/blog\/2015\/03\/08\/vasilica-grigoras-%e2%80%93-poezii-pentru-copii-i\/","title":{"rendered":"Vasilica Grigora\u0219 \u2013 Poezii pentru copii (I)"},"content":{"rendered":"<p style=\"text-align: center;\"><a href=\"http:\/\/www.marianagurza.ro\/blog\/wp-content\/uploads\/2015\/03\/Sara-1.jpg\"><img loading=\"lazy\" decoding=\"async\" class=\"size-medium wp-image-21668\" title=\"Sara 1\" src=\"http:\/\/www.marianagurza.ro\/blog\/wp-content\/uploads\/2015\/03\/Sara-1-300x225.jpg\" alt=\"\" width=\"300\" height=\"225\" srcset=\"https:\/\/www.marianagurza.ro\/blog\/wp-content\/uploads\/2015\/03\/Sara-1-300x225.jpg 300w, https:\/\/www.marianagurza.ro\/blog\/wp-content\/uploads\/2015\/03\/Sara-1.jpg 960w\" sizes=\"auto, (max-width: 300px) 100vw, 300px\" \/><\/a><\/p>\n<p><strong>Ce este prim\u0103vara?<\/strong><\/p>\n<p>&nbsp;<\/p>\n<p>E-o ploaie cald\u0103<\/p>\n<p>Ce p\u0103m\u00e2ntu-l scald\u0103.<\/p>\n<p>Un curcubeu \u00een z\u0103ri<\/p>\n<p>Z\u00e2mbind \u00een culori.<\/p>\n<p>Un cer senin,<\/p>\n<p>Suflet de bucurie plin.<\/p>\n<p>&nbsp;<\/p>\n<p>E-o \u015foapt\u0103 de v\u00e2nt,<\/p>\n<p>O pas\u0103re c\u00e2nt\u00e2nd,<\/p>\n<p>Un fluture ce zboar\u0103,<\/p>\n<p>Un miel \u015fi o mioar\u0103<\/p>\n<p>Prin iarba verde, deas\u0103<\/p>\n<p>Moale m\u0103tas\u0103.<\/p>\n<p>&nbsp;<\/p>\n<p>E-o raz\u0103 de soare,<\/p>\n<p>O petal\u0103 de floare,<\/p>\n<p>Un mugur de pom<\/p>\n<p>Trezit din somn.<\/p>\n<p>E-un magic vis<\/p>\n<p>Multicolor paradis.<\/p>\n<p>&nbsp;<\/p>\n<p><strong>Ploaia<\/strong><\/p>\n<p>&nbsp;<\/p>\n<p>\u00centr-o zi de prim\u0103var\u0103,<br \/>\nStrop cu strop cerne afar\u0103.<br \/>\nPloaia-i binef\u0103c\u0103toare<\/p>\n<p>De bel\u015fug aduc\u0103toare.<\/p>\n<p>&nbsp;<\/p>\n<p style=\"text-align: left;\">\nDe la gr\u0103dini\u0163\u0103 am plecat<br \/>\nCu dorin\u0163\u0103 de plimbat.<br \/>\nAm s\u0103rit cu chef de joac\u0103<br \/>\nDin b\u0103ltoac\u0103 \u00een b\u0103ltoac\u0103.<\/p>\n<p>Cu bunica pe-ndelete<br \/>\nNe-am distrat ca dou\u0103 fete.<\/p>\n<p>\u00cens\u0103 c\u00e2nd ne-am udat<br \/>\nIute-n cas\u0103-am intrat.<\/p>\n<p>E frumos, nu am ce zice,<br \/>\n\u00cens\u0103\u00a0 ploaia este rece,<br \/>\nNu e bine\u00a0 mult a sta,<br \/>\nC\u0103 \u00eencepi a\u00a0 str\u0103nuta.<\/p>\n<p>&nbsp;<\/p>\n<p><strong> Ca natura prim\u0103vara<\/strong><\/p>\n<p>&nbsp;<\/p>\n<p>Fragezi obr\u0103jorii,<\/p>\n<p>Roziori precum bujorii.<\/p>\n<p>Ochii str\u0103lucesc,<\/p>\n<p>Z\u00e2mbet \u00eengeresc.<\/p>\n<p>&nbsp;<\/p>\n<p>Gure\u015f\u0103 ca vr\u0103biu\u0163a<\/p>\n<p>Ce se scald\u0103, e guri\u0163a.<\/p>\n<p>R\u00e2sul vesel, cristalin,<\/p>\n<p>Nasul, bobocel de crin.<\/p>\n<p>&nbsp;<\/p>\n<p>Urechile par petale<\/p>\n<p>De ginga\u015f\u0103 floare.<\/p>\n<p>Cum arat\u0103 oare Sara\u00a0?<\/p>\n<p>Ca natura prim\u0103vara.<\/p>\n<p>&nbsp;<\/p>\n<p style=\"text-align: center;\"><strong>\u00a0Vasilica Grigora\u0219<\/strong><\/p>\n<p style=\"text-align: center;\">(Din volumul \u201eRaze de suflet pentru Sara\u201d, Buc., Oscar Print, 2012)<\/p>\n","protected":false},"excerpt":{"rendered":"<p>Ce este prim\u0103vara? &nbsp; E-o ploaie cald\u0103 Ce p\u0103m\u00e2ntu-l scald\u0103. Un curcubeu \u00een z\u0103ri Z\u00e2mbind \u00een culori. Un cer senin, [&#038;hellip<\/p>\n","protected":false},"author":1,"featured_media":0,"comment_status":"closed","ping_status":"closed","sticky":false,"template":"","format":"standard","meta":{"footnotes":""},"categories":[3],"tags":[],"class_list":["post-21667","post","type-post","status-publish","format-standard","hentry","category-articole"],"_links":{"self":[{"href":"https:\/\/www.marianagurza.ro\/blog\/wp-json\/wp\/v2\/posts\/21667","targetHints":{"allow":["GET"]}}],"collection":[{"href":"https:\/\/www.marianagurza.ro\/blog\/wp-json\/wp\/v2\/posts"}],"about":[{"href":"https:\/\/www.marianagurza.ro\/blog\/wp-json\/wp\/v2\/types\/post"}],"author":[{"embeddable":true,"href":"https:\/\/www.marianagurza.ro\/blog\/wp-json\/wp\/v2\/users\/1"}],"replies":[{"embeddable":true,"href":"https:\/\/www.marianagurza.ro\/blog\/wp-json\/wp\/v2\/comments?post=21667"}],"version-history":[{"count":2,"href":"https:\/\/www.marianagurza.ro\/blog\/wp-json\/wp\/v2\/posts\/21667\/revisions"}],"predecessor-version":[{"id":21670,"href":"https:\/\/www.marianagurza.ro\/blog\/wp-json\/wp\/v2\/posts\/21667\/revisions\/21670"}],"wp:attachment":[{"href":"https:\/\/www.marianagurza.ro\/blog\/wp-json\/wp\/v2\/media?parent=21667"}],"wp:term":[{"taxonomy":"category","embeddable":true,"href":"https:\/\/www.marianagurza.ro\/blog\/wp-json\/wp\/v2\/categories?post=21667"},{"taxonomy":"post_tag","embeddable":true,"href":"https:\/\/www.marianagurza.ro\/blog\/wp-json\/wp\/v2\/tags?post=21667"}],"curies":[{"name":"wp","href":"https:\/\/api.w.org\/{rel}","templated":true}]}}