{"id":21671,"date":"2015-03-08T21:03:38","date_gmt":"2015-03-08T21:03:38","guid":{"rendered":"http:\/\/www.marianagurza.ro\/blog\/?p=21671"},"modified":"2015-03-08T21:11:28","modified_gmt":"2015-03-08T21:11:28","slug":"anna-nora-rotaru-maicuta-draga","status":"publish","type":"post","link":"https:\/\/www.marianagurza.ro\/blog\/2015\/03\/08\/anna-nora-rotaru-maicuta-draga\/","title":{"rendered":"Anna Nora Rotaru: M\u0103icu\u021b\u0103 drag\u0103"},"content":{"rendered":"<p style=\"text-align: center;\"><img loading=\"lazy\" decoding=\"async\" id=\"irc_mi\" src=\"https:\/\/i0.wp.com\/melidonium.ro\/wp-content\/uploads\/2015\/01\/Anna-Nora-Rotaru1.jpg\" alt=\"\" width=\"225\" height=\"300\" \/><\/p>\n<p><strong>M\u0103icu\u021b\u0103\u00a0drag\u0103<\/strong><\/p>\n<p>&nbsp;<\/p>\n<p>M\u0103icu\u021b\u0103, mai vino c\u00e2teodat la mine-n vis,<br \/>\nS\u0103 te mai v\u0103d, s\u0103-mi par\u0103 c\u0103 tr\u0103iesc adev\u0103rat\u2026<br \/>\nCu bra\u021bele-ntinse larg, cu sufletul deschis,<br \/>\nS\u0103 te cuprind, cum poate n-am f\u0103cut-o niciodat\u2026<\/p>\n<p>&nbsp;<\/p>\n<p>&nbsp;<br \/>\nS\u0103-\u021bi m\u00e2ng\u00e2i um\u0103rul \u0219i cu drag obrazul,<br \/>\nLacrimile ce te-au durut s\u0103 \u021bi le \u0219terg!<br \/>\nDe te-a cuprins cumva, f\u0103r\u0103 s\u0103 \u0219tiu necazul,<br \/>\nAzi, mai mult ca-oric\u00e2nd s\u0103 pot s-alerg,<\/p>\n<p>&nbsp;<\/p>\n<p>&nbsp;<br \/>\nLa tine-n poal\u0103, c-atuncia s\u0103 m\u0103 cuib\u0103resc\u2026<br \/>\nM\u00e2nu\u021bele dragi s\u0103 le cuprind s\u0103 le s\u0103rut!<br \/>\nS\u0103 pot cu mult mai mult s\u0103 te-ocrotesc,<br \/>\nCum poate n-am f\u0103cut deajuns c\u00e2t am putut\u2026<\/p>\n<p>&nbsp;<\/p>\n<p>&nbsp;<br \/>\n\u0218i dac\u0103 ceva-\u021bi apas\u0103 sufletul, s\u0103-mi spui,<br \/>\nVreo sup\u0103rare sau vorbe spuse la m\u00e2nie!<br \/>\nN-au fost din inim\u0103 \u0219i-n inim\u0103 s\u0103 nu le pui,<br \/>\nC\u0103-s vorbe goale ce sufletul din noi sf\u00e2\u0219ie!<\/p>\n<p>&nbsp;<\/p>\n<p>&nbsp;<br \/>\nM\u0103icu\u021b\u0103 drag\u0103, afl\u0103 c\u0103 te-am iubit f\u0103r\u0103 m\u0103rginire\u2026<br \/>\nTe port \u00een mine, nicic\u00e2nd uitat\u0103-mi vei fi vreodat\u2026<br \/>\n\u0218i c\u00e2nd \u00eemi va veni \u0219i mie vremea mea de poposire,<br \/>\nS\u0103-mi vii la prag, de m\u00e2n\u0103 s\u0103 m\u0103 duci ca alt\u0103dat,<\/p>\n<p>&nbsp;<\/p>\n<p>&nbsp;<br \/>\nC\u00e2nd eram mic\u0103, \u00ee\u021bi aminte\u0219ti, mi-era team\u0103 de bezn\u0103,<br \/>\nDe-ntuneric c\u00e2nd nop\u021bile-ad\u00e2nci m\u0103-nfrico\u0219au,<br \/>\nSau c\u00e2nd h\u0103\u021bi\u0219urile mi se-mpleticeau de glezn\u0103<br \/>\n\u0218i bra\u021bele tale-ap\u0103r\u0103toare cu drag m\u0103 alintau\u2026<\/p>\n<p>&nbsp;<\/p>\n<p>&nbsp;<br \/>\nMai vino c\u00e2teodat \u00een visul meu, drag\u0103 m\u0103icu\u021b\u0103,<br \/>\nS\u0103 te mai v\u0103d, s\u0103 te ating, m\u00e2nu\u021bele s\u0103 le s\u0103rut\u2026<br \/>\nL\u0103s\u00e2ndu-mi c-alt\u0103dat\u0103, pe-aceea\u0219i de copil pernu\u021b\u0103,<br \/>\nParfumul t\u0103u de neuitat\u2026 ca semn c\u0103 mi-ai trecut!<\/p>\n<p>&nbsp;<\/p>\n<p>&nbsp;<\/p>\n<p>&nbsp;<\/p>\n<p>&nbsp;<\/p>\n<p style=\"text-align: center;\"><strong>Anna Nora Rotaru<\/strong><\/p>\n","protected":false},"excerpt":{"rendered":"<p>M\u0103icu\u021b\u0103\u00a0drag\u0103 &nbsp; M\u0103icu\u021b\u0103, mai vino c\u00e2teodat la mine-n vis, S\u0103 te mai v\u0103d, s\u0103-mi par\u0103 c\u0103 tr\u0103iesc adev\u0103rat\u2026 Cu bra\u021bele-ntinse [&#038;hellip<\/p>\n","protected":false},"author":1,"featured_media":0,"comment_status":"closed","ping_status":"closed","sticky":false,"template":"","format":"standard","meta":{"footnotes":""},"categories":[3],"tags":[],"class_list":["post-21671","post","type-post","status-publish","format-standard","hentry","category-articole"],"_links":{"self":[{"href":"https:\/\/www.marianagurza.ro\/blog\/wp-json\/wp\/v2\/posts\/21671","targetHints":{"allow":["GET"]}}],"collection":[{"href":"https:\/\/www.marianagurza.ro\/blog\/wp-json\/wp\/v2\/posts"}],"about":[{"href":"https:\/\/www.marianagurza.ro\/blog\/wp-json\/wp\/v2\/types\/post"}],"author":[{"embeddable":true,"href":"https:\/\/www.marianagurza.ro\/blog\/wp-json\/wp\/v2\/users\/1"}],"replies":[{"embeddable":true,"href":"https:\/\/www.marianagurza.ro\/blog\/wp-json\/wp\/v2\/comments?post=21671"}],"version-history":[{"count":9,"href":"https:\/\/www.marianagurza.ro\/blog\/wp-json\/wp\/v2\/posts\/21671\/revisions"}],"predecessor-version":[{"id":21673,"href":"https:\/\/www.marianagurza.ro\/blog\/wp-json\/wp\/v2\/posts\/21671\/revisions\/21673"}],"wp:attachment":[{"href":"https:\/\/www.marianagurza.ro\/blog\/wp-json\/wp\/v2\/media?parent=21671"}],"wp:term":[{"taxonomy":"category","embeddable":true,"href":"https:\/\/www.marianagurza.ro\/blog\/wp-json\/wp\/v2\/categories?post=21671"},{"taxonomy":"post_tag","embeddable":true,"href":"https:\/\/www.marianagurza.ro\/blog\/wp-json\/wp\/v2\/tags?post=21671"}],"curies":[{"name":"wp","href":"https:\/\/api.w.org\/{rel}","templated":true}]}}