{"id":21714,"date":"2015-03-11T17:15:08","date_gmt":"2015-03-11T17:15:08","guid":{"rendered":"http:\/\/www.marianagurza.ro\/blog\/?p=21714"},"modified":"2015-03-11T17:16:18","modified_gmt":"2015-03-11T17:16:18","slug":"george-roca-interviu-cu-o-persoana-exceptionala-%e2%80%93-smaranda-milu-nemethi","status":"publish","type":"post","link":"https:\/\/www.marianagurza.ro\/blog\/2015\/03\/11\/george-roca-interviu-cu-o-persoana-exceptionala-%e2%80%93-smaranda-milu-nemethi\/","title":{"rendered":"George ROCA: Interviu cu o persoan\u0103 excep\u021bional\u0103 \u2013 Smaranda Milu  N\u00e9methi"},"content":{"rendered":"<p align=\"center\"><a href=\"http:\/\/www.marianagurza.ro\/blog\/wp-content\/uploads\/2015\/03\/NEMETHI-FAMILY-SMARANDA-wb.jpg\"><img loading=\"lazy\" decoding=\"async\" class=\"size-medium wp-image-21715 aligncenter\" title=\"NEMETHI-FAMILY-&amp;-SMARANDA-wb\" src=\"http:\/\/www.marianagurza.ro\/blog\/wp-content\/uploads\/2015\/03\/NEMETHI-FAMILY-SMARANDA-wb-300x253.jpg\" alt=\"\" width=\"300\" height=\"253\" srcset=\"https:\/\/www.marianagurza.ro\/blog\/wp-content\/uploads\/2015\/03\/NEMETHI-FAMILY-SMARANDA-wb-300x253.jpg 300w, https:\/\/www.marianagurza.ro\/blog\/wp-content\/uploads\/2015\/03\/NEMETHI-FAMILY-SMARANDA-wb.jpg 709w\" sizes=\"auto, (max-width: 300px) 100vw, 300px\" \/><\/a><\/p>\n<p align=\"center\"><strong>Motto:<\/strong><strong><\/strong><\/p>\n<p align=\"center\"><em>\u201e<\/em><em>Sunt varz\u0103&#8230; o varz\u0103 fericit\u0103!\u201d<\/em><\/p>\n<p align=\"center\"><strong>(SML, 10 aug<\/strong><strong>ust <\/strong><strong>2014 FB)<\/strong><\/p>\n<p>&nbsp;<\/p>\n<p style=\"text-align: justify;\"><strong>George ROCA:<\/strong> <strong>Distins\u0103 doamn\u0103, v\u0103 mul\u0163umesc pentru privilegiul de a-mi acorda acest interviu. Mi s-a p\u0103rut at\u00e2t de dificil s\u0103-l \u00eencep, s\u0103-i conturez \u00eentreb\u0103rile, datorit\u0103 faptului c\u0103 nu vom discuta numai despre realiz\u0103ri \u015fi bucurii ci \u015fi despre situa\u0163ii extreme, poate cele mai grele din via\u0163a unui om! A\u015f dori s\u0103 \u00eencepem cu \u201eamintirile frumoase ale copil\u0103riei\u201d.<\/strong><\/p>\n<p style=\"text-align: justify;\"><strong>Smaranda MILU N\u00c9METHI: <\/strong>Mi s-a mai pus aceast\u0103 \u00eentrebare \u00een alte interviuri \u015fi de fiecare dat\u0103 \u00eemi vine \u00een minte un alt r\u0103spuns. Azi \u00eemi aduc aminte de o clip\u0103 pe care \u00eemi place s\u0103 o definesc perfect\u0103. Eram \u00een vacan\u0163\u0103 la Marea Neagr\u0103 \u00eempreun\u0103 cu p\u0103rin\u0163ii \u015fi cu fratele meu. Eu s\u0103 fi avut vre-o 4 ani. Un fotograf ne \u00eencadra pentru poz\u0103 de concediu. Eram cu to\u0163ii bine dispu\u015fi. \u00cemi amintesc \u015fi \u00een ziua de azi c\u00e2t de simpatic \u015fi preocupat era acel fotograf ca aceast\u0103 poz\u0103 de familie s\u0103 ias\u0103 bine. \u015ei a ie\u015fit. P\u00e2n\u0103 \u00een ziua de azi, a r\u0103mas preferata mea!<\/p>\n<p style=\"text-align: justify;\"><strong>George ROCA:<\/strong> <strong>\u015ei apoi&#8230; \u015fcolile, educa\u0163ia academic\u0103, atrac\u0163ia pentru art\u0103? Pictura de \u015fevalet&#8230;<\/strong><\/p>\n<p style=\"text-align: justify;\"><strong>Smaranda MILU N\u00c9METHI: <\/strong>Ca \u015fi copil eram destul de nepopular\u0103 printre ceilal\u0163i copii de v\u00e2rsta mea, fiindc\u0103 de c\u00e2te ori trebuia s\u0103 aleg eu \u201ejocul\u201d, propunerea mea era \u201ehai s\u0103 desen\u0103m\u201d. Atunci nu \u015ftiam c\u0103 po\u0163i s\u0103 devii pictor c\u00e2nd vei fi mare, a\u015fa c\u0103 p\u00e2n\u0103 c\u00e2nd am aflat c\u0103 acest lucru e posibil, spuneam c\u0103 vreau s\u0103 devin cosmonaut \u015fi medic ca s\u0103 am grij\u0103 de Buni, ca ea s\u0103 poat\u0103 s\u0103 aib\u0103 grij\u0103 de cele 100 de <em>bobici<\/em> (copii) pe care urma s\u0103-i nasc. Apoi, \u00eentr-o zi, c\u00e2nd doamna \u00eenv\u0103\u0163\u0103toare l-a numit ironic pe colegul meu de banc\u0103 Cristi, \u201emare pictor\u201d, am descoperit cuv\u00e2ntul a ceea ce urma s\u0103 devin. Educa\u0163ia mea, de la liceu, p\u00e2n\u0103 la master s-a axat pe vizual \u015fi crea\u0163ie. Am absolvit liceul de art\u0103 \u201eAurel Popp\u201d din Satu-Mare, apoi am studiat la sec\u0163ia de pictur\u0103 a Universit\u0103\u0163ii de arte \u015fi design \u201eIoan Andreescu\u201d din Cluj.<\/p>\n<p style=\"text-align: justify;\"><strong>George ROCA:<\/strong> <strong>Specializ\u0103ri \u00een str\u0103in\u0103tate. Impactul cu Italia! De la C<\/strong><strong>a<\/strong><strong>rei, la Satu Mare, apoi de la Cluj la Bucure\u015fti \u015fi Palermo! C\u00e2teva cuvinte despre peripluul sicilian!<\/strong><\/p>\n<p style=\"text-align: justify;\"><strong>Smaranda MILU N\u00c9METHI: <\/strong>\u00cen timpul facult\u0103\u0163ii am plecat \u00een Italia cu o burs\u0103 de un an la Palermo, la Accademia di belle arti e restauro \u201eAbadir\u201d \u015fi apoi mi-am finalizat studiile cu un master \u00een Publicitate la Facultatea de \u015ftiin\u0163e ale comunic\u0103rii a Universit\u0103\u0163ii \u201eBabe\u015f-Bolyai\u201d din Cluj. Privind \u00een urm\u0103 \u00eemi aduc aminte de fiecare dat\u0103 sim\u0163eam ca o iau de la cap\u0103t cu c\u00e2t se l\u0103rgea noul ora\u015f \u00een care m\u0103 mutam. De fiecare dat\u0103 \u00een compara\u0163ie cu localnicii m\u0103 sim\u0163eam fata de la \u0163ar\u0103 care se mut\u0103 la ora\u015f. Fiecare ora\u015f pe care \u00eel l\u0103s\u0103m \u00een urm\u0103 era mai mic dec\u00e2t urm\u0103torul, iar eu trebuia s\u0103 m\u0103 adaptez \u00een consecin\u0163\u0103. Contrar a\u015ftept\u0103rilor experienta sicilian\u0103 nu a fost \u015focant\u0103. Acolo m-am sim\u0163it subit acas\u0103. C\u00e2nd am ajuns dup\u0103 3 zile \u015fi dou\u0103 nop\u0163i de c\u0103l\u0103torie \u00een gara din Palermo, acolo m\u0103 a\u015ftepta Don Salvatore Leonarda, abatele M\u0103n\u0103stirii La San Martino Delle Scale, care ad\u0103postea Academia de arte \u015fi restaurare \u201eAbadir\u201d. M-a str\u00e2ns \u00een bra\u0163e, m-a pupat pe obraji \u015fi mi-a urat bun venit cu naturale\u0163ea \u015fi c\u0103ldura specific\u0103 sicilienilor!<\/p>\n<p style=\"text-align: justify;\"><strong>George ROCA:<\/strong> <strong>Realizarea profesional\u0103. Ce este Hybrid Studio \u015fi ce munc\u0103 desf\u0103\u015fura\u0163i acolo? Care sunt clien\u0163i cu care a\u0163i lucrat?<\/strong><\/p>\n<p style=\"text-align: justify;\"><strong>Smaranda MILU N\u00c9METHI: <\/strong>So\u0163ul meu \u015fi cu mine am acumulat experien\u0163\u0103 \u00een mediile \u00een care am muncit \u00een prealabil. Dan Ioan Milu, a\u015fa \u00een cheam\u0103 pe so\u0163ul meu, este fotograf de profesie. \u015ei-a dezvoltat m\u0103iestria muncind \u00een domeniul fotografiei de business la reviste precum \u201eCampaign\u201d, \u201eBiz\u201d, \u201eForbes\u201d. Mul\u0163i din cei care lucreaz\u0103 \u00een publicitate au avut ocazia s\u0103 \u00eel cunoasc\u0103 \u00een perioada \u201eCampaign\u201d. Era foarte apreciat, iar eu am fost un fan al fotografiilor sale \u00eenainte de a-l cunoa\u015fte personal. Fotografiile lui erau unul din motivele pentru care colec\u0163ionam revista \u201eCampaign\u201d. \u00cen ceea ce m\u0103 prive\u015fte, am acumulat experien\u0163a ca Art Director \u00een Bucure\u015fti, la \u201eLeo Burnett\u201d, apoi la \u201eSister\u201d \u015fi la \u201eGav\u201d. Experien\u0163a de la \u201eLeo\u201d a fost cea care m-a format \u00een primul r\u00e2nd. Acolo am avut norocul s\u0103 \u00eenv\u0103\u0163 de la cei mai buni, s\u0103 lucrez pe proiecte importante, s\u0103 c\u00e2\u015ftig premii. La \u201eLeo Burnett\u201d, am \u00eenv\u0103\u0163at ce \u00eenseamn\u0103 s\u0103 fii cu adev\u0103rat dedicat publicit\u0103\u0163ii \u015fi oamenilor cu care munce\u015fti zi de zi. Datorit\u0103 lor am cunoscut sentimentul de premiant \u00een pubicitate atunci c\u00e2nd am c\u00e2\u015ftigat la Effie. F\u0103r\u0103 experien\u0163a de la \u201eLeo Burnett\u201d Rom\u00e2nia nu a\u015f \u015fti multe din lucrurile pe care le \u015ftiu acum.<\/p>\n<p style=\"text-align: justify;\">Ideea de a porni \u201eHybrid Studio\u201d ne-a venit \u00eentr-un moment de reinventare personal\u0103 c\u00e2t \u015fi ca o necesitate. Trebuia s\u0103 g\u0103sim o solu\u0163ie \u00een care s\u0103 continu\u0103m colaborarea cu clien\u0163ii pe care \u00eei aveam <em>freelance<\/em>, \u00een contextul \u00een care \u00een Rom\u00e2nia s-a schimbat legea dreptului de autor. Ne-am dat seama c\u0103 puteam s\u0103 acoperim \u00eempreun\u0103 \u015fi \u00een colaborare cu al\u0163i colegi mai multe cerin\u0163e ale unor poten\u0163iali clien\u0163i. Aveam <em>know<\/em><em>&#8211;<\/em><em>how<\/em>-ul, aveam entuziasm, aveam clien\u0163ii, ne mai trebuia un nume. \u201eHybrid\u201d pentru c\u0103 \u00eembinam mai multe discipline cu scopul de a satisface mai multe nevoi de crea\u0163ie, \u201eStudio\u201d pentru c\u0103, s\u0103 fim sinceri, o m\u00e2n\u0103 de oameni nu se poate numi agen\u0163ie, doar ceva mai mic, care suna <em>chic<\/em>, se putea numi studio. A\u015fa s-a n\u0103scut \u201eHybrid Studio\u201d. Apoi a venit criza. Personal, eu sunt ata\u015fat\u0103 de campania \u201eGlontz Energy Drink\u201d \u015fi de proiectele de branding \u201eTango Caffee\u201d \u015fi mai recent proiectul \u201eCorul Regal\u201d.<\/p>\n<p style=\"text-align: justify;\"><strong>George ROCA:<\/strong> <strong>Sunte\u0163i o persoan\u0103 t\u00e2n\u0103r\u0103, de 33 de ani&#8230; C\u00e2nd m\u0103 g\u00e2ndesc la aceast\u0103 v\u00e2rst\u0103 minunat\u0103 \u00eemi sun\u0103 \u00een minte melodia lui Julio Iglesias: <em>\u201eTreinta y tres a\u00f1os\/<\/em><\/strong><strong><em> <\/em><\/strong><strong><em>Nad<\/em><\/strong><strong><em>a<\/em><\/strong><strong><em> mas son media vida\/<\/em><\/strong><strong><em> <\/em><\/strong><strong><em>Treinta y tres a\u00f1os\/<\/em><\/strong><strong><em> <\/em><\/strong><strong><em>Que se van con tanta prisa\/\/\u201d <\/em><\/strong><strong>(Treizeci \u015fi trei de ani\/<\/strong><strong> <\/strong><strong>Nimic mai mult, mijlocul vie\u0163ii\/<\/strong><strong> <\/strong><strong>Treizeci \u015fi trei de ani\/<\/strong><strong> <\/strong><strong>Care au trecut at\u00e2t de repede\/\/). Cum vi s-au p\u0103rut primii 33 de ani de via\u0163\u0103&#8230; cu triste\u0163i \u015fi bucurii!?<\/strong><\/p>\n<p style=\"text-align: justify;\"><strong>Smaranda MILU N\u00c9METHI: <\/strong>C\u00e2nd eram student\u0103, o coleg\u0103 de an, avea un iubit de 33 de ani. Noi aveam abia abia 20 de ani pe vremea aceea. Mi se p\u0103rea o pr\u0103pastie at\u00e2t de mare \u00eentre noi \u015fi acel b\u0103rbat de 33 de ani. Atunci mi se p\u0103rea c\u0103 m\u0103 aflu la ani lumin\u0103 dep\u0103rtare de v\u00e2rst\u0103 de 33 de ani. Apoi, \u00eentr-o diminea\u0163\u0103 m-am trezit c\u0103 am \u015fi eu 33 de ani. Cum mi s-au p\u0103rut primii 33 de ani? Mi-am pus \u015fi eu adeseori aceast\u0103 \u00eentrebare. Credeam c\u0103 m\u0103 voi sim\u0163i mai b\u0103tr\u00e2n\u0103 \u015fi mai \u00een\u0163eleapt\u0103 la 33 de ani. E aproape ca \u015fi cum m-ai \u00eentreba acum c\u0103: <em>\u201eA<\/em><em>i 80 de kg<\/em><em>! P<\/em><em>rivind \u00een urm\u0103 la c\u00e2nd aveai 65 de kg, e\u015fti mai trist\u0103, <\/em><em>sau <\/em><em>mai vesel\u0103?<\/em><em>\u201d<\/em><\/p>\n<p style=\"text-align: justify;\"><strong>George ROCA:<\/strong> <strong>Ce speran\u0163e<\/strong><strong>, ce idealuiri<\/strong><strong> v<\/strong><strong>\u0103<\/strong><strong> pl\u0103nuise\u0163i pentru urm\u0103torii 33 de ani!<\/strong><\/p>\n<p style=\"text-align: justify;\"><strong>Smaranda MILU N\u00c9METHI: <\/strong>Nu am \u00eencetat s\u0103 pl\u0103nuiesc, \u00een aceast\u0103 ordine: Copii, familie, cas\u0103, iubire, asocia\u0163ie de binefacere, succes, art\u0103, pictura, bel\u015fug, fericire, c\u00e2ini, pisici, s\u0103rb\u0103tori fericite, longevitate&#8230;<\/p>\n<p style=\"text-align: justify;\"><strong>George ROCA:<\/strong> <strong>\u015ei \u00eentr-o zi de decembrie 2013 o \u201eeclips\u0103\u201d a \u00eenceput s\u0103 v\u0103 umbreasc\u0103 via\u0163a. Am trecut \u015fi eu recent prin a\u015fa ceva&#8230; \u015fi de aceea \u00eemi permit s\u0103 v\u0103 \u00eentreb! Cum a\u0163i reac\u0163ionat la aflarea ve\u015ftii c\u0103 acea eclips<\/strong><strong>\u0103<\/strong><strong> era condi\u0163ionat\u0103 de un cancer la pl\u0103m\u00e2ni?<\/strong><\/p>\n<p style=\"text-align: justify;\"><strong>Smaranda MILU N\u00c9METHI: <\/strong>C\u00e2nd prime\u015fti vestea c\u0103 ai cancer sim\u0163i \u00een sf\u00e2r\u015fit CEVA! \u00a0Realitarea \u00ee\u015fi deap\u0103n\u0103 urm\u0103toarea poveste: <em>\u201e<\/em><em>\u00cen decembrie 2013,\u00a0<\/em><em>Smaranda afla c\u0103 are cancer la pl\u0103m\u00e2ni<\/em><em>. La 32 de ani, via<\/em><em>\u0163<\/em><em>a fetei s-a schimbat, brusc, \u00eentr-o zi de iarn\u0103. De atunci, zilele ei au curs ca un rollercoaster <\/em><em>\u015f<\/em><em>i-au fost mai bune, <\/em><em>\u015f<\/em><em>i mai rele. Boala asta a venit cu tot ce vine o astfel de boal\u0103: goan\u0103 dup\u0103 bani, care \u00eenseamn\u0103, de fapt, goan\u0103 dup\u0103 via<\/em><em>\u0163<\/em><em>\u0103, medicamente, c\u0103l\u0103torii pentru tratamente, am\u0103r\u0103ciune<\/em><em> \u015fi speran\u0163e<\/em><em>, pa<\/em><em>\u015f<\/em><em>i mici pentru omenire, dar imen<\/em><em>\u015f<\/em><em>i pentru Smaranda. C\u00e2nd ai cancer, via<\/em><em>\u0163<\/em><em>a se reconfigureaz\u0103 <\/em><em>\u015f<\/em><em>i \u00eentr-un fel, \u00ee<\/em><em>\u015f<\/em><em>i arat\u0103 plenitudinea fix \u00een aceste momente \u00een care, paradoxal, te oblig\u0103, cumva, s\u0103 dai, \u00een numele propriei supravie<\/em><em>\u0163<\/em><em>uiri, acel 100% pe care, s\u0103n\u0103tos fiind, \u00eel iei ca pe un dat, o stare care exist\u0103 de la sine<\/em><em>..<\/em><em>.<\/em><em>\u201d<\/em><\/p>\n<p style=\"text-align: justify;\"><strong>George ROCA:<\/strong> <strong>\u015ei eu am zis la un moment dat c\u0103 a\u015f vrea s\u0103 \u00eembl\u00e2nzesc cancerul&#8230; s\u0103 \u00eel cunosc mai bine \u015fi s\u0103 \u00eencerc s\u0103 \u00eel fac inofensiv. Sper c\u0103 am reu\u015fit! D<\/strong><strong>umneavoastr\u0103 <\/strong><strong>ce p\u0103rere ave\u0163i?<\/strong><\/p>\n<p style=\"text-align: justify;\"><strong>Smaranda MILU N\u00c9METHI:<\/strong> (&#8230;) Cancerul, dup\u0103 ce te obi\u015fnuie\u015fti cu ideea, poate s\u0103 aduc\u0103 \u015fi anumite beneficii! Sl\u0103be\u015fti c\u00e2teva kilograme, \u00ee\u0163i vin hainele din liceu, uneori devii centrul aten\u0163iei&#8230; Dar cine a fost \u00een locul meu \u015ftie c\u0103 atunci c\u00e2nd ai cancer vrei un singur lucru: s\u0103 nu \u00eel mai ai. \u00cen acela\u015fi timp, am \u00eenceput s\u0103 \u00een\u0163eleg cancerul dintr-o nou\u0103 perspectiv\u0103. \u00cen mod bizar, abia atunci c\u00e2nd prime\u015fti o etichet\u0103: doi ani, ca din senin, \u00ee\u0163i aduci aminte de toate am\u00e2n\u0103rile, de toate pl\u0103cerile, de feti\u015furile, de toate ciud\u0103\u0163eniile pe care \u0163i le-ai refuzat \u015fi \u00eencepi s\u0103 tr\u0103ie\u015fti cu poft\u0103, a\u015fa cum nu ai mai tr\u0103it niciodat\u0103. Poate c\u0103 scopul Cancerului nu este acela de a ne ucide. Poate c\u0103 scopul lui este acela de a ne \u00eenv\u0103\u0163a s\u0103 tr\u0103im. S\u0103 tr\u0103im cu adev\u0103rat!<\/p>\n<p style=\"text-align: justify;\"><strong>George ROCA:<\/strong> <strong>Care e diferen\u0163a dintre suferin\u0163a \u015fi durere!? Unii afirm\u0103 c\u0103 suferin\u0163a apar\u0163ine de suflet iar durerea de fizic&#8230; A\u015fa o fi oare?<\/strong><\/p>\n<p style=\"text-align: justify;\"><strong>Smaranda MILU N\u00c9METHI: <\/strong>Durerea provocat\u0103 de boal\u0103 func\u0163ionez\u0103 cred \u00een dou\u0103 direc\u0163ii. Este durerea personal\u0103, pe care o simte cel bolnav \u015fi este durerea pe care o simt cei apropia\u0163i pentru suferin\u0163a celui bolnav. Cum percepi tu cele dou\u0103 dureri \u015fi cum gestionezi durerea celorlal\u0163i? Ai foarte mare dreptate. Ai perceput corect! Sunt dou\u0103 tipuri de dureri. A mea \u015fi cea a familiei mele. Durerea mea o gestionez personal, cu mine \u00eens\u0103mi, cu un sentiment asem\u0103n\u0103tor cu cel din filmul \u201eGarvity\u201d. Singuratea te \u00eenchide \u00eentr-o capsul\u0103 cu tine \u00eensu\u0163i atunci c\u00e2nd \u00eensu\u015fi organul cu care evadezi din durere, \u00een mod nornal, acum te doare, creierul!<\/p>\n<p style=\"text-align: justify;\">\u00cen ceea ce prive\u015fte familia, am ales s\u0103 gestionez durerea lor comunic\u00e2nd cu ei, \u00een aceast\u0103 perioad\u0103, exclusiv prin mesaje. Nu am mai vorbit cu mama, cu tata sau cu socri ori cu fratele meu de trei s\u0103pt\u0103m\u00e2ni. Am considerat c\u0103, cu c\u00e2t au mai pu\u0163in acces la vocea mea, cu at\u00e2t \u00eei expun la mai pu\u0163in\u0103 durere. Am vrut s\u0103 \u00ee\u015fi continue vie\u0163ile f\u0103r\u0103 s\u0103 se fr\u0103m\u00e2nte \u015fi cred c\u0103 am reu\u015fit. \u00cen weekend-ul urm\u0103tor m\u0103 \u00eentorc \u00een ora\u015ful natal. Am ales s\u0103 merg cu trenul, ca pe vremuri&#8230; Ei s\u0103 m\u0103 a\u015ftepte la gar\u0103, tot ca pe vremuri! S\u0103 fie lini\u015fti\u0163i, s\u0103 m\u0103 vad\u0103 cobor\u00e2nd din tren, \u00eentreag\u0103, nev\u0103t\u0103mat\u0103 ca \u015fi pe vremea c\u00e2nd eram student\u0103. F\u0103r\u0103 stres!<\/p>\n<p style=\"text-align: justify;\">O zi mai bun\u0103 a mea, \u00eenseamn\u0103 o zi \u00een care pot m\u00e2nca, pot s\u0103 merg la baie \u015fi pot scrie ceva interesant. \u00cemi place s\u0103 scriu din ce \u00een ce mai mult. O zi bun\u0103, e o zi \u00een care ascult Zucchero, m\u0103 joc cu pisica Kara \u015fi cu pisica Eva, treb\u0103luiesc ceva \u015fi dorm. O zi mai proast\u0103 e atunci c\u00e2nd nu pot s\u0103 fac nimic din toate acestea&#8230;<\/p>\n<p style=\"text-align: justify;\"><strong>George ROCA:<\/strong> <strong>V-ar pl\u0103cea s\u0103 scrie\u0163i o carte despre via\u0163\u0103 \u015fi suferin\u0163a dumneavoastr\u0103? Am citit mai multe r\u00e2nduri de pe blogul personal (<a href=\"http:\/\/helpsmaranda.com\/category\/blog\/\">http:\/\/helpsmaranda.com\/category\/blog\/<\/a>) \u015fi v\u0103 declar cu m\u00e2na pe inim\u0103 c\u0103 ave\u0163i talent. A\u015f vrea s\u0103 le public \u00een revistele cu care colaborez.<\/strong><\/p>\n<p style=\"text-align: justify;\"><strong>Smaranda MILU N\u00c9METHI: <\/strong>Am primit c\u0103r\u0163i scrise despre suferin\u0163\u0103 (nu le-am citit!), am \u00eent\u00e2lnit oameni afla\u0163i \u00een aceast\u0103 suferin\u0163\u0103, am condus un unchi pe drumul acestei suferin\u0163e timp de 6 luni. De aceea nu doresc s\u0103 scriu o carte despre suferin\u0163\u0103. Nici despre a mea \u015fi nici despre a altora. Tr\u0103im \u00een o lume preponderent pesimist\u0103. \u00cenc\u0103 o carte despre suferin\u0163\u0103 nu cred c\u0103 ar fi de folos nim\u0103nui. Persoanele s\u0103n\u0103toase nu au niciun interes s\u0103 se informeze despre cancer \u015fi nici pe mine nu m\u0103 interesa \u00een mod deosebit p\u00e2n\u0103 c\u00e2nd m-am \u00eemboln\u0103vit. Ori dup\u0103 ce m-am \u00eemboln\u0103vit, \u015fi am aflat c\u0103 mai aveam 2 ani de tr\u0103it, suferin\u0163a era ultimul lucru cu care a\u015f mai fi vrut s\u0103-mi umplu timpul. A\u015f vrea s\u0103 scriu, o carte, poate chiar mai multe, dar c\u0103r\u0163i de pove\u015fti. Nu sunt suficient de consecvent\u0103 s\u0103 scriu o carte. \u015eansele sunt mari s\u0103 m\u0103 plictisesc eu \u00eens\u0103mi de carte, \u00eenainte chiar de a o termina de scris. Mi-ar pl\u0103cea s\u0103 scriu articole, s\u0103 colaborez cu reviste.<\/p>\n<p style=\"text-align: justify;\"><strong>George ROCA:<\/strong> <strong>Dintr-o pur\u0103 \u00eent\u00e2mplare acum c\u00e2teva zile am cump\u0103rat o carte dintr-o libr\u0103rie <\/strong><strong>de aici <\/strong><strong>din Sydney. Poate a\u0163i auzit de scriitoarea Brandon Brays \u015fi cartea sa \u201eC\u0103l\u0103toria\u201d (The Jouney). A trecut \u015fi dansa printr-o experien\u0163\u0103 similar\u0103&#8230; \u015fi p\u00e2n\u0103 la urm\u0103 s-a vindecat de teribil\u0103 boala numit\u0103 cancer! O tumoare de m\u0103rimea unei mingi de baschet! S-a vindecat singur\u0103&#8230; dup\u0103 ce doctorii nu i-au mai dat de tr\u0103it dec\u00e2t c\u00e2teva luni! Asta a fost \u00een 1992&#8230; iar acum dup\u0103 12 ani, tr\u0103ie\u015fte \u00eentr-o \u201eveselie\u201d, e s\u0103n\u0103toas\u0103 \u015fi scrie c\u0103r\u0163i mai abitir dec\u00e2t Dan Brown! Constat, sau mi se pare, c\u0103 ceea ce a descoperit autoarea psihoterapeut\u0103 poate fi de mare ajutor oricui are nevoie \u015fi trece printr-o situa\u0163ie similar\u0103. Este uimitor cum organismul uman are putere de a se vindeca singur. \u015ei am mai g\u0103sit ceva&#8230; Mrs. Brays \u00ee\u015fi are originile \u00een Rom\u00e2nia!<\/strong><\/p>\n<p style=\"text-align: justify;\"><strong>Smaranda MILU N\u00c9METHI:<\/strong> Cred c\u0103 am descoperit pe cont propriu \u201ec\u0103l\u0103toria\u201d. Cred \u00een autovindecare (partiala), am experimentat c\u0103derea c\u00e2nd m-am \u00eentristat, totul const\u0103 \u00een echilibrul sentimentului de fericire. Nu am citit cartea, citesc ceva interesant \u00een schimb acum&#8230; \u201eDulcan\u201d! &amp; e foarte interesant. (Prof.Dr. Dumitru Constantin Dulcan, medic neurolog \u015fi psihiatru, profesor de neurologie \u015fi neuropsihosomatic\u0103. Scriitor. N.A.)<\/p>\n<p style=\"text-align: justify;\"><strong>George ROCA:<\/strong> <strong>\u015ei a\u0163i \u00eenceput lupta cu cancerul&#8230; Cum!? Beneficii, sacrificii, dureri, vise, sp<\/strong><strong>e<\/strong><strong>ran<\/strong><strong>\u0163<\/strong><strong>e&#8230;<\/strong><strong><\/strong><\/p>\n<p style=\"text-align: justify;\"><strong>Smaranda MILU N\u00c9METHI:<\/strong><strong> <\/strong>Dup\u0103 ce am fost diagnosticat\u0103 \u00een Rom\u00e2nia cu cancer, f\u0103r\u0103 cancer, cu cancer scuamos \u015fi la un moment dat am primit un pronostic de o s\u0103pt\u0103m\u00e2n\u0103, am sim\u0163it nevoia de coeren\u0163\u0103. Am plecat \u00een Germania, unde, la spitalul universitar din Greifswald am fost diagnosticat\u0103 corect: \u201eAdenocarcinom Bronhopulmonar, ALK pozitiv\u201d, tratabil cu Crizotinib, la pre\u0163ul de 6.500 de euro pe lun\u0103.<\/p>\n<p style=\"text-align: justify;\">Am avut c\u00e2teva v\u00e2rtejuri mentale c\u00e2nd am \u00eenceput s\u0103-mi socotesc pre\u0163ul vie\u0163ii \u00een propriet\u0103\u0163i \u015fi apartamente. Nu a durat mult. Cumva ajutorul a \u00eenceput s\u0103 vin\u0103 \u015fi mi-am adus aminte de un proverb italian: \u201eFai bene e dimenticatelo\u201d. Adeseori am g\u00e2ndit a\u015fa, \u00eens\u0103 de aceast\u0103 dat\u0103 am sim\u0163it c\u0103 toate faptele bune \u00eemi sunt r\u0103spl\u0103tite acum. \u00cen orice caz, nu a\u015f fi reu\u015fit s\u0103 fac fa\u0163\u0103 cheltuielilor sau bolii, f\u0103r\u0103 sprijinul so\u0163ului meu Dan, f\u0103r\u0103 sprijinul p\u0103rin\u0163ilor \u015fi al socrilor, f\u0103r\u0103 prietenii din Canada sau f\u0103r\u0103 to\u0163i vechii \u015fi mai ales nenum\u0103ra\u0163ii noi prieteni pe care \u00eei am acum.<\/p>\n<p style=\"text-align: justify;\">Privesc Cancerul cu al\u0163i ochi acum. Nu \u00eel mai v\u0103d c\u0103 un ceva \u00eenfrico\u015f\u0103tor. Este cu adev\u0103rat un \u201eceva\u201d ferm \u015fi hot\u0103r\u00e2t, cu care nu te tragi de \u015fireturi. E alb sau e negru. Dar dac\u0103 reu\u015fe\u015fti s\u0103 \u00eel prive\u015fti din o nou\u0103 perspectiv\u0103, e mai mult dec\u00e2t o boal\u0103 letal\u0103. Pentru mine a fost alarm\u0103 de care aveam nevoie. A venit deghizat \u00een ceva ce p\u0103rea c\u0103 vrea s\u0103 m\u0103 ucid\u0103. Dup\u0103 ce l-am \u00een\u0163eles, a devenit un \u201eceva\u201d care m-a for\u0163at s\u0103 tr\u0103iesc. S\u0103 tr\u0103iesc cu adev\u0103rat, cu tot tac\u00e2mul, cu curaj, cu emo\u0163ii \u015fi cu dragoste de sine.<\/p>\n<p style=\"text-align: justify;\"><strong>George ROCA:<\/strong> <strong>C\u00e2t v<\/strong><strong>a <\/strong><strong>cost<\/strong><strong>a<\/strong><strong> tratamentul <\/strong><strong>\u00een total <\/strong><strong>\u015fi de unde <\/strong><strong>ve\u0163i <\/strong><strong>face rost de ace\u015fti bani?<\/strong><strong><\/strong><\/p>\n<p style=\"text-align: justify;\"><strong>Smaranda MILU N\u00c9METHI:<\/strong><strong> <\/strong>Dup\u0103 cum am men\u0163ionat mai sus tratamentul meu cost\u0103 6.500 de euro pe lun\u0103, pe o durat\u0103 de aproximativ 2 ani. Socoti\u0163i dvs. totalul! Mi-e \u015fi fric\u0103 s\u0103-l etalez! P\u00e2n\u0103 acum am urmat tratamentul timp de aproximativ 7 luni, cu rezultate foarte bune. Banii vin exclusiv din dona\u0163ii.<\/p>\n<p style=\"text-align: justify;\"><strong>George ROCA:<\/strong> <strong>Dac\u0103 cineva ar dori s\u0103 v\u0103 ajute financiar ce ar trebui s\u0103 fac\u0103?<\/strong><\/p>\n<p style=\"text-align: justify;\"><strong>Smaranda MILU N\u00c9METHI:<\/strong><strong> <\/strong>Oricine dore\u015fte s\u0103 m\u0103 ajute, poate s\u0103 fac\u0103 dona\u0163ii \u00een conturile bancare deschise pe numele so\u0163ului meu, MILU Dan Ioan,<\/p>\n<p style=\"text-align: justify;\">afi\u015fate pe situl \u00a0<span style=\"text-decoration: underline;\"><a href=\"http:\/\/www.helpsmaranda.com\">www.helpsmaranda.com<\/a><\/span><\/p>\n<p style=\"text-align: justify;\">Prin Paypal la adresa <span style=\"text-decoration: underline;\"><a href=\"mailto:maramilu@yahoo.com\">maramilu@yahoo.com<\/a><\/span><\/p>\n<p style=\"text-align: justify;\">sau pe situl <span style=\"text-decoration: underline;\"><a href=\"http:\/\/www.gofundme.com\/helpsmaranda\">www.gofundme.com\/helpsmaranda<\/a><\/span>,<\/p>\n<p style=\"text-align: justify;\">BCR CONT LEI: IBAN: RO35 RNCB 0318 0707 8478 0001 (RON)<\/p>\n<p style=\"text-align: justify;\">CONT EURO: SWIFT: RNCB RO BU<\/p>\n<p style=\"text-align: justify;\">IBAN: RO31 RNCB 0075 0707 8478 0001 (EURO)<\/p>\n<p style=\"text-align: justify;\">titular : Milu Dan Ioan CNP: 1790611040042<\/p>\n<p style=\"text-align: justify;\">apeland <span class=\"skype_c2c_print_container notranslate\">0900 9000 46<\/span><span id=\"skype_c2c_container\" class=\"skype_c2c_container notranslate\" dir=\"ltr\" onclick=\"SkypeClick2Call.MenuInjectionHandler.makeCall(this, event)\" onmouseover=\"SkypeClick2Call.MenuInjectionHandler.showMenu(this, event)\" onmouseout=\"SkypeClick2Call.MenuInjectionHandler.hideMenu(this, event)\" data-numbertocall=\"+44900900046\" data-isfreecall=\"false\" data-isrtl=\"false\" data-ismobile=\"false\"><span class=\"skype_c2c_highlighting_inactive_common\" dir=\"ltr\"><span id=\"non_free_num_ui\" class=\"skype_c2c_textarea_span\"><img loading=\"lazy\" decoding=\"async\" class=\"skype_c2c_logo_img\" src=\"resource:\/\/skype_ff_extension-at-jetpack\/skype_ff_extension\/data\/call_skype_logo.png\" alt=\"\" width=\"0\" height=\"0\" \/><span class=\"skype_c2c_text_span\">0900 9000 46<\/span><\/span><\/span><\/span> &#8211; tarif 8 euro\/apel in reteaua Telecom<\/p>\n<p style=\"text-align: justify;\"><span style=\"text-decoration: underline;\">\u00a0<\/span><\/p>\n<p style=\"text-align: justify;\"><strong>George ROCA:<\/strong> <strong>Pe 15 septembrie 2014 revista Business Woman a lansat o campania de intr-ajutorare! De spre ce este vorba?<\/strong><\/p>\n<p style=\"text-align: justify;\"><strong>Smaranda MILU N\u00c9METHI:<\/strong> O campanie umanitar\u0103\/social\u0103 menit\u0103 nu numai s\u0103 m\u0103 ajute s\u0103 adun suma necesar\u0103 tratamentului, dar \u015fi ca inspira\u0163ie altor femei care confrunta cu aceea\u015fi boal\u0103 ca mine. Un <em>reminder<\/em> c\u0103 ele sunt \u015fi vor r\u0103m\u00e2ne frumoase mereu \u015fi mai ales dac\u0103 nu se vor da b\u0103tute \u00een fa\u0163a acestei provoc\u0103ri. Am realizat c\u00e2teva machete pentru cei care doresc s\u0103 participe la promovarea acestei campanii. Mii de mul\u0163umiri acelora care deja au f\u0103cut-o!<\/p>\n<p style=\"text-align: justify;\"><strong>George ROCA:<\/strong> <strong>A\u015f dori s\u0103 public c<\/strong><strong>\u00e2<\/strong><strong>teva pagini din jurnalul dum<\/strong><strong>n<\/strong><strong>eavoastr\u0103 care apare pe blog<\/strong><strong> \u00een ultimele trei luni<\/strong><strong>! V\u0103 cer permisiunea! <\/strong><\/p>\n<p style=\"text-align: justify;\"><strong>Smaranda MILU N\u00c9METHI:<\/strong><strong> <\/strong>Desigur! Nu e niciun secret! Men\u0163ionez c\u0103 unele fraze sunt r\u0103spunsuri \u015fi la alte interviuri&#8230;<\/p>\n<p style=\"text-align: justify;\"><strong><em>\u00a0<\/em><\/strong><\/p>\n<p style=\"text-align: justify;\"><strong><em>\u201e<\/em><\/strong><em>Am fost pe la duhovnic, ieri, cu-o mare fr\u0103m\u00e2ntare. Nu era o spovedanie. Am vrut s\u0103 cer un sfat.<\/em><em> <\/em><em>Cred c-am gre\u015fit \u015fi nu \u015ftiu dac\u0103-i bine s\u0103 fiu ceva ce nu-s, dac\u0103 nu-i din convingere.<\/em><em> <\/em><em>C\u00e2nd m-am n\u0103scut ai mei m-au botezat catolic\u0103, dar am aflat abia pe la 20 de ani. Nu a contat prea mult, suntem o familie mixt\u0103: p\u0103rin\u0163i \u015fi doi copii, adic\u0103 eu \u015fi-un frate. Mai mare.<\/em><em> <\/em><em>Mezin<\/em><em>\u0103<\/em><em>, am fost cel mai \u00eenfocat fan al fratelui meu care era cel mai frumos b\u0103iat, din cel mai important liceu din ora\u015f, unde \u00eenva\u0163a cel mai bine din clas\u0103, unde toate fetele erau \u00eendr\u0103gostite de el. Profesorii m\u0103 comparau cu el \u015fi niciodat\u0103 nu ajungeam la nivelul excelentei lui geniale. Eu eram copil artist! De-atunci \u015ftiam! Nu m\u0103 interesa s\u0103 concurez cu fratele meu pe care \u00eel adoram mai mult dec\u00e2t toate fetele ce \u00eel iubeau, la un loc ori infinit.<\/em><em> <\/em><em>C\u0103s\u0103torindu-se,\u00a0fratele meu, a devenit cre\u015ftin ortodox, \u00eentr-o familie practicant\u0103. S-a molipsit \u015fi i-a pl\u0103cut. Mi-a zis s\u0103 m\u0103 botez \u015fi eu cre\u015ftin ortodox\u0103, s\u0103 fim mai uni\u0163i, c\u0103 suntem familie. A\u015fa eu m-am g\u00e2ndit s\u0103-i fac pe plac \u015fi ce-i mai bine. N-am stat pe g\u00e2nduri \u015fi-am zis: accept. De dragul lui Norbi, puteam s\u0103 accept orice.<\/em><em> <\/em><em>Acum \u00eens\u0103 m\u0103-ntreb oare un moft s\u0103-l faci botez, de drag dar nu din crez, nu-i un P\u0102CAT? Cu fa<\/em><em>\u0163<\/em><em>a-ntoars<\/em><em>\u0103<\/em><em> c\u0103tre al meu duhovnic, am \u00eentrebat. Duhovnicul meu drag, uimit de \u00eentrebare, \u015fi dezbr\u0103cat de straie acut biserice\u015fti, mi-a spus \u00een vorbe simple, curate \u015fi pl\u0103cute: <\/em><em>\u201e<\/em><em>Domnul e numai unu, oricum vrei s\u0103-l nume\u015fti: catolic, ortodox Lui \u00eei e totuna. Ajunge s\u0103-L iube\u015fti!<\/em><em>\u201d<\/em><\/p>\n<p style=\"text-align: justify;\"><em>\u00a0<\/em><\/p>\n<p style=\"text-align: justify;\"><em>***<\/em><\/p>\n<p style=\"text-align: justify;\"><em>\u201e<\/em><em>Ieri am \u00eent\u00e2lnit cea mai frumoas\u0103 fat\u0103. Pe seara, fiindc\u0103 \u00eencep s\u0103 m\u0103 simt din ce \u00een ce mai \u00eentreag\u0103, am fost \u00een vizit\u0103 la \u0163ar\u0103. Am fost ca toat\u0103 lumea normal\u0103, la un gr\u0103tar, acas\u0103 la prietena mea cea drag\u0103, Cristiana \u015fi familia ei frumoas\u0103. Am stat pe teras\u0103, la umbr\u0103. Aer curat, lini\u015fte, seara de var\u0103. Bianca, fata Cristinei, o apari\u0163ie celest\u0103, cuminte, roz \u015fi z\u00e2mbet pe buze se-a\u015feaz\u0103 l\u00e2ng\u0103 mine,\u00a0cu o privire clar\u0103, prive\u015fte atent \u015fi spune: <\/em><em>\u201e<\/em><em>Smaranda e blond\u0103!<\/em><em>\u201d<\/em><em> M-a \u00eenc\u00e2ntat at\u00e2t de mult! Din cale-afar\u0103! Fiindc\u0103 to\u0163i priveau \u015foca\u0163i la freza mea cea actual\u0103, de nou n\u0103scut \u015fi f\u0103r\u0103 \u00eendoial\u0103, g\u00e2ndeau cum s\u0103 mai dreag\u0103 busuiocul. Am r\u00e2s cu gura p\u00e2n\u0103 la urechi. Cred c\u0103 am \u015fi hohotit! Cea mai frumoas\u0103 fat\u0103, Bianca \u015ftie, ca atunci c\u00e2nd o s\u0103 creasc\u0103, frizura mea nu va mai fi a\u015fa cum era odat\u0103, dar va fi blond\u0103. \u015ei paradoxal, de\u015fi cred c\u0103 chiar nu este normal, asear\u0103 \u00een oglind\u0103, \u00eenainte de culcare, chiar l\u00e2ng\u0103 t\u00e2mpl\u0103 am descoperit un singur fir de p\u0103r,\u00a0de circa 1 cm!<\/em><em>\u201d<\/em><\/p>\n<p style=\"text-align: justify;\"><em>\u00a0<\/em><\/p>\n<p style=\"text-align: justify;\"><em>***<\/em><\/p>\n<p style=\"text-align: justify;\"><em>\u201e<\/em><em>Ieri a fost o zi foarte grozav\u0103! Am \u00eemplinit 4 ani de c\u0103snicie trainic\u0103 cu Dan. El zice 3. Eu zic c\u0103-i timpul s\u0103 ne mai uit\u0103m \u015fi \u00een h\u00e2rtii. Apoi am fost la centru Sanador s\u0103 \u00eemi fac faimosul CT de control. Am l\u0103crimat de bucurie atunci c\u00e2nd am ie\u015fit \u00een stad\u0103 \u015fi l-am sunat pe Dan s\u0103-i spun rezultatul par\u0163ial la telefon, care deja de-atunci, spunea doamna radiolog, se vedea cu ochiul liber regresia. Minus 1 centimetru, pe dou\u0103 din tumorile majore! \u015ei ziua nu s-a terminat cu-at\u00e2t! Nu doar c\u0103 am f\u0103cut shopping pentru primul meu proiect de-amenajare, dar am mai primit \u015fi cel mai important cadou de comemorare a zilei.<\/em><em> <\/em><em>Nu pot s\u0103 spun de unde \u015fi de ce. Nu pentru c\u0103 nu \u015ftiu, dar a\u015fa ne-am \u00een\u0163eles s\u0103 spun. S\u0103 spun c\u0103 am primit dona\u0163ie dar s\u0103 nu spun de unde, de la cine. Tot ieri, pe seara, dup\u0103 mas\u0103, am primit o importan<\/em><em>t<\/em><em>\u0103 dona\u0163ie de la persoane pe care le stimez \u00een g\u00e2nd \u015fi c\u0103rora le mul\u0163umesc!<\/em><em>\u201d<\/em><\/p>\n<p style=\"text-align: justify;\"><em>\u00a0<\/em><\/p>\n<p style=\"text-align: justify;\"><em>***<\/em><\/p>\n<p style=\"text-align: justify;\"><em>\u201e<\/em><em>Ieri am primit 3 cutii de Crizotinib! 3 luni de-acuma, respir aproape u\u015furat\u0103. Dac\u0103 tumorile se mi\u015fca \u00een ritm alert c\u0103 p\u00e2n\u0103 acum, sper s\u0103 m\u0103 vindec <\/em><em>\u00ee<\/em><em>na<\/em><em>i<\/em><em>nte de pronosticul oncologului de 2 ani. Oricum 3 luni sunt mega importante \u015fi acum, pot s\u0103 pictez \u00een tihn\u0103. Un g\u00e2nd, o piatr\u0103 mi-a fost ridicat\u0103 de pe suflet, ieri, de oameni minuna\u0163i, pe care nu po\u0163i dec\u00e2t s\u0103 \u00eei iube\u015fti. Pot s\u0103 pictez \u015fi s\u0103 r\u0103suflu u\u015furat\u0103 acum! V\u0103 mul\u0163umesc pentru 3 luni de pauz\u0103 mental\u0103<\/em><em>\u201d<\/em><em>.<\/em><em><\/em><\/p>\n<p style=\"text-align: justify;\"><em>\u00a0<\/em><\/p>\n<p style=\"text-align: justify;\"><em>***<\/em><\/p>\n<p style=\"text-align: justify;\"><em>\u201e<\/em><em>A \u00eenceput un fulg s\u0103-mi cad\u0103? \u015ei ce?<\/em><em> <\/em><em>Recunosc c\u0103 la un momentan flirtam cu g\u00e2ndul c\u0103 voi r\u0103m\u00e2ne capilat<\/em><em>\u0103<\/em><em>, dar acum respir u\u015furat\u0103. Azi merg la cosmetic\u0103. E timpul s\u0103 redevin femeie: manichiur<\/em><em>\u0103<\/em><em>, pedichiur\u0103, facial, pensat \u015fi un tuns la zero. Asta e planul, apoi merg la <\/em><em>\u201e<\/em><em>Cyber Knife<\/em><em>\u201d<\/em><em>. S\u0103pt\u0103m\u00e2na asta am Cyber Kynfe, \u00een continuarea WBRT, care e tot o iradiere a creierului, de aceast\u0103 dat\u0103 punctat\u0103. Am \u00eencredere c\u0103 s\u0103pt\u0103m\u00e2na care urmeaz\u0103 m\u0103 voi integra \u00een regnul vertebratelor<\/em><em>\u201d<\/em><em>.<\/em><\/p>\n<p style=\"text-align: justify;\"><em>\u00a0<\/em><\/p>\n<p style=\"text-align: justify;\"><em>***<\/em><\/p>\n<p style=\"text-align: justify;\"><em>E 5 diminea\u0163a. Azi nu scriu de la insomnie. Am dormit. Acum 4 ore mi se par prea multe ore de somn \u015fi m\u0103 trezesc fl\u0103m\u00e2nd\u0103. O foame care m\u0103 arde. Am \u00eenceput s\u0103 simt prin gur\u0103, dar acum am \u00eenceput s\u0103 simt prea mult.<\/em><em> <\/em><em>\u00cen amor\u0163eala dureroas\u0103 din zilele trecute, nu sim\u0163eam \u00een gura dec\u00e2t texturi ca de vat<\/em><em>\u0103<\/em><em> \u015fi h\u00e2rtie, halucin\u00e2nd gusturi \u00een parc\u0103ri de McDonald<\/em><em>\u2019<\/em><em>s. Acum treaba st\u0103 cu totul altfel. \u00cemi recap\u0103t sensibiliatea, \u00eempreun\u0103 cu toate cojile, bubele, arsurile, aftele, zg\u00e2rieturile de pe buze, limb<\/em><em>\u0103<\/em><em>, obraji, g\u00e2t, esofag. Parc\u0103 am \u00eenghi\u0163it o perdea de zale.<\/em><em><\/em><\/p>\n<p style=\"text-align: justify;\"><em>\u00a0<\/em><\/p>\n<p style=\"text-align: justify;\"><em>***<\/em><\/p>\n<p style=\"text-align: justify;\"><em>A\u015fa c\u0103 frustrarea gurmand\u0103 \u00eencepe cu una din cele mai minunate fiin\u0163e pe care am cunoscut-o \u00een aceste ultime zile. Ea face din stolul de z<\/em><em>\u00e2<\/em><em>ni \u015fi z\u00e2ne bune care au venit \u00een \u00eent\u00e2mpinarea mea, parc\u0103 la un semn DIVIN.<\/em><em> <\/em><em>Cristiana Ulmeanu este oglinda exact\u0103 a numelui ei. Niciun nume nu s-ar potrivi mai bine dec\u00e2t cel pe care-l are. Simpl\u0103 vocal\u0103 <\/em><em>\u201e<\/em><em>a\u201d \u00een plus la nume \u00eemi sun\u0103 suav de divin, care se \u00eemplete\u015fte cu esen\u0163\u0103 dreapt\u0103 ca de ulm a prezen\u0163ei sale. M-a fermecat din prima clip\u0103. Cristiana s-a pronun\u0163at: vreau bicicleta \u015fi vreau s\u0103 te ajut. Nimic \u00een plus de discutat.<\/em><em><\/em><\/p>\n<p style=\"text-align: justify;\"><em>\u00a0<\/em><\/p>\n<p style=\"text-align: justify;\"><em>Cristiana are micul ei business de produse de la \u0163ar\u0103 aduse de la 40 de km din afar\u0103 Bucure\u015ftiului. Am crescut \u015fi eu la \u0163ar\u0103. \u00cemi mai aduc aminte gustul intens al produselor crescute-n b\u0103t\u0103tur<\/em><em>\u0103<\/em><em>: 40 de ou\u0103 de cas\u0103, o urd\u0103 parfumat\u0103, un co\u015f de ro\u015fii mov, un co\u015f de gogo\u015fari, prune, miere, o\u0163et de mere. Cristiana z\u00e2mbe\u015fte victorioas\u0103. Nu st<\/em><em>\u0103<\/em><em> mult. E mereu gr\u0103bit\u0103, dar prezen\u0163a ei luminoas\u0103, luminoas\u0103, dreapt<\/em><em>\u0103<\/em><em> \u015fi z\u00e2mbitoare m\u0103 asigur\u0103 c\u0103 acesta e numai \u00eenceputul.<\/em><em> <\/em><em>De dou\u0103 zile m\u0103 confrunt cu frustrarea darurilor de la Cristiana.<\/em><\/p>\n<p style=\"text-align: justify;\"><em>\u00a0<\/em><\/p>\n<p style=\"text-align: justify;\"><em>Mi-am f\u0103cut omlet<\/em><em>\u0103<\/em><em> munteneasc<\/em><em>\u0103<\/em><em> adev\u0103rat\u0103.<\/em><em> <\/em><em>De dou\u0103 ori, mirosul de br\u00e2nz\u0103 topit\u0103 \u00een g\u0103lbenu\u015ful auriu al ou\u0103lor de cas\u0103, cu ro\u015fiile mov t\u0103iate cuburi, au alunecat suculent pe picurii verzi de ulei de m\u0103sline c\u0103tre dejunul iubitului meu so\u0163. Fr<\/em><em>eam\u0103t<\/em><em> de ner\u0103bdare.<\/em><em> <\/em><em>M\u0103 duc s\u0103 ling un iaurt plictisitor acum&#8230;<\/em><em>\u201d<\/em><\/p>\n<p style=\"text-align: justify;\"><em>\u00a0<\/em><\/p>\n<p style=\"text-align: justify;\"><em>***<\/em><\/p>\n<p style=\"text-align: justify;\"><em>\u201e<\/em><em>Smaranda <\/em><em>\u015f<\/em><em>i laptopul care reprezint\u0103 poarta ei c\u0103tre lume <\/em><em>\u015f<\/em><em>i prietenii care \u00eei sunt al\u0103turi. \u00cen ultima lun\u0103, Smaranda a avut de-a face cu dou\u0103 proceduri numite WBRT <\/em><em>\u015f<\/em><em>i CYBER KNIFE. Pe scurt, creierul ei a fost supus unor procedee de iradiere pentru c\u0103 ni<\/em><em>\u015f<\/em><em>te tumori ap\u0103sau pe un m\u0103nunchi de nervi <\/em><em>\u015f<\/em><em>i nu exist\u0103 nicio alt\u0103 interven<\/em><em>\u0163<\/em><em>ie care s\u0103 o vindece. Prima, WBRT (whole brain radiotherapy), \u00eenseamn\u0103 iradierea total\u0103 creierului, a doua, CN, \u00eenseamn\u0103 iradierea punctual\u0103 a unei p\u0103r\u0163i din creier. Eu am fost supus\u0103 acestor procedee din cauza ultimei metastaze din creier care se a\u015fez\u0103 pe un m\u0103nunchi de nervi c\u0103tre coloana vertebral\u0103, imposibil de atins prin alte metode. Netratat<\/em><em>\u0103<\/em><em>, tumora ar fi dus implicit la paralizie. WBRT creierului a dus la dilatarea acestuia. 7 zile de legum\u0103, voma spontan\u0103, grea\u0163\u0103 de ap\u0103, orbire, surzenie \u015fi alte rele asem\u0103n\u0103toare. A\u015fa c\u0103 m-au trecut pe tratament suportiv \u00een paralel: perfuzii cu substan\u0163e felurite de dou\u0103 ori pe zi. Anumite substan\u0163e care, de\u015fi m\u0103 ajutau s\u0103 reintru \u00een parametri, m\u0103car s\u0103 pot s\u0103 \u0163in ceva \u00een stomac, sc\u0103deau imunitatea. A\u015fa a ap\u0103rut ciuperca din gur\u0103 \u015fi senza\u0163ia de h\u00e2rtie, vata \u015fi carton, doar c\u0103 s-a \u00eentins peste tot \u015fi c\u0103tre stomac. Apoi m-am constipat, 10 zile. La final, am contactat un virus, de fapt s-a activat un virus. Un herpes care s-a \u00eentins u\u015for \u00een gur\u0103, gingii, pe obraz, pe limb\u0103. M\u0103 durea \u00een gura de parc\u0103 eram murg de Harap Alb, de parc\u0103 numai jar a\u015f fi m\u00e2ncat atunci. Acum m\u0103 concentrez pe regenerare.<\/em><em>..\u201d<\/em><\/p>\n<p style=\"text-align: justify;\"><em>\u00a0<\/em><\/p>\n<p style=\"text-align: justify;\"><em>***<\/em><\/p>\n<p style=\"text-align: justify;\"><em>\u201e<\/em><em>Smaranda, \u00een casa ei, \u00eentr-o zi \u00een care energia este la 40%. Ca \u00eentotdeauna, pisicile ei o vegheaz\u0103.<\/em><em> <\/em><em>Cancerul aduce cu el o nou\u0103 form\u0103 de durere. Cum se simte aceast\u0103 durere, cum se manifest\u0103, cum ai descrie-o?<\/em><em> <\/em><em>Ceea ce Cancerul a adus pentru mine nu este ceva ce a\u015f putea s\u0103 descriu ca durere, c\u00e2t c\u0103 emo\u0163ie. Dup\u0103 experien\u0163a avut\u0103, privesc acest Cancer dintr-o lumin\u0103 cu totul nou\u0103. Ca indivizi avem nevoie de emo\u0163ii ca s\u0103 putem s\u0103 TR\u0102IM. Avem nevoie de sim\u0163ire, iar Cancerul vine s\u0103 ne trezeasc\u0103 din amor\u0163eal\u0103 sim\u0163urilor cu un impuls uria\u015f de energie. Dac\u0103 p\u00e2n\u0103 atunci nu, sigur \u00een momentul \u00een care prime\u015fti vestea c\u0103 ai cancer SIM\u0162I, poate pentru prima dat\u0103, dup\u0103 o lung\u0103 perioad\u0103 de timp, sim\u0163i \u00een sf\u00e2r\u015fit CEVA<\/em><em> <\/em><em>&#8230;<\/em><em>Cum spuneam, din punctul meu de vedere, acum, nu se cheam\u0103 durere. Se cheam\u0103 emo\u0163ie \u015fi este necesar\u0103. Poate cu c\u00e2t o sim\u0163i mai intens \u015fi mai des, cu at\u00e2t e\u015fti mai aproape de vindecare.<\/em><em> <\/em><em>Cu ce este diferit\u0103 durerea fizic\u0103 pe care o da boala fa\u0163\u0103 de durerea fizic\u0103 pe care o d<\/em><em>\u0103<\/em><em> sportul, de pild\u0103?<\/em><em> <\/em><em>Durerea fizic\u0103 dat<\/em><em>\u0103<\/em><em> de boal<\/em><em>\u0103<\/em><em> este debilitant<\/em><em>\u0103<\/em><em>, te umple de frustr\u0103ri, mai ales atunci c\u00e2nd ai o structur\u0103 sportiv\u0103 c<\/em><em>a<\/em><em> a mea, care la baz<\/em><em>\u0103<\/em><em> alergam 10 km pe zi, r\u00e2z\u00e2nd! M\u0103 dor genunchii acum, m\u0103 ridic cu greu dintr-o genuflexiune. Cu ochii min\u0163ii privesc cu drag spre viitor, fiindc\u0103 m\u0103 v\u0103d alerg\u00e2nd din nou. Visez la \u00eencordarea mu\u015fchilor \u015fi t\u00e2njesc<\/em><em>.\u201d<\/em><\/p>\n<p style=\"text-align: justify;\"><strong>George ROCA:<\/strong> <strong>V\u0103<\/strong><strong> mul\u0163umesc pentru confesiune, pentru aceast\u0103 lec\u0163ie de via\u0163\u0103. Sunt convins c\u0103 va fi un exemplu pentru mul\u0163i cititori care trec prin clipe grele. <\/strong><strong>Sunte\u0163i<\/strong><strong> o lupt\u0103toare! <\/strong><strong>V\u0103<\/strong><strong> doresc s\u0103n\u0103tate, bucurii \u015fi mult\u0103 lini\u015fte sufleteasc\u0103.<\/strong><strong><\/strong><\/p>\n<p style=\"text-align: justify;\"><strong>\u00a0<\/strong><\/p>\n<p style=\"text-align: justify;\"><strong>\u00a0<\/strong><\/p>\n<p style=\"text-align: center;\"><strong>Interviu realizat de George Roca<\/strong><\/p>\n<p style=\"text-align: center;\"><strong>\u00a0<\/strong><\/p>\n<p style=\"text-align: center;\"><strong>Bucure<\/strong><strong>\u015fti-Sydney<\/strong><\/p>\n<p style=\"text-align: center;\"><strong>7 noiembrie 2014<\/strong><\/p>\n<p style=\"text-align: justify;\"><strong>\u00a0<\/strong><\/p>\n<p style=\"text-align: justify;\"><strong>\u00a0<\/strong><\/p>\n<div id=\"skype_c2c_menu_container\" class=\"skype_c2c_menu_container notranslate\" style=\"display: none;\" onmouseover=\"SkypeClick2Call.MenuInjectionHandler.showMenu(this, event)\" onmouseout=\"SkypeClick2Call.MenuInjectionHandler.hideMenu(this, event)\" data-uiid=\"0\" data-murl=\"https:\/\/pipe.skype.com\/Client\/2.0\/\" data-fp=\"{6AB24C26-2805-4220-A4FE-FABE3D4F3C99}\">\n<div class=\"skype_c2c_menu_click2call\"><a id=\"skype_c2c_menu_click2call_action\" class=\"skype_c2c_menu_click2call_action\" target=\"_self\">Call<\/a><\/div>\n<div class=\"skype_c2c_menu_click2sms\"><a id=\"skype_c2c_menu_click2sms_action\" class=\"skype_c2c_menu_click2sms_action\" target=\"_self\">Send SMS<\/a><\/div>\n<div class=\"skype_c2c_menu_add2skype\"><a id=\"skype_c2c_menu_add2skype_text\" class=\"skype_c2c_menu_add2skype_text\" target=\"_self\">Add to Skype<\/a><\/div>\n<div class=\"skype_c2c_menu_toll_info\"><span class=\"skype_c2c_menu_toll_callcredit\">You&#8217;ll need Skype Credit<\/span><span class=\"skype_c2c_menu_toll_free\">Free via Skype<\/span><\/div>\n<\/div>\n","protected":false},"excerpt":{"rendered":"<p>Motto: \u201eSunt varz\u0103&#8230; o varz\u0103 fericit\u0103!\u201d (SML, 10 august 2014 FB) &nbsp; George ROCA: Distins\u0103 doamn\u0103, v\u0103 mul\u0163umesc pentru privilegiul [&#038;hellip<\/p>\n","protected":false},"author":1,"featured_media":0,"comment_status":"closed","ping_status":"closed","sticky":false,"template":"","format":"standard","meta":{"footnotes":""},"categories":[3],"tags":[],"class_list":["post-21714","post","type-post","status-publish","format-standard","hentry","category-articole"],"_links":{"self":[{"href":"https:\/\/www.marianagurza.ro\/blog\/wp-json\/wp\/v2\/posts\/21714","targetHints":{"allow":["GET"]}}],"collection":[{"href":"https:\/\/www.marianagurza.ro\/blog\/wp-json\/wp\/v2\/posts"}],"about":[{"href":"https:\/\/www.marianagurza.ro\/blog\/wp-json\/wp\/v2\/types\/post"}],"author":[{"embeddable":true,"href":"https:\/\/www.marianagurza.ro\/blog\/wp-json\/wp\/v2\/users\/1"}],"replies":[{"embeddable":true,"href":"https:\/\/www.marianagurza.ro\/blog\/wp-json\/wp\/v2\/comments?post=21714"}],"version-history":[{"count":4,"href":"https:\/\/www.marianagurza.ro\/blog\/wp-json\/wp\/v2\/posts\/21714\/revisions"}],"predecessor-version":[{"id":21717,"href":"https:\/\/www.marianagurza.ro\/blog\/wp-json\/wp\/v2\/posts\/21714\/revisions\/21717"}],"wp:attachment":[{"href":"https:\/\/www.marianagurza.ro\/blog\/wp-json\/wp\/v2\/media?parent=21714"}],"wp:term":[{"taxonomy":"category","embeddable":true,"href":"https:\/\/www.marianagurza.ro\/blog\/wp-json\/wp\/v2\/categories?post=21714"},{"taxonomy":"post_tag","embeddable":true,"href":"https:\/\/www.marianagurza.ro\/blog\/wp-json\/wp\/v2\/tags?post=21714"}],"curies":[{"name":"wp","href":"https:\/\/api.w.org\/{rel}","templated":true}]}}