{"id":21720,"date":"2015-03-11T17:45:39","date_gmt":"2015-03-11T17:45:39","guid":{"rendered":"http:\/\/www.marianagurza.ro\/blog\/?p=21720"},"modified":"2015-03-11T17:45:39","modified_gmt":"2015-03-11T17:45:39","slug":"camelia-cristea-poesis-2","status":"publish","type":"post","link":"https:\/\/www.marianagurza.ro\/blog\/2015\/03\/11\/camelia-cristea-poesis-2\/","title":{"rendered":"Camelia Cristea: Poesis"},"content":{"rendered":"<p style=\"text-align: center;\"><a href=\"http:\/\/www.marianagurza.ro\/blog\/wp-content\/uploads\/2015\/03\/Camelia-Cristea2.jpeg\"><img loading=\"lazy\" decoding=\"async\" class=\"size-full wp-image-21721\" title=\"Camelia Cristea\" src=\"http:\/\/www.marianagurza.ro\/blog\/wp-content\/uploads\/2015\/03\/Camelia-Cristea2.jpeg\" alt=\"\" width=\"184\" height=\"184\" srcset=\"https:\/\/www.marianagurza.ro\/blog\/wp-content\/uploads\/2015\/03\/Camelia-Cristea2.jpeg 184w, https:\/\/www.marianagurza.ro\/blog\/wp-content\/uploads\/2015\/03\/Camelia-Cristea2-150x150.jpg 150w\" sizes=\"auto, (max-width: 184px) 100vw, 184px\" \/><\/a><\/p>\n<p><strong>Bucurie <\/strong><\/p>\n<p><strong>\u00a0<\/strong><\/p>\n<p>M\u0103 str\u00e2nge-n bra\u021be bucuria<br \/>\nc\u00e2nd albul ghioceilor inund\u0103<br \/>\no clip\u0103 pur\u0103 \u0219i pl\u0103p\u00e2nd\u0103<br \/>\nde care-am fost mereu fl\u0103m\u00e2nd\u0103.<\/p>\n<p>&nbsp;<\/p>\n<p>M\u0103 leag\u0103 versul iar de frumuse\u021be<br \/>\ncu zbor \u0219i vise \u00eendr\u0103zne\u021be.<br \/>\n\u00eentr-un buchet de vioarele<br \/>\nse \u00eembat\u0103 sim\u021burile mele.<\/p>\n<p>&nbsp;<\/p>\n<p>M\u0103-nal\u021b\u0103 rug\u0103ciunea -n cer<br \/>\nc\u00e2nd mirul izvor\u0103\u0219te din icoane<br \/>\npe scar\u0103 pa\u0219ii din canoane<br \/>\n\u0219i-n inim\u0103 alean izb\u0103vitor.<\/p>\n<p>&nbsp;<\/p>\n<p>&nbsp;<\/p>\n<p><strong>Am \u00eenflorit<\/strong><\/p>\n<p><strong>\u00a0<\/strong><\/p>\n<p>Am \u00eenflorit \u00een liliacul din gr\u0103din\u0103<br \/>\n\u015ei-n tei mi-am pus s\u0103rutul de cu zori,<br \/>\nDin meri b\u0103tu\u0163i, cu frunz\u0103 de sulfin\u0103<br \/>\nTrimit spre tine calde \u00eembr\u0103\u0163i\u015f\u0103ri.<\/p>\n<p>&nbsp;<\/p>\n<p>M\u0103 &#8211; alint\u0103 o iasomie despletit\u0103<br \/>\nMirat\u0103-n r\u00e2sul ei m\u0103 reg\u0103sesc<br \/>\nMiresme dulci, cu iz de s\u00e2nziene,<br \/>\nM\u0103 poart\u0103 pe t\u0103r\u00e2mul cu pove\u015fti.<\/p>\n<p>&nbsp;<\/p>\n<p>M\u0103 vei afla albit\u0103 \u00een cire\u015f<br \/>\n\u015ei-n clopotul de l\u0103cr\u0103mioare,<br \/>\nAdorm \u00een trandafiri \u015fi m\u0103 trezesc<br \/>\n\u00cen lujerul din fiecare floare.<\/p>\n<p>&nbsp;<\/p>\n<p><strong>N-am s\u0103 uit <\/strong><\/p>\n<p><strong>\u00a0<\/strong><\/p>\n<p>N-am s\u0103 uit m\u00e2na ce mi-ai \u00eentins<br \/>\nC\u00e2nd c\u0103zut\u0103 eram \u00een \u021b\u0103r\u00e2n\u0103,<br \/>\nNerostiri se rodeau dinandins,<br \/>\nR\u0103m\u0103sese din mine o f\u0103r\u00e2m\u0103.<\/p>\n<p>&nbsp;<\/p>\n<p>N-am s\u0103 uit cum ai ferecat<br \/>\nLac\u0103tul fricii \u00een noaptea t\u0103cerii,<br \/>\nStropii de rou\u0103 m-au picurat<br \/>\nRisipind \u00een neant povara durerii.<\/p>\n<p>&nbsp;<\/p>\n<p>Un vulcan a erupt de atunci<br \/>\nG\u00e2ndul &#8211; lav\u0103 \u00eenc\u0103 mai arde,<br \/>\nNu g\u0103sesc un cuv\u00e2nt potrivit<br \/>\nS\u0103 m\u0103 scriu cu s\u00e2nge \u0219i carne&#8230;<\/p>\n<p>&nbsp;<\/p>\n<p>Cerul t\u0103u de lumin\u0103 e plin<br \/>\nEu mai suf\u0103r de foame \u0219i sete&#8230;,<br \/>\nS-au cules trandafirii cu spini,<br \/>\nZorii timpului s\u0103 nu-i mai \u00een\u021bepe&#8230;<\/p>\n<p>&nbsp;<\/p>\n<p>La por\u021bile toamnei se scriu amintiri,<br \/>\nRugina p\u0103\u0219e\u0219te gr\u0103bit\u0103 pe frunze,<br \/>\nTarziul alearg\u0103 cu v\u00e2ntul nebun<br \/>\n\u0218i-n cerul lumin\u0103 o lacrim\u0103 pl\u00e2nge.<\/p>\n<p>&nbsp;<\/p>\n<p>&nbsp;<\/p>\n<p style=\"text-align: center;\"><strong>Camelia CRISTEA<\/strong><\/p>\n","protected":false},"excerpt":{"rendered":"<p>Bucurie \u00a0 M\u0103 str\u00e2nge-n bra\u021be bucuria c\u00e2nd albul ghioceilor inund\u0103 o clip\u0103 pur\u0103 \u0219i pl\u0103p\u00e2nd\u0103 de care-am fost mereu fl\u0103m\u00e2nd\u0103. [&#038;hellip<\/p>\n","protected":false},"author":1,"featured_media":0,"comment_status":"closed","ping_status":"closed","sticky":false,"template":"","format":"standard","meta":{"footnotes":""},"categories":[3],"tags":[],"class_list":["post-21720","post","type-post","status-publish","format-standard","hentry","category-articole"],"_links":{"self":[{"href":"https:\/\/www.marianagurza.ro\/blog\/wp-json\/wp\/v2\/posts\/21720","targetHints":{"allow":["GET"]}}],"collection":[{"href":"https:\/\/www.marianagurza.ro\/blog\/wp-json\/wp\/v2\/posts"}],"about":[{"href":"https:\/\/www.marianagurza.ro\/blog\/wp-json\/wp\/v2\/types\/post"}],"author":[{"embeddable":true,"href":"https:\/\/www.marianagurza.ro\/blog\/wp-json\/wp\/v2\/users\/1"}],"replies":[{"embeddable":true,"href":"https:\/\/www.marianagurza.ro\/blog\/wp-json\/wp\/v2\/comments?post=21720"}],"version-history":[{"count":2,"href":"https:\/\/www.marianagurza.ro\/blog\/wp-json\/wp\/v2\/posts\/21720\/revisions"}],"predecessor-version":[{"id":21723,"href":"https:\/\/www.marianagurza.ro\/blog\/wp-json\/wp\/v2\/posts\/21720\/revisions\/21723"}],"wp:attachment":[{"href":"https:\/\/www.marianagurza.ro\/blog\/wp-json\/wp\/v2\/media?parent=21720"}],"wp:term":[{"taxonomy":"category","embeddable":true,"href":"https:\/\/www.marianagurza.ro\/blog\/wp-json\/wp\/v2\/categories?post=21720"},{"taxonomy":"post_tag","embeddable":true,"href":"https:\/\/www.marianagurza.ro\/blog\/wp-json\/wp\/v2\/tags?post=21720"}],"curies":[{"name":"wp","href":"https:\/\/api.w.org\/{rel}","templated":true}]}}