{"id":21728,"date":"2015-03-12T04:41:39","date_gmt":"2015-03-12T04:41:39","guid":{"rendered":"http:\/\/www.marianagurza.ro\/blog\/?p=21728"},"modified":"2015-03-12T04:41:39","modified_gmt":"2015-03-12T04:41:39","slug":"liviu-florian-jianu","status":"publish","type":"post","link":"https:\/\/www.marianagurza.ro\/blog\/2015\/03\/12\/liviu-florian-jianu\/","title":{"rendered":"Liviu-Florian JIANU: C\u00e2ntecele Jianului  (versuri)"},"content":{"rendered":"<p style=\"text-align: center;\"><a href=\"http:\/\/www.marianagurza.ro\/blog\/wp-content\/uploads\/2015\/03\/JIANU-Liviu.jpg\"><img loading=\"lazy\" decoding=\"async\" class=\"size-medium wp-image-21729\" title=\"JIANU Liviu\" src=\"http:\/\/www.marianagurza.ro\/blog\/wp-content\/uploads\/2015\/03\/JIANU-Liviu-225x300.jpg\" alt=\"\" width=\"225\" height=\"300\" srcset=\"https:\/\/www.marianagurza.ro\/blog\/wp-content\/uploads\/2015\/03\/JIANU-Liviu-225x300.jpg 225w, https:\/\/www.marianagurza.ro\/blog\/wp-content\/uploads\/2015\/03\/JIANU-Liviu.jpg 450w\" sizes=\"auto, (max-width: 225px) 100vw, 225px\" \/><\/a><\/p>\n<p><strong>C<\/strong><strong>\u00c2NTECUL UMBREI<\/strong><\/p>\n<p>&nbsp;<\/p>\n<p>\u015ei \u00eentinz\u00e2nd paharul, spuse:<\/p>\n<p>Dar s\u0103 se fac\u0103 voia Ta, \u015fi nu a mea.<\/p>\n<p>\u015ei-atunci, pe scaunul de Judec\u0103tor,<\/p>\n<p>A stat chiar Dracul.<\/p>\n<p>&nbsp;<\/p>\n<p>C\u00e2t despre mine,<\/p>\n<p>Cui \u00eei pas\u0103, dac\u0103 mor?<\/p>\n<p>\u015ei a cui voie s\u0103 mai cer, s\u0103 se mai fac\u0103?<\/p>\n<p>C\u00e2nd Lumea asta, este voia tuturor.<\/p>\n<p>&nbsp;<\/p>\n<p>\u201eIubi\u0163i-v\u0103 pe tunuri\u201d \u2013 ne-ndemna un vis\u0103tor.<\/p>\n<p>De-atunci, m\u0103 mir c\u0103 lumea-ntreag\u0103<\/p>\n<p>Pe \u00eentreaga moarte \u2013 nu se cac\u0103.<\/p>\n<p>&nbsp;<\/p>\n<p>Hai, \u00eendr\u0103zni\u0163i.<\/p>\n<p>Eu sunt doar un \u00eenvins, \u00eenving\u0103tor.<\/p>\n<p>Ve\u0163i \u00eenv\u0103\u0163a \u015fi voi.<\/p>\n<p>\u015ei-o s\u0103 v\u0103 plac\u0103.<\/p>\n<p>&nbsp;<\/p>\n<p>Cu voia voastr\u0103, Domnilor, la s\u00e2nul<\/p>\n<p>\u00centunecimii &#8211;\u00a0Printu-i, vi-e St\u0103p\u00e2nul&#8230;<\/p>\n<p>&nbsp;<\/p>\n<p>&nbsp;<\/p>\n<p><strong>C<\/strong><strong>\u00c2NTECUL LUI PINOCCHIO<\/strong><strong><\/strong><\/p>\n<p>&nbsp;<\/p>\n<p>Dragul meu p\u0103rinte r\u0103t\u0103citor,<\/p>\n<p>M\u0103 bucur c\u0103 ai revenit acas\u0103<\/p>\n<p>\u00cen mijlocul familiei.<\/p>\n<p>Chiar dac\u0103 singur.<\/p>\n<p>Aici va fi \u00eentotdeauna o p\u00e2ine de m\u00e2ncat<\/p>\n<p>Alb\u0103.<\/p>\n<p>Dac\u0103 nu a fost pus\u0103 pe mas\u0103<\/p>\n<p>Nu e vina ta.<\/p>\n<p>Au fost mul\u0163i s\u0103rb\u0103tori\u0163i azi.<\/p>\n<p>\u015ei unde s\u0103 pui o p\u00e2ine<\/p>\n<p>\u00centre at\u00e2tea bun\u0103t\u0103\u0163i?<\/p>\n<p>Unde s\u0103 mai \u00eenghesui<\/p>\n<p>Comorile lumii, \u00een plas\u0103?<\/p>\n<p>Am auzit spun\u00e2ndu-se<\/p>\n<p>\u00cen jurul meu:<\/p>\n<p>&#8211;\u00a0Cine se sup\u0103r\u0103, s\u0103 i se taie nasul.<\/p>\n<p>Eu sunt Pinocchio,<\/p>\n<p>Drag\u0103 tat\u0103 Geronimo.<\/p>\n<p>D\u0103-mi \u015fi mie un suflet<\/p>\n<p>Ca sforile astea<\/p>\n<p>\u00cemi taie toate oasele<\/p>\n<p>\u015ei totu\u015fi<\/p>\n<p>M\u0103 bucur<\/p>\n<p>C\u0103 suntem \u00eempreun\u0103<\/p>\n<p>\u00cen aceea\u015fi nostalgie<\/p>\n<p>&nbsp;<\/p>\n<p>&nbsp;<\/p>\n<p><strong>C<\/strong><strong>\u00c2NTECUL PORCILOR<\/strong><strong><\/strong><\/p>\n<p>&nbsp;<\/p>\n<p>&#8211;\u00a0Vre\u0163i aurul din Ro\u015fia Montana?<\/p>\n<p>&#8211;\u00a0S\u0103pa\u0163i cu gura porcilor, c\u0103pu\u015fa,<\/p>\n<p>\u015ei duce\u0163i-v\u0103 drept \u00een Iad, \u00een gu\u015fa,<\/p>\n<p>Veninul din Manole, \u015fi din Ana \u2013<\/p>\n<p>&nbsp;<\/p>\n<p>\u015ei-n Tribunalul Mor\u0163ii, toat\u0103 slana &#8211;<\/p>\n<p>S\u0103pa\u0163i cu limba. C\u0103 e juc\u0103u\u015f\u0103.<\/p>\n<p>Veni-v-ar Talpa Iadului, Manu\u015fa \u2013<\/p>\n<p>\u015ei-o ve\u015fnicie, s\u0103-i gusta\u0163i icoana.<\/p>\n<p>&nbsp;<\/p>\n<p>&nbsp;<\/p>\n<p><strong>C\u00c2NTECUL <\/strong><strong>B\u0102TR\u00c2NULUI<\/strong><\/p>\n<p>&nbsp;<\/p>\n<p>Acum ani, doisprezece, plin de s\u0103n\u0103tate,<\/p>\n<p>Cu buletinu-n m\u00e2na, doar \u2013 pe pat,<\/p>\n<p>Firesc \u015fi simplu, s\u00e2nge am donat,<\/p>\n<p>\u015ei m\u0103sa-n dar, am dat-o mai departe \u2013<\/p>\n<p>&nbsp;<\/p>\n<p>De-atunci, pe-acolo nu am mai c\u0103lcat,<\/p>\n<p>De-at\u00e2tea munci sterile, \u00eenv\u0103\u0163ate,<\/p>\n<p>De-at\u00e2tea mese prea remunerate<\/p>\n<p>Pentru tr\u0103it, cu s\u00e2ngele intact.<\/p>\n<p>&nbsp;<\/p>\n<p>\u00cen toamna, vechiul centru de donare<\/p>\n<p>L-am c\u0103utat, c\u0103 mamei din spital,<\/p>\n<p>Obolul meu s\u0103-i dau, at\u00e2t de mare,<\/p>\n<p>\u00cen loc de feeria vreunui bal \u2013<\/p>\n<p>&nbsp;<\/p>\n<p>Acum se completa o fis\u0103 lung\u0103:<\/p>\n<p>At\u00e2tea boli, at\u00e2tea vicii seci,<\/p>\n<p>At\u00e2tea declara\u0163ii foarte reci,<\/p>\n<p>De s\u00e2nge cald, dar prea b\u0103tr\u00e2n, la punga \u2013<\/p>\n<p>&nbsp;<\/p>\n<p>C\u0103ci, vai, nu mai aveam nici ani cincizeci!<\/p>\n<p>Nu mai puteam dona. A\u015fa e grila.<\/p>\n<p>A\u015fa s-a pus pe via\u0163\u0103, apostila.<\/p>\n<p>B\u0103tr\u00e2n, \u015fi s\u0103n\u0103tos \u2013 s\u0103 po\u0163i s\u0103 pleci.<\/p>\n<p>&nbsp;<\/p>\n<p>&nbsp;<\/p>\n<p>\u015ei s\u00e2ngele donat n-ajunge-n veci.<\/p>\n<p>Tot vin medicini\u015ftii, \u015fi tot roag\u0103<\/p>\n<p>Veni\u0163i c\u00e2t sunte\u0163i tineri, lume drag\u0103,<\/p>\n<p>\u015ei s\u0103n\u0103to\u015fi la s\u00e2nge \u2013 nu zevzeci \u2013<\/p>\n<p>&nbsp;<\/p>\n<p>Nefum\u0103tori \u015fi nedrogati, de tot,<\/p>\n<p>De c\u00e2te cele vi se pun pe mas\u0103,<\/p>\n<p>De c\u00e2te asalta\u0163i cu propriul bot,<\/p>\n<p>\u015ei plasa lua\u0163i, nu dragostea frumoas\u0103 \u2013<\/p>\n<p>&nbsp;<\/p>\n<p>Veni\u0163i ca s\u0103 citi\u0163i \u00een formular,<\/p>\n<p>Ce fel de s\u00e2nge m\u00e2ine vi se cere,<\/p>\n<p>S\u0103-l vinde\u0163i, prea curat, pe galantar,<\/p>\n<p>Ca s\u0103 tr\u0103iasc\u0103 porcii cu avere \u2013<\/p>\n<p>&nbsp;<\/p>\n<p>Din ce organe pentru exportat,<\/p>\n<p>Cu microcipuri \u00een secret, niznaie,<\/p>\n<p>Cu cifre-n loc de nume, memorat,<\/p>\n<p>\u00cen m\u0103runtaie, semeni vi se taie\u00a0&#8211;<\/p>\n<p>&nbsp;<\/p>\n<p>Din care clauze Clawback nu se fac<\/p>\n<p>Medicamente ieftine \u00een \u0163ar\u0103,<\/p>\n<p>Ca din pu\u0163in, pu\u0163in s\u0103-\u015fi dea, s\u0103rac,<\/p>\n<p>\u015ei cel ce nu da totul, pe afar\u0103 &#8211;<\/p>\n<p>&nbsp;<\/p>\n<p>Veni\u0163i, c\u0103 vreau s\u0103 vin cu voi, \u015fi eu \u2013<\/p>\n<p>S\u0103 dau \u015fi eu, dar legea nu-mi permite \u2013<\/p>\n<p>S\u0103lta\u0163i stacheta, pan\u2019la Dumnezeu,<\/p>\n<p>C-au s\u00e2nge bun, b\u0103tr\u00e2nele lui vite&#8230;<\/p>\n<p>&nbsp;<\/p>\n<p>&nbsp;<\/p>\n<p><strong>C<\/strong><strong>\u00c2NTECUL SEMIRAMIDEI<\/strong><strong><\/strong><\/p>\n<p>&nbsp;<\/p>\n<p>Din care pierdere marina \u015fi stelar\u0103<\/p>\n<p>Albastra-verde, p\u00e2n\u0103 de sidef,<\/p>\n<p>\u015ei netrezita Galateee de povar\u0103,<\/p>\n<p>Te\u015fi ochii t\u0103i, cu Terra, pe gherghef?<\/p>\n<p>&nbsp;<\/p>\n<p>O leb\u0103d\u0103 pe care o chemar\u0103<\/p>\n<p>Be\u0163i de otrav\u0103, treji de diabet &#8211;<\/p>\n<p>S\u0103-\u0163i c\u00e2nte frumuse\u0163ea cea amar\u0103<\/p>\n<p>Din ger, salvata-n casa &#8211; un poet &#8211;<\/p>\n<p>&nbsp;<\/p>\n<p>Cum tremur\u0103 privirea ta, s\u0103 moar\u0103 &#8211;<\/p>\n<p>De nu a\u015f bea din ea &#8211; ca un stilet &#8211;<\/p>\n<p>T\u0103i\u015ful t\u0103u de trup de c\u0103prioar\u0103<\/p>\n<p>Prin p\u00e2nda mea de foc, anahoret &#8211;<\/p>\n<p>&nbsp;<\/p>\n<p>Dar ce Tamisa, Dun\u0103re, sau Loara,<\/p>\n<p>S\u0103 spele dansul ochilor, pustii,<\/p>\n<p>C\u00e2nd pe peronul vie\u0163ii, \u00eentr-o gar\u0103,<\/p>\n<p>Petrecem numai trenuri de copii?<\/p>\n<p>&nbsp;<\/p>\n<p>&nbsp;<\/p>\n<p><strong>C\u00c2NTECUL CLOVNULUI<\/strong><\/p>\n<p>&nbsp;<\/p>\n<p>Copiii no\u015ftri, clovni at\u00e2t de tri\u015fti,<\/p>\n<p>Privind cu ochi de sticl\u0103, prin vitrine,<\/p>\n<p>Pe cei ce \u00eei fac m\u00e2ine s\u0103 suspine,<\/p>\n<p>Ca s\u0103 ai azi, din ce s\u0103 mai exi\u015fti \u2013<\/p>\n<p>&nbsp;<\/p>\n<p>At\u00e2tea \u015fisturi, gaze, cristaline<\/p>\n<p>Izvoare \u015fi om\u0103turi de arti\u015fti,<\/p>\n<p>Se cer incendiate de psalti\u015fti,<\/p>\n<p>S\u0103 fie bine, azi \u2013 cum nu e, m\u00e2ine \u2013<\/p>\n<p>&nbsp;<\/p>\n<p>\u00cen move haine, multicolorate,<\/p>\n<p>\u015ei \u00een trusouri scumpe, mult prea mult,<\/p>\n<p>Pentru \u00eentreaga lumii libertate<\/p>\n<p>De a privi spre stele\u00a0 &#8211;\u00a0 cerul cult &#8211;<\/p>\n<p>&nbsp;<\/p>\n<p>Cu ochi br\u0103zda\u0163i de gloan\u0163e verticale,<\/p>\n<p>\u015ei limbi albite-n pastele de din\u0163i,<\/p>\n<p>Ei,\u00a0 de-ale lor, \u00ee\u015fi v\u0103d \u2013 prostii banale,<\/p>\n<p>Ca mercenari tocmi\u0163i de-ai lor p\u0103rin\u0163i \u2013<\/p>\n<p>&nbsp;<\/p>\n<p>Ruine scumpe, \u015fi cale\u015fti la poart\u0103,<\/p>\n<p>Cai zbur\u0103tori, din orzul tuturor,<\/p>\n<p>Povestea vie\u0163ii pruncilor e-o art\u0103<\/p>\n<p>\u00cen care mul\u0163i se joac\u0103,\u00a0 al\u0163ii \u2013 mor \u2013<\/p>\n<p>&nbsp;<\/p>\n<p>Le curge \u015fi rimelul \u00een cascade<\/p>\n<p>Din arsenalul bombelor cu fard,<\/p>\n<p>\u015ei poate unii r\u00e2d, c\u00e2nd al\u0163ii ard,<\/p>\n<p>\u015ei unii urc\u0103, du\u015fi de cel ce cade \u2013<\/p>\n<p>&nbsp;<\/p>\n<p>At\u00e2t de goi, \u015fi simpli, \u015fi egali \u2013<\/p>\n<p>\u015ei-at\u00e2t de-nve\u015fm\u00e2nta\u0163i de o regie<\/p>\n<p>\u00cen care via\u0163a, chiar dac\u0103 e vie,<\/p>\n<p>E-o piramid\u0103 moart\u0103, de carnali \u2013<\/p>\n<p>&nbsp;<\/p>\n<p>\u015ei totu\u015fi \u2013 mai exist\u0103 poezie,<\/p>\n<p>\u015ei totu\u015fi \u2013 mai exist\u0103 \u015fi fractali,<\/p>\n<p>\u015ei totu\u015fi \u2013 mai exist\u0103 pineali,<\/p>\n<p>\u015ei totu\u015fi \u2013 mai exist\u0103 omenie,<\/p>\n<p>&nbsp;<\/p>\n<p>\u015ei printre-at\u00e2tea min\u0163i de canibali,<\/p>\n<p>Exist\u0103, totu\u015fi &#8211;\u00a0 chiar \u015fi ve\u015fnicie!<\/p>\n<p>&nbsp;<\/p>\n<p>&nbsp;<\/p>\n<p><strong>C\u00c2NTECUL EMIGRANTULUI<\/strong><\/p>\n<p>&nbsp;<\/p>\n<p>A emigrat o Romanie-ntreaga<\/p>\n<p>Din Basarabi, Musatini, Bucovini,<\/p>\n<p>Din Tara Romaneasca si Moldava,<\/p>\n<p>Si Transilvania marilor lumini \u2013<\/p>\n<p>&nbsp;<\/p>\n<p>E fiecare, singur, azi, pe harta \u2013<\/p>\n<p>Si cere, si ofera, ajutor \u2013<\/p>\n<p>Fara o Stea de Nord, pe Marea Moarta,<\/p>\n<p>Si singur printre falci, navigator \u2013<\/p>\n<p>&nbsp;<\/p>\n<p>O Romanie-ntreaga emigrata<\/p>\n<p>Se tot revarsa parca fara rost,<\/p>\n<p>Din chiar istoria ei, din poarta-n poarta,<\/p>\n<p>Sa ia pe ea un maxim pret de cost \u2013<\/p>\n<p>&nbsp;<\/p>\n<p>Si-n candele de limba si iubire,<\/p>\n<p>Si-n clopote de versuri si trairi,<\/p>\n<p>Raman doar cotizantii-n nesimtire,<\/p>\n<p>Ai Marilor Sperante si Uniri \u2013<\/p>\n<p>&nbsp;<\/p>\n<p>Niste acei de care trage lumea toata \u2013<\/p>\n<p>Niste mereu cu zambetul taiat<\/p>\n<p>De vreun infarct, sau stea paralizata<\/p>\n<p>De vreun toiag, prea greu de lepadat \u2013<\/p>\n<p>&nbsp;<\/p>\n<p>Niste servanti de rand, in loc de oaste \u2013<\/p>\n<p>Niste afaceristi de rangul trei \u2013<\/p>\n<p>In timp ce floarea romanimii noastre<\/p>\n<p>A progresat \u2013 si n-ai de und\u2019 s-o iei &#8211;<\/p>\n<p>&nbsp;<\/p>\n<p>Sunt\u00a0 candele \u2013 atatea \u2013 in romana \u2013<\/p>\n<p>Afara, inauntru, ce putini<\/p>\n<p>Sunt cei ce \u00a0pot macar un \u201cziua buna!\u201d<\/p>\n<p>Sa puna-n focul lor de amintiri \u2013<\/p>\n<p>&nbsp;<\/p>\n<p>Ce straniu ard, cumva impersonale,<\/p>\n<p>Cumva flagrant in slujba vreunui zeu,<\/p>\n<p>Cand nu le-aprind urcusurile tale<\/p>\n<p>Si alor tai \u2013 razbind spre Dumnezeu!<\/p>\n<p>&nbsp;<\/p>\n<p>Caci nu sunt sfinti, si nu e cer, sa sameni,<\/p>\n<p>Si vesnicie nu-i, si nu-i aripa,<\/p>\n<p>De nu sunt oameni, langa marii oameni<\/p>\n<p>Sa arda-n cuget \u2013 clipa dupa clipa \u2013<\/p>\n<p>&nbsp;<\/p>\n<p>O Romanie-ntreaga emigreaza \u2013<\/p>\n<p>In fiecare zi, in scaune, munci,<\/p>\n<p>In noaptea-zi, si ziua-noapte treaza,<\/p>\n<p>In care de nu rupi &#8211; macar atunci &#8211;<\/p>\n<p>&nbsp;<\/p>\n<p>O candela ce inca lumineaza \u2013<\/p>\n<p>Nu pentru tine doar, si pentru prunci &#8211;<\/p>\n<p>Ci pentru-ntreaga lumii Metastaza<\/p>\n<p>Ce-si bate joc, de tine, prin porunci \u2013<\/p>\n<p>&nbsp;<\/p>\n<p>Ce Romanie, oare, mai urmeaza?<\/p>\n<p>Noi cine suntem? Cine ne numim?<\/p>\n<p>Cu cine, si de ce, suntem in faza?<\/p>\n<p>Si pentru cine vrem sa mai traim?<\/p>\n<p>&nbsp;<\/p>\n<p>Sunt candele \u2013 atatea \u2013 in romana,<\/p>\n<p>Romanul, fiecare, cu a\u00a0 lui,<\/p>\n<p>Si altii ce incearca, si le-aduna,<\/p>\n<p>Sa cantarim pe limbile oricui<\/p>\n<p>&nbsp;<\/p>\n<p>Aceasta Romanie \u2013 Dacie buna,<\/p>\n<p>Aceasta temelie ce-am pohtit,<\/p>\n<p>De a ne tine viata, impreuna,<\/p>\n<p>Cu toata Omenirea de iubit!<\/p>\n<p>&nbsp;<\/p>\n<p>&nbsp;<\/p>\n<p><strong>C\u00c2NTECUL PACIENTULUI<\/strong><\/p>\n<p>L\u0103sa\u0163i copiii, totu\u015fi, s\u0103 se joace!<\/p>\n<p>Nu-i tot dota\u0163i \u015fi \u00eenarma\u0163i, din ou,<\/p>\n<p>Cu tot ce e mai otr\u0103vit, \u015fi nou,<\/p>\n<p>Cu str\u00e2mbe min\u0163i, \u015fi culmi \u2013 \u00een loc de pace \u2013<\/p>\n<p>&nbsp;<\/p>\n<p>Ca puii, adormi\u0163i \u00eentr-o g\u0103oace,<\/p>\n<p>Ei alte zvonuri prind, dintr-un alt imn \u2013<\/p>\n<p>Ei altfel simt \u015fi joac\u0103, cum se face<\/p>\n<p>Un zbor cu aripi de p\u0103m\u00e2nt, sublim \u2013<\/p>\n<p>&nbsp;<\/p>\n<p>Pu\u0163in de tot la joac\u0103, au nevoie<\/p>\n<p>De c\u00e2te-un sfat \u2013 din arborii aten\u0163i,<\/p>\n<p>Ce au c\u00e2ntat \u015fi ei, c\u00e2ndva : \u201cAhoe!\u201d<\/p>\n<p>De unde au c\u0103zut, ca pacien\u0163i \u2013<\/p>\n<p>&nbsp;<\/p>\n<p>L\u0103sa\u0163i copiii, totu\u015fi, s\u0103 se joace!<\/p>\n<p>\u015ei adormi\u0163i-i, seara, cu pove\u015fti!<\/p>\n<p>Doar ele fac, pe lumea rece, pace,<\/p>\n<p>\u015ei-n ele, viu r\u0103m\u00e2i, chiar de nu e\u015fti\u2026<\/p>\n<p>&nbsp;<\/p>\n<p>&nbsp;<\/p>\n<p><strong>C\u00c2NTECUL SPR\u00c2NCENATULUI<\/strong><\/p>\n<p>&nbsp;<\/p>\n<p>Nimeni nu o s\u0103 v\u0103 taie<\/p>\n<p>M\u0103r\u0103cini crescu\u0163i de ploaie<\/p>\n<p>La morm\u00e2ntul din noroaie.<\/p>\n<p>Mie, mi-au t\u0103iat, \u00een dar.<\/p>\n<p>&nbsp;<\/p>\n<p>Nimeni nu o s\u0103 v\u0103 pun\u0103<\/p>\n<p>Lum\u00e2narea, ca arvun\u0103,<\/p>\n<p>Pentru inima cea bun\u0103.<\/p>\n<p>Mie, mi-au aprins-o, iar.<\/p>\n<p>&nbsp;<\/p>\n<p>Nimeni nu o s\u0103 v\u0103 lase<\/p>\n<p>10 bani, dou\u0103 foloase,<\/p>\n<p>Pentru sufletul din oase.<\/p>\n<p>Mie, mi i-au dat, s\u0103 ar.<\/p>\n<p>&nbsp;<\/p>\n<p>Nimeni nu o s\u0103 se-ncurce<\/p>\n<p>S\u0103 v\u0103 pun\u0103 l\u00e2ng\u0103 cruce<\/p>\n<p>1 leu vechi, ca s\u0103 v\u0103 urce \u2013<\/p>\n<p>Mie, mi l-au dat, s\u0103 sar.<\/p>\n<p>&nbsp;<\/p>\n<p>De aceea, foc mi-e, iat\u0103,<\/p>\n<p>Cum e lacrima mea, toat\u0103,<\/p>\n<p>Toat\u0103 \u0163ara minunat\u0103,<\/p>\n<p>Din hotar, p\u00e2n\u0103-n hotar \u2013<\/p>\n<p>&nbsp;<\/p>\n<p>\u015ei cine mi-a dat, s\u0103-mi deie,<\/p>\n<p>Deie-i Dumnezeu, s\u0103 ieie<\/p>\n<p>Lumea toat\u0103, de femeie,<\/p>\n<p>S\u0103 \u00eei nasc\u0103-o epopee,<\/p>\n<p>&nbsp;<\/p>\n<p>Din Hristosul ei, stelar,<\/p>\n<p>\u015ei M\u0103icu\u0163a lui, cu har,<\/p>\n<p>\u015ei din tine, Dumnezee\u2026<\/p>\n<p>&nbsp;<\/p>\n<p>&nbsp;<\/p>\n<p><strong>C\u00c2NTECUL SERPENTINEI<\/strong><strong><\/strong><\/p>\n<p>&nbsp;<\/p>\n<p>\u00cen Turnul Londrei, l\u00e2ng\u0103 strada mea,<\/p>\n<p>St\u0103tea o Serpentin\u0103, \u015fi fuma \u2013<\/p>\n<p>Cu ochii verzi-alba\u015ftri, Oceanid\u0103,<\/p>\n<p>Ca o icoan\u0103 neagr\u0103, \u00een firid\u0103,<\/p>\n<p>Cu fa\u0163a aurie, de m\u0103slin,<\/p>\n<p>\u015ei un regal, pe umeri \u2013 blond \u2013 de vin \u2013<\/p>\n<p>Egreta m\u00e2inii ei, cu fibre lungi,<\/p>\n<p>\u0162inea s\u0103geata viselor prelungi,<\/p>\n<p>Anselmus o privea, cum tot tr\u0103gea<\/p>\n<p>Din amfora-i \u00een p\u00e2rg,\u00a0 s\u0103ge\u0163i, \u00een ea \u2013<\/p>\n<p>Din turn, de jos, t\u00e2\u015fneau ca dou\u0103 vele<\/p>\n<p>Cor\u0103bii navig\u00e2nd spre taine grele,<\/p>\n<p>\u015ei-a\u015f fi privit-o mult, \u015fi dup\u0103 moarte,<\/p>\n<p>Dar ea fuma, din toamn\u0103, mai departe &#8211;<\/p>\n<p>\u015ei nu aveam nimic , nici eu, s\u0103-i spun,<\/p>\n<p>Ca un Anselmus, dup\u0103 ea, nebun \u2013<\/p>\n<p>S-o \u0163inem am\u00e2ndoi, s\u0103 nu se piard\u0103,<\/p>\n<p>A\u015fa gr\u0103bit, \u00een cea\u0163a grea &#8211;\u00a0 de\u00a0 iarn\u0103\u2026<\/p>\n<p>C\u0103 revine.<\/p>\n<p>&nbsp;<\/p>\n<p style=\"text-align: center;\"><strong>Liviu-Florian<\/strong><strong> JIANU<\/strong><\/p>\n<p style=\"text-align: center;\"><strong>Craiova<\/strong><\/p>\n<p style=\"text-align: center;\"><strong>februarie 2015<\/strong><\/p>\n<p>&nbsp;<\/p>\n","protected":false},"excerpt":{"rendered":"<p>C\u00c2NTECUL UMBREI &nbsp; \u015ei \u00eentinz\u00e2nd paharul, spuse: Dar s\u0103 se fac\u0103 voia Ta, \u015fi nu a mea. \u015ei-atunci, pe scaunul [&#038;hellip<\/p>\n","protected":false},"author":1,"featured_media":0,"comment_status":"closed","ping_status":"closed","sticky":false,"template":"","format":"standard","meta":{"footnotes":""},"categories":[3],"tags":[],"class_list":["post-21728","post","type-post","status-publish","format-standard","hentry","category-articole"],"_links":{"self":[{"href":"https:\/\/www.marianagurza.ro\/blog\/wp-json\/wp\/v2\/posts\/21728","targetHints":{"allow":["GET"]}}],"collection":[{"href":"https:\/\/www.marianagurza.ro\/blog\/wp-json\/wp\/v2\/posts"}],"about":[{"href":"https:\/\/www.marianagurza.ro\/blog\/wp-json\/wp\/v2\/types\/post"}],"author":[{"embeddable":true,"href":"https:\/\/www.marianagurza.ro\/blog\/wp-json\/wp\/v2\/users\/1"}],"replies":[{"embeddable":true,"href":"https:\/\/www.marianagurza.ro\/blog\/wp-json\/wp\/v2\/comments?post=21728"}],"version-history":[{"count":2,"href":"https:\/\/www.marianagurza.ro\/blog\/wp-json\/wp\/v2\/posts\/21728\/revisions"}],"predecessor-version":[{"id":21731,"href":"https:\/\/www.marianagurza.ro\/blog\/wp-json\/wp\/v2\/posts\/21728\/revisions\/21731"}],"wp:attachment":[{"href":"https:\/\/www.marianagurza.ro\/blog\/wp-json\/wp\/v2\/media?parent=21728"}],"wp:term":[{"taxonomy":"category","embeddable":true,"href":"https:\/\/www.marianagurza.ro\/blog\/wp-json\/wp\/v2\/categories?post=21728"},{"taxonomy":"post_tag","embeddable":true,"href":"https:\/\/www.marianagurza.ro\/blog\/wp-json\/wp\/v2\/tags?post=21728"}],"curies":[{"name":"wp","href":"https:\/\/api.w.org\/{rel}","templated":true}]}}