{"id":21732,"date":"2015-03-12T04:48:47","date_gmt":"2015-03-12T04:48:47","guid":{"rendered":"http:\/\/www.marianagurza.ro\/blog\/?p=21732"},"modified":"2015-03-12T04:48:47","modified_gmt":"2015-03-12T04:48:47","slug":"elena-margareta-ionescu-jurnal-cu-si-fara-nae-ionescu-editura-vremea-lansare-de-carte","status":"publish","type":"post","link":"https:\/\/www.marianagurza.ro\/blog\/2015\/03\/12\/elena-margareta-ionescu-jurnal-cu-si-fara-nae-ionescu-editura-vremea-lansare-de-carte\/","title":{"rendered":"Elena-Margareta Ionescu: Jurnal cu \u0219i f\u0103r\u0103 Nae Ionescu-Editura Vremea-Lansare de carte"},"content":{"rendered":"<p style=\"text-align: justify;\"><a href=\"http:\/\/www.marianagurza.ro\/blog\/wp-content\/uploads\/2015\/03\/EMI-JURNAL-NAE-IONESCU-COP-wb.jpg\"><img loading=\"lazy\" decoding=\"async\" class=\"alignleft size-medium wp-image-21733\" title=\"EMI-JURNAL-NAE-IONESCU-COP-wb\" src=\"http:\/\/www.marianagurza.ro\/blog\/wp-content\/uploads\/2015\/03\/EMI-JURNAL-NAE-IONESCU-COP-wb-194x300.jpg\" alt=\"\" width=\"194\" height=\"300\" srcset=\"https:\/\/www.marianagurza.ro\/blog\/wp-content\/uploads\/2015\/03\/EMI-JURNAL-NAE-IONESCU-COP-wb-194x300.jpg 194w, https:\/\/www.marianagurza.ro\/blog\/wp-content\/uploads\/2015\/03\/EMI-JURNAL-NAE-IONESCU-COP-wb.jpg 600w\" sizes=\"auto, (max-width: 194px) 100vw, 194px\" \/><\/a>Invita\u0163i:<\/p>\n<p style=\"text-align: justify;\">Anca-Irina Ionescu, nepoata autoarei<\/p>\n<p style=\"text-align: justify;\">Sorin Lavric, scriitor<\/p>\n<p style=\"text-align: justify;\">Paul Cernat, critic literar<\/p>\n<p style=\"text-align: justify;\">Silvia Colfescu, directorul editurii Vremea<\/p>\n<p style=\"text-align: justify;\">\n<p style=\"text-align: justify;\">Evenimentul va avea loc luni, 16 martie 2015, ora 16.30<\/p>\n<p style=\"text-align: justify;\">la Libr\u0103ria Mihail Sadoveanu<\/p>\n<p style=\"text-align: justify;\">Bulevardul General Magheru nr. 6-8<\/p>\n<p style=\"text-align: justify;\">\n<p style=\"text-align: justify;\">Jurnal cu \u015fi f\u0103r\u0103 Nae Ionescu este o carte de dragoste. O dragoste trist\u0103. Iubirea singuratic\u0103 a unei femei p\u0103r\u0103site, care tr\u0103ie\u015fte printre \u015fi pentru amintirile ei. O pagin\u0103 din intimitatea unei c\u0103snicii celebre, \u00een marginea vie\u0163ii omului care a modelat g\u00e2ndirea celei mai str\u0103lucite genera\u0163ii a Rom\u00e2niei secolului XX.<\/p>\n<p style=\"text-align: justify;\">\n<p style=\"text-align: justify;\">Elena-Margareta Fotino \u015fi Nae Ionescu s-au cunoscut \u00een 1911, s-au c\u0103s\u0103torit \u00een 1916, au avut doi b\u0103ie\u0163i, apoi, \u00een jurul lui 1930, s-au desp\u0103r\u0163it, f\u0103r\u0103 a divor\u0163a vreodat\u0103. Ea a continuat s\u0103 \u00eel iubeasc\u0103, el, s\u0103 o stimeze \u015fi s\u0103 o ajute.<\/p>\n<p style=\"text-align: justify;\">\n<p style=\"text-align: justify;\">Elena-Margareta Ionescu, n\u0103scut\u0103 Fotino (1889-1971), a absolvit Facultatea de Litere \u015fi Filosofie \u015fi a urmat \u00een paralel cursuri la Academia de Muzic\u0103 \u015fi Art\u0103 Dramatic\u0103, fiind o bun\u0103 pianist\u0103 \u015fi o fin\u0103 comentatoare a concertelor audiate.<\/p>\n<p style=\"text-align: justify;\">\n<p style=\"text-align: justify;\">Era pasionat\u0103 de muzic\u0103 clasic\u0103 \u015fi citea volume de literatur\u0103 \u015fi filosofie, adesea \u00een original, \u00een francez\u0103 \u015fi german\u0103. A c\u0103l\u0103torit destul de mult \u00een Europa, a fost primit\u0103 de Regina mam\u0103 Elena, aflat\u0103 \u00een exil \u00een Italia, a avut ocazia s\u0103 asiste la jocurile olimpice de la Berlin din 1936 \u015fi la o manifesta\u0163ie a c\u0103m\u0103\u015filor negre la Roma.<\/p>\n<p style=\"text-align: justify;\">\n<p style=\"text-align: justify;\">\u00cen ciuda separ\u0103rii de so\u0163ul ei, Elena-Margareta Ionescu a \u00eentre\u0163inut rela\u0163ii de amici\u0163ie cu unii dintre apropia\u0163ii \u015fi studen\u0163ii so\u0163ului ei. Totu\u015fi, existen\u0163a ei a fost una solitar\u0103 dup\u0103 aceast\u0103 desp\u0103r\u0163ire, jurnalul de fa\u0163\u0103, care acoper\u0103, cu pauze lungi, perioada 1918-1961, fiind o m\u0103rturie dureroas\u0103 despre o leg\u0103tur\u0103 ce nu avea datele necesare pentru a dura \u015fi despre o dragoste care a continuat mult dup\u0103 ce rela\u0163ia s-a destr\u0103mat.<\/p>\n<p style=\"text-align: justify;\">\n<p style=\"text-align: justify;\">V\u0103 a\u015ftept\u0103m!<\/p>\n<p style=\"text-align: justify;\"><strong>Editura Vremea<\/strong><\/p>\n<p style=\"text-align: justify;\"><strong>021.335.81.31<br \/>\n14 Constantin Daniel Street<\/strong><\/p>\n<p style=\"text-align: justify;\"><strong>010631 Bucharest 1<\/strong><\/p>\n<p style=\"text-align: justify;\"><strong><a href=\"mailto:miruna.lepus@edituravremea.ro\">miruna.lepus@edituravremea.ro<\/a><br \/>\n<a href=\"http:\/\/www.edituravremea.ro\/\">www.edituravremea.ro<\/a><\/strong><\/p>\n<p style=\"text-align: justify;\">\n","protected":false},"excerpt":{"rendered":"<p>Invita\u0163i: Anca-Irina Ionescu, nepoata autoarei Sorin Lavric, scriitor Paul Cernat, critic literar Silvia Colfescu, directorul editurii Vremea Evenimentul va avea [&#038;hellip<\/p>\n","protected":false},"author":1,"featured_media":0,"comment_status":"closed","ping_status":"closed","sticky":false,"template":"","format":"standard","meta":{"footnotes":""},"categories":[3],"tags":[],"class_list":["post-21732","post","type-post","status-publish","format-standard","hentry","category-articole"],"_links":{"self":[{"href":"https:\/\/www.marianagurza.ro\/blog\/wp-json\/wp\/v2\/posts\/21732","targetHints":{"allow":["GET"]}}],"collection":[{"href":"https:\/\/www.marianagurza.ro\/blog\/wp-json\/wp\/v2\/posts"}],"about":[{"href":"https:\/\/www.marianagurza.ro\/blog\/wp-json\/wp\/v2\/types\/post"}],"author":[{"embeddable":true,"href":"https:\/\/www.marianagurza.ro\/blog\/wp-json\/wp\/v2\/users\/1"}],"replies":[{"embeddable":true,"href":"https:\/\/www.marianagurza.ro\/blog\/wp-json\/wp\/v2\/comments?post=21732"}],"version-history":[{"count":2,"href":"https:\/\/www.marianagurza.ro\/blog\/wp-json\/wp\/v2\/posts\/21732\/revisions"}],"predecessor-version":[{"id":21735,"href":"https:\/\/www.marianagurza.ro\/blog\/wp-json\/wp\/v2\/posts\/21732\/revisions\/21735"}],"wp:attachment":[{"href":"https:\/\/www.marianagurza.ro\/blog\/wp-json\/wp\/v2\/media?parent=21732"}],"wp:term":[{"taxonomy":"category","embeddable":true,"href":"https:\/\/www.marianagurza.ro\/blog\/wp-json\/wp\/v2\/categories?post=21732"},{"taxonomy":"post_tag","embeddable":true,"href":"https:\/\/www.marianagurza.ro\/blog\/wp-json\/wp\/v2\/tags?post=21732"}],"curies":[{"name":"wp","href":"https:\/\/api.w.org\/{rel}","templated":true}]}}