{"id":21740,"date":"2015-03-12T17:49:36","date_gmt":"2015-03-12T17:49:36","guid":{"rendered":"http:\/\/www.marianagurza.ro\/blog\/?p=21740"},"modified":"2015-03-12T17:49:36","modified_gmt":"2015-03-12T17:49:36","slug":"maria-diana-popescu-agero-marijuana-si-nemtsov-condus-de-viu-pe-ultimul-drum-de-un-top-model-de-24-de-ani","status":"publish","type":"post","link":"https:\/\/www.marianagurza.ro\/blog\/2015\/03\/12\/maria-diana-popescu-agero-marijuana-si-nemtsov-condus-de-viu-pe-ultimul-drum-de-un-top-model-de-24-de-ani\/","title":{"rendered":"Maria Diana Popescu, Agero: Marijuana \u015fi Nemtsov, condus de viu pe ultimul drum de un top-model de 24 de ani"},"content":{"rendered":"<p style=\"text-align: justify;\"><a href=\"http:\/\/www.marianagurza.ro\/blog\/wp-content\/uploads\/2015\/03\/Maria-Diana-Popescu-Editorial-poza-noua1.jpg\"><img loading=\"lazy\" decoding=\"async\" class=\"alignleft size-medium wp-image-21741\" title=\"Maria Diana Popescu - Editorial poza noua\" src=\"http:\/\/www.marianagurza.ro\/blog\/wp-content\/uploads\/2015\/03\/Maria-Diana-Popescu-Editorial-poza-noua1-174x300.jpg\" alt=\"\" width=\"174\" height=\"300\" srcset=\"https:\/\/www.marianagurza.ro\/blog\/wp-content\/uploads\/2015\/03\/Maria-Diana-Popescu-Editorial-poza-noua1-174x300.jpg 174w, https:\/\/www.marianagurza.ro\/blog\/wp-content\/uploads\/2015\/03\/Maria-Diana-Popescu-Editorial-poza-noua1.jpg 385w\" sizes=\"auto, (max-width: 174px) 100vw, 174px\" \/><\/a>Doar n-o s\u0103 crede\u0163i c\u0103 Vladimir Putin \u015fi-a obstruat contestatarul \u00een stil\u00a0\u201eAl Capone\u201d, cu un p\u00eer-poc. Nu e at\u00eet de naiv s\u0103-\u015fi oblitereze preopinentul \u00een vecin\u0103tatea Kremlinului, acum, c\u00eend toat\u0103 planeta e cu ocheanul pe el. Oare ce c\u0103uta Boris Nemtsov, c\u0103s\u0103torit cu Raisa Akhmetovna, tat\u0103l a patru copii, recunoscut pentru donjuanismul s\u0103u, la plimbare, \u00een miezul nop\u0163ii, pe podul Bolshoi Moskvoretkii din apropiere Kremlinului, cu un top-model de 24 de ani, care avea pa\u015faport ucrainean? Nu cumva \u201efeti\u0163a\u201d avea sarcina s\u0103-l conduc\u0103 de viu pe ultimul drum, adic\u0103 \u00een raza glon\u0163ului, pe motiv c\u0103 ar avea s\u0103-i transmit\u0103 anumite informa\u0163ii confiden\u0163iale, f\u0103r\u0103 a se afla \u00een c\u00eempul intercept\u0103rii? Dac\u0103 Putin voia s\u0103-l scoat\u0103 definitiv din peisaj avea metode mai subtile. Probabil, \u00eei f\u0103cea cadou ceva mai generos, o iradiere cu efect pe termen lung, care s-ar fi l\u0103sat cu o boal\u0103 letal\u0103, nevindecabil\u0103. Nu cumva unchiul \u201edemocratiz\u0103rii\u201d for\u0163ate a omenirii \u015fi C.I.A. de\u0163in am\u0103nunte cu privire la plimbarea nocturn\u0103 \u015fi se bizuiesc pe mul\u0163imea u\u015for de dus cu pre\u015ful? Nu cumva Washingtonul dorea s\u0103 repete piesa tragic\u0103 a Euro Maidanului sau, s\u0103 dea startul \u201ePrim\u0103verii ruse\u201d la Moscova? Poate c\u0103 Boris Nemtsov, ex-vicepremier, a fost sacrificat \u00eentru incitarea \u015fi manipularea mul\u0163imii din Rusia, astfel ca asasinatul s\u0103 fie pus \u00een c\u00eerca lui Putin, iar ru\u015fii s\u0103 fie motiva\u0163i pentru ie\u015firea \u00een strad\u0103, s\u0103-i cear\u0103 debarcarea.<\/p>\n<p style=\"text-align: justify;\">\n<p style=\"text-align: justify;\"><strong>Uciderea lui Nemtsov s-a vrut a fi startul \u201ePrim\u0103verii ruse\u201d, \u201eo \u00eencercare de a destabiliza \u0163ara\u201d<\/strong><\/p>\n<p style=\"text-align: justify;\">\n<p style=\"text-align: justify;\">Potrivit \u201ePower&amp;Politics World\u201d, asasinarea lui Nemtsov a avut loc dup\u0103 ce acesta, \u00eenso\u0163it de un top-model de 24 de ani, av\u00eend pa\u015faport ucrainean, p\u0103r\u0103sise un restaurant de l\u00eeng\u0103 Pia\u0163a Ro\u015fie. Autorii crimei petrecute \u00een inima Moscovei au ar\u0103tat dispre\u0163 fa\u0163\u0103 de ordinea public\u0103 \u015fi de mijloacele tehnice de securitate, dispuse \u00een zona prin care trec zilnic zeci de oameni de la v\u00eerful puterii ruse. Politologul rus Pavel Svyatenkov declara: <em> \u201eUciderea lui Nemtsov reprezint\u0103 printre altele o \u00eenc\u0103lcare a unei conven\u0163ii \u201einformale\u201d prin care persoanele de astfel de rang nu sunt ucise. Vorbim totu\u015fi de un ex-vice prim-ministru al Rusiei. Un precedent pentru uciderea unei persoane de asemenea rang \u00een istoria post-sovietic\u0103, eu personal nu \u015ftiu\u201d.<\/em> Pot fi luate \u00een calcul gelozia so\u0163iei, o conspira\u0163ie conceput\u0103 de amant\u0103 \u015fi so\u0163ie, oricare dintre alternative sco\u0163\u00eendu-i basma curat\u0103 pe executan\u0163i, pentru c\u0103 a\u015fa era prev\u0103zut \u00een planul misiunii. <em>\u201eNu exist\u0103 nicio \u00eendoial\u0103 c\u0103 aceast\u0103 crim\u0103 a fost minu\u0163ios planificat\u0103, la fel ca \u015fi locul ales pentru crim\u0103\u201d, respectiv marele pod de piatr\u0103 din apropierea Kremlinului\u201d, a precizat comisia de anchet\u0103 rus\u0103 \u00eentr-un comunicat A.F.P. \u201eEste o \u00eencercare de a complica situa\u0163ia, probabil chiar de a destabiliza \u0163ara, de a alimenta confruntarea\u201d<\/em>, a spus Gorbaciov \u00eentr-o declara\u0163ie acordat\u0103 agen\u0163iei Interfax.<\/p>\n<p style=\"text-align: justify;\">\u00a0El a \u00eendemnat totodat\u0103 s\u0103 nu se trag\u0103 concluzii premature asupra posibililor autori ai crimei sau asupra motiva\u0163iei. Din toate acestea, \u00een\u0163elege fiecare cum \u00eel duce capul (o variant\u0103 oficial\u0103 va exista c\u00eendva, dar nu cea adev\u0103rat\u0103, ci una elaborat-m\u0103sluit\u0103, asemenea rezultatului anchetei comisiei Warren, precum s-a \u00eent\u00eemplat \u00een cazul J.F. Kenedy, pentru c\u0103 s-a opus r\u0103zboiului din Vietnam), a\u015fa cum nici noi nu am \u00een\u0163eles mare lucru din vizita Pre\u015fedintelui Iohannis la Berlin, respectiv la Chi\u015fin\u0103u. Excursii \u015fi discursuri citite cu s\u00eerg de pe h\u00eertii, care nu vor stopa s\u0103r\u0103cia rom\u00e2nilor \u015fi nici virusul corup\u0163iei. Tot mai mul\u0163i au \u00eenceput s\u0103 priceap\u0103 c\u0103 lu\u0103m \u0163eap\u0103 pe fa\u0163\u0103, iar scopul vizitelor externe vor fi \u00eentotdeauna secrete de stat, adic\u0103 zero barat pentru nivelul de trai al rom\u00e2nului.<\/p>\n<p style=\"text-align: justify;\">\n<p style=\"text-align: justify;\"><strong>16 state americane au legalizat posesia \u015fi consumul de marijuana<\/strong><\/p>\n<p style=\"text-align: justify;\">\n<p style=\"text-align: justify;\">S\u0103 vedem cu ce se mai ocup\u0103 Washingtonul la capitolul \u201erele implementate omenirii\u201d. \u00cen pofida unei scrisori de protest, semnat\u0103 de doi republicani de seam\u0103 ai Congresului American, care s-au manifestat \u00eempotriva legaliz\u0103rii marijuanei de c\u0103tre autoritatea local\u0103, primarul Washingtonului a ales s\u0103 implementeze s\u0103pt\u0103m\u00eena trecut\u0103 o decizie, votat\u0103 de aproape dou\u0103 treimi din locuitorii Washingtonului \u00een luna noiembrie a anului trecut, care prevede ca fiind legale posesia de p\u00een\u0103 la (aproximativ) 56 de grame de marijuana pentru consum propriu la domiciliu \u015fi cre\u015fterea a p\u00een\u0103 la trei plante, tot pentru uz propriu (fiind interzise comercializarea marijuanei \u015fi consumul \u00een public). Pe l\u00eeng\u0103 alte 14 state, Alaska \u015fi Colorado s-au aliniat \u015fi ele Washingtonului, legaliz\u00eend consumul de marijuana. Reprezentan\u0163ii municipalit\u0103\u0163ii \u015fi cei ai Congresului American se dueleaz\u0103 \u00eenc\u0103 la capitolul interpretare legislativ\u0103, iar Congresul sus\u0163ine c\u0103 primarul \u015fi oficialii ora\u015fului se fac vinova\u0163i de interpretare gre\u015fit\u0103 \u015fi ar putea ajunge la \u00eenchisoare, dac\u0103 Departamentul de Justi\u0163ie va alege s\u0103 deschid\u0103 o anchet\u0103 \u015fi s\u0103 fac\u0103 acuza\u0163ii oficiale, scrie site-ul \u201eThink Outside the Box\u201d. Congresul ar putea da \u00een judecat\u0103 municipalitatea sau ar putea retrage ori bloca fondurile acordate ora\u015fului, din acest motiv. Primarul Bowser sus\u0163ine c\u0103 nu \u00ee\u015fi face dec\u00eet datoria prin implementarea deciziei legislative: <em> \u201e\u00cencuraj\u0103m Congresul s\u0103 nu mai fie at\u00e2t de \u00eengrijorat \u015fi dornic s\u0103 dea peste cap o decizie despre care \u015fapte din zece votan\u0163i spun c\u0103 trebuie s\u0103 fie lege \u00een Districtul Columbia\u201d, a conchis Bowser\u201d. <\/em>Nimic anormal, \u00een lipsa lor de normalitate. America este statul de unde pleac\u0103 toate relele \u00een lume. \u00cen total, 16 state americane au decriminalizat posesia de marijuana, \u00eentr-o anumit\u0103 cantitate pe persoan\u0103. Asta explic\u0103 cumva, de ce, printre altele, unele dintre autorit\u0103\u0163ile noastre se \u00eendreapt\u0103 \u00een momente cheie pe ruta Bucure\u015fti-Washington.<\/p>\n<p style=\"text-align: justify;\">\n<p style=\"text-align: justify;\">S.U.A are \u00een continuare obrazul gros \u015fi \u00eendeamn\u0103 Kievul la r\u0103zboi<\/p>\n<p style=\"text-align: justify;\">\n<p style=\"text-align: justify;\">La final, despre un mare prieten al r\u0103zboaielor, fostul comandant al NATO, generalul Wesley Clark. Acesta crede c\u0103 timpul diploma\u0163iei a trecut \u00een Ucraina \u015fi este vremea ca Kievul s\u0103 primeasc\u0103 arme \u015fi muni\u0163ii de la Occident pentru a face fa\u0163\u0103 agresiunii ruse, agresiune \u00een ghilimele, p\u00een\u0103 nu este prea t\u00eerziu. Cum s\u0103 nu fie nevoie de alte \u015fi alte r\u0103zboaie! Ele hr\u0103nesc\u00a0 industria de armament a marilor puteri. Este bine de \u015ftiut c\u0103 \u00een campaniile electorale ale candida\u0163ilor la pre\u015fedin\u0163ia S.U.A., firmele produc\u0103toare de armament cotizeaz\u0103 generos. Altfel nu ar avea ce s\u0103 le dea de lucru celor peste patru milioane de oameni\u00a0 din industria militar\u0103 \u015fi din armat\u0103. Cinic, nedrept \u015fi hilar este tocmai \u201eNobelul\u201d pentru pace, acordat lui Obama! Dac\u0103 ar fi pace pe planet\u0103 economiile lor ar falimenta. Tot la porunc\u0103 de peste ocean a fost f\u0103cut\u0103 harcea-parcea \u015fi Iugoslavia. \u015ei totu\u015fi, oficialii S.U.A. au obrazul gros \u015fi vorbesc \u00een continuare de falsa ap\u0103rarea a democra\u0163iei, cu toate c\u0103 \u00een spatele conflictelor etnice sau religioase din lume se afl\u0103 c\u0103tarea cinic\u0103 \u015fi minu\u0163ios calculat\u0103 a acestora. Armele s\u00eent oxigenul lor \u015fi cardul perfect de control al omenirii! Ei s-au ridicat pe dreptul pistolarului de a ucide oricum, orc\u00eend \u015fi oriunde, s-au ridicat pe segrega\u0163ie, masacre \u015fi cadavre. C\u00eet se vor mai juca ace\u015fti copii vero\u015fi cu chibriturile \u015fi cu dronele, nimeni nu ne spune! Pentru c\u0103, iat\u0103, asist\u0103m la un alt capitol negru al politicii S.U.A., provocat de grupuri de interese economice, total \u00een detrimentul unor state \u015fi chiar al cet\u0103\u0163enilor americani. Dac\u0103 nu s-ar investi sume uria\u015fe pentru \u00eenarm\u0103ri \u015fi r\u0103zboaie, omenirea ar tr\u0103i mult mai bine, ar tr\u0103i s\u0103n\u0103tos \u015fi \u00een pace.<\/p>\n<p style=\"text-align: justify;\">\n<p>Maria Diana Popescu, Agero<\/p>\n<p><a href=\"http:\/\/www.agero-stuttgart.de\/\"> www.agero-stuttgart.de<\/a><\/p>\n","protected":false},"excerpt":{"rendered":"<p>Doar n-o s\u0103 crede\u0163i c\u0103 Vladimir Putin \u015fi-a obstruat contestatarul \u00een stil\u00a0\u201eAl Capone\u201d, cu un p\u00eer-poc. Nu e at\u00eet de [&#038;hellip<\/p>\n","protected":false},"author":1,"featured_media":0,"comment_status":"closed","ping_status":"closed","sticky":false,"template":"","format":"standard","meta":{"footnotes":""},"categories":[3,6],"tags":[],"class_list":["post-21740","post","type-post","status-publish","format-standard","hentry","category-articole","category-linkuri-externe"],"_links":{"self":[{"href":"https:\/\/www.marianagurza.ro\/blog\/wp-json\/wp\/v2\/posts\/21740","targetHints":{"allow":["GET"]}}],"collection":[{"href":"https:\/\/www.marianagurza.ro\/blog\/wp-json\/wp\/v2\/posts"}],"about":[{"href":"https:\/\/www.marianagurza.ro\/blog\/wp-json\/wp\/v2\/types\/post"}],"author":[{"embeddable":true,"href":"https:\/\/www.marianagurza.ro\/blog\/wp-json\/wp\/v2\/users\/1"}],"replies":[{"embeddable":true,"href":"https:\/\/www.marianagurza.ro\/blog\/wp-json\/wp\/v2\/comments?post=21740"}],"version-history":[{"count":2,"href":"https:\/\/www.marianagurza.ro\/blog\/wp-json\/wp\/v2\/posts\/21740\/revisions"}],"predecessor-version":[{"id":21743,"href":"https:\/\/www.marianagurza.ro\/blog\/wp-json\/wp\/v2\/posts\/21740\/revisions\/21743"}],"wp:attachment":[{"href":"https:\/\/www.marianagurza.ro\/blog\/wp-json\/wp\/v2\/media?parent=21740"}],"wp:term":[{"taxonomy":"category","embeddable":true,"href":"https:\/\/www.marianagurza.ro\/blog\/wp-json\/wp\/v2\/categories?post=21740"},{"taxonomy":"post_tag","embeddable":true,"href":"https:\/\/www.marianagurza.ro\/blog\/wp-json\/wp\/v2\/tags?post=21740"}],"curies":[{"name":"wp","href":"https:\/\/api.w.org\/{rel}","templated":true}]}}