{"id":21786,"date":"2015-03-14T06:54:17","date_gmt":"2015-03-14T06:54:17","guid":{"rendered":"http:\/\/www.marianagurza.ro\/blog\/?p=21786"},"modified":"2015-03-14T06:54:17","modified_gmt":"2015-03-14T06:54:17","slug":"camelia-cristea-eu-raman","status":"publish","type":"post","link":"https:\/\/www.marianagurza.ro\/blog\/2015\/03\/14\/camelia-cristea-eu-raman\/","title":{"rendered":"Camelia Cristea: Eu r\u0103m\u00e2n"},"content":{"rendered":"<p style=\"text-align: center;\"><a href=\"http:\/\/www.marianagurza.ro\/blog\/wp-content\/uploads\/2015\/03\/Camelia-Cristea3.jpeg\"><img loading=\"lazy\" decoding=\"async\" class=\"size-full wp-image-21787\" title=\"Camelia Cristea\" src=\"http:\/\/www.marianagurza.ro\/blog\/wp-content\/uploads\/2015\/03\/Camelia-Cristea3.jpeg\" alt=\"\" width=\"184\" height=\"184\" srcset=\"https:\/\/www.marianagurza.ro\/blog\/wp-content\/uploads\/2015\/03\/Camelia-Cristea3.jpeg 184w, https:\/\/www.marianagurza.ro\/blog\/wp-content\/uploads\/2015\/03\/Camelia-Cristea3-150x150.jpg 150w\" sizes=\"auto, (max-width: 184px) 100vw, 184px\" \/><\/a><\/p>\n<p><strong>Eu r\u0103m\u00e2n<\/strong><\/p>\n<p>&nbsp;<\/p>\n<p>M\u0103 \u00eenchid \u00een poezie<br \/>\n\u0218i-n gr\u0103dinile cu flori,<br \/>\nAlinare-mi d\u0103 Cuv\u00e2ntul<br \/>\n\u0218i \u00eel caut de cu zori.<\/p>\n<p>&nbsp;<\/p>\n<p>Pres\u0103rat cu bucurie,<br \/>\nCa-n alaiul \u00eengeresc<br \/>\nVersul, pare c\u0103 rescrie<br \/>\nAnii&#8230;,ce nu-i mai g\u0103sesc&#8230;<\/p>\n<p>&nbsp;<\/p>\n<p>Din cerneala unui nor<br \/>\nMai pictez cocori \u0219i aripi,<br \/>\nPrin cuvinte am s\u0103 zbor<br \/>\nDinspre un t\u0103r\u00e2m nostalgic&#8230;<\/p>\n<p>&nbsp;<\/p>\n<p>Prin gr\u0103dina de cire\u0219e<br \/>\nColorez obraji de miri,<br \/>\nCrinolina-i pe alese&#8230;,<br \/>\nDintr-un snop de trandafiri.<\/p>\n<p>&nbsp;<\/p>\n<p>Broderia de m\u0103tase<br \/>\n\u0218i butonii pentru na\u0219i,<br \/>\nFluturii tr\u0103irii noastre<br \/>\nAu v\u0103zut c\u00e2\u021biva nunta\u0219i..<\/p>\n<p>&nbsp;<\/p>\n<p>Din buchete de scaie\u021bi<br \/>\nAm primit \u0219i am\u0103giri&#8230;,<br \/>\nDar acum, nu ne mai pas\u0103!<br \/>\nAm sc\u0103pat de uneltiri&#8230;<\/p>\n<p>&nbsp;<\/p>\n<p>Bucuria \u00een scrisoare<br \/>\nSe sf\u0103de\u0219te uneori,<br \/>\n\u0218i \u00een plin\u0103 a\u0219teptare<br \/>\nO mai trec \u0219i reci fiori&#8230;<\/p>\n<p>&nbsp;<\/p>\n<p>Eu r\u0103m\u00e2n \u00een poezie,<br \/>\nP\u00e2n la vara viitoare<br \/>\n\u0218i cu raze de speran\u021be<br \/>\nV\u0103 primesc pe fiecare.<\/p>\n<p>&nbsp;<\/p>\n<p align=\"center\"><strong>Camelia Cristea<\/strong><\/p>\n<p>&nbsp;<\/p>\n<p>&nbsp;<\/p>\n","protected":false},"excerpt":{"rendered":"<p>Eu r\u0103m\u00e2n &nbsp; M\u0103 \u00eenchid \u00een poezie \u0218i-n gr\u0103dinile cu flori, Alinare-mi d\u0103 Cuv\u00e2ntul \u0218i \u00eel caut de cu zori. [&#038;hellip<\/p>\n","protected":false},"author":1,"featured_media":0,"comment_status":"closed","ping_status":"closed","sticky":false,"template":"","format":"standard","meta":{"footnotes":""},"categories":[3],"tags":[],"class_list":["post-21786","post","type-post","status-publish","format-standard","hentry","category-articole"],"_links":{"self":[{"href":"https:\/\/www.marianagurza.ro\/blog\/wp-json\/wp\/v2\/posts\/21786","targetHints":{"allow":["GET"]}}],"collection":[{"href":"https:\/\/www.marianagurza.ro\/blog\/wp-json\/wp\/v2\/posts"}],"about":[{"href":"https:\/\/www.marianagurza.ro\/blog\/wp-json\/wp\/v2\/types\/post"}],"author":[{"embeddable":true,"href":"https:\/\/www.marianagurza.ro\/blog\/wp-json\/wp\/v2\/users\/1"}],"replies":[{"embeddable":true,"href":"https:\/\/www.marianagurza.ro\/blog\/wp-json\/wp\/v2\/comments?post=21786"}],"version-history":[{"count":2,"href":"https:\/\/www.marianagurza.ro\/blog\/wp-json\/wp\/v2\/posts\/21786\/revisions"}],"predecessor-version":[{"id":21789,"href":"https:\/\/www.marianagurza.ro\/blog\/wp-json\/wp\/v2\/posts\/21786\/revisions\/21789"}],"wp:attachment":[{"href":"https:\/\/www.marianagurza.ro\/blog\/wp-json\/wp\/v2\/media?parent=21786"}],"wp:term":[{"taxonomy":"category","embeddable":true,"href":"https:\/\/www.marianagurza.ro\/blog\/wp-json\/wp\/v2\/categories?post=21786"},{"taxonomy":"post_tag","embeddable":true,"href":"https:\/\/www.marianagurza.ro\/blog\/wp-json\/wp\/v2\/tags?post=21786"}],"curies":[{"name":"wp","href":"https:\/\/api.w.org\/{rel}","templated":true}]}}