{"id":21802,"date":"2015-03-14T15:41:52","date_gmt":"2015-03-14T15:41:52","guid":{"rendered":"http:\/\/www.marianagurza.ro\/blog\/?p=21802"},"modified":"2015-03-14T15:41:52","modified_gmt":"2015-03-14T15:41:52","slug":"franko-sicra-o-clipa-de-ratacire","status":"publish","type":"post","link":"https:\/\/www.marianagurza.ro\/blog\/2015\/03\/14\/franko-sicra-o-clipa-de-ratacire\/","title":{"rendered":"Franko Sicra: O clip\u0103 de r\u0103t\u0103cire"},"content":{"rendered":"<p style=\"text-align: center;\"><a href=\"http:\/\/www.marianagurza.ro\/blog\/wp-content\/uploads\/2015\/03\/10991221_1546572658942613_749365623368474068_n.jpg\"><img loading=\"lazy\" decoding=\"async\" class=\"size-medium wp-image-21803\" title=\"val\" src=\"http:\/\/www.marianagurza.ro\/blog\/wp-content\/uploads\/2015\/03\/10991221_1546572658942613_749365623368474068_n-300x225.jpg\" alt=\"\" width=\"300\" height=\"225\" srcset=\"https:\/\/www.marianagurza.ro\/blog\/wp-content\/uploads\/2015\/03\/10991221_1546572658942613_749365623368474068_n-300x225.jpg 300w, https:\/\/www.marianagurza.ro\/blog\/wp-content\/uploads\/2015\/03\/10991221_1546572658942613_749365623368474068_n.jpg 480w\" sizes=\"auto, (max-width: 300px) 100vw, 300px\" \/><\/a><\/p>\n<p><strong>O clip\u0103 de r\u0103t\u0103cire <\/strong><\/p>\n<p>&nbsp;<\/p>\n<p>De unde vii tu val, pribeag \u015fi c\u0103l\u0103tor,<br \/>\nDin ce \u0163inuturi popose\u015fti la mine,<br \/>\nDin care z\u0103ri purtat de dor,<br \/>\nTe odihne\u015fti \u00een ape cristaline?<\/p>\n<p>&nbsp;<\/p>\n<p>&#8220;Eu vin din largul z\u0103rilor albastre,<br \/>\nDe-acol unde p\u0103m\u00e2ntul ,cerul \u00eel s\u0103rut\u0103,<br \/>\n\u015ei port pe bra\u0163, buchet de vise-a voastre,<br \/>\n\u015ei c\u00e2ntecul de dor, ce inima fr\u0103m\u00e2nt\u0103.<\/p>\n<p>&nbsp;<\/p>\n<p>\u00cemi c\u00e2nt poemele \u00een faptul serii,<br \/>\nCe scrise-au fost, pecete-av\u00e2nd de lacrimi,<br \/>\nDe cei cunosc\u0103tori de clipele durerii,<br \/>\n\u015ei sufletului sf\u00e2\u015fiat de patimi.<\/p>\n<p>&nbsp;<\/p>\n<p>\u00ce\u0163i port \u015fi \u0163ie &#8230;din nesf\u00e2r\u015fita zare,<br \/>\nIcoana unei z\u00e2ne ce g\u00e2ndul \u0163i-a robit,<br \/>\n\u00ce\u0163i port cuv\u00e2ntul ce inima \u00eei doare ,<br \/>\n\u015ei pl\u00e2nsul ochilor, \u00een zare pribegit. &#8221;<\/p>\n<p>&nbsp;<\/p>\n<p>Offf&#8230; val pribeag&#8230; tu&#8230;val pribeag&#8230;<br \/>\nA tale lacrimi \u00een suflet mi-au p\u0103truns,<br \/>\nAu r\u0103scolit \u00een mine, al timpului vechi cheag,<br \/>\n\u015ei dorul de fiin\u0163a, acum de neatins.<\/p>\n<p>&nbsp;<\/p>\n<p>Mie dor&#8230;. mie dor de al ei z\u00e2mbet,<br \/>\nMie dor de ochii care r\u00e2deau \u00een soare,<br \/>\nMie dor de glasul ce \u00eemi c\u00e2nt\u0103-n suflet,<br \/>\nSecundele uit\u0103rii al clipei ce nu moare.<\/p>\n<p>&nbsp;<\/p>\n<p>Mi-e dor de glasul care r\u00e2dea la soare,<br \/>\n\u00cen dimine\u0163i s\u0103rutul florilor f\u0103r\u0103 de vin\u0103 ,<br \/>\nSorbind nectarul nop\u0163ii care moare,<br \/>\nDin cupa crinului care rena\u015fte \u00een lumin\u0103.<\/p>\n<p>&nbsp;<\/p>\n<p>Mi-e dor fiorul s\u0103-l mai simt, privind la stele,<br \/>\n\u00cen nop\u0163ile vis\u0103rilor \u00een doi&#8230;<br \/>\nCu suflet tremur\u00e2nd, visam s\u0103 fim \u00een ele,<br \/>\nS-avem un infinit doar pentru noi.<\/p>\n<p>&nbsp;<\/p>\n<p>Privesc \u015fi-acum la cerul plin de stele,<br \/>\n\u00cen nop\u0163i st\u00e2nd singur&#8230;. ab\u0103tut&#8230;<br \/>\nZadarnic caut&#8230; tu nu e\u015fti printre ele,<br \/>\nPustiu e totul&#8230;. \u015fi t\u0103cut&#8230;.<\/p>\n<p>&nbsp;<\/p>\n<p align=\"center\"><strong>Franko Sicra<\/strong><br \/>\nRavenna<br \/>\n14.03.2015<\/p>\n<div>\n<p align=\"center\">\n<p align=\"center\"><strong>\u00a0<\/strong><\/p>\n<p align=\"center\"><strong><br \/>\n<\/strong><\/p>\n<\/div>\n<p>&nbsp;<\/p>\n","protected":false},"excerpt":{"rendered":"<p>O clip\u0103 de r\u0103t\u0103cire &nbsp; De unde vii tu val, pribeag \u015fi c\u0103l\u0103tor, Din ce \u0163inuturi popose\u015fti la mine, Din [&#038;hellip<\/p>\n","protected":false},"author":1,"featured_media":0,"comment_status":"closed","ping_status":"closed","sticky":false,"template":"","format":"standard","meta":{"footnotes":""},"categories":[3],"tags":[],"class_list":["post-21802","post","type-post","status-publish","format-standard","hentry","category-articole"],"_links":{"self":[{"href":"https:\/\/www.marianagurza.ro\/blog\/wp-json\/wp\/v2\/posts\/21802","targetHints":{"allow":["GET"]}}],"collection":[{"href":"https:\/\/www.marianagurza.ro\/blog\/wp-json\/wp\/v2\/posts"}],"about":[{"href":"https:\/\/www.marianagurza.ro\/blog\/wp-json\/wp\/v2\/types\/post"}],"author":[{"embeddable":true,"href":"https:\/\/www.marianagurza.ro\/blog\/wp-json\/wp\/v2\/users\/1"}],"replies":[{"embeddable":true,"href":"https:\/\/www.marianagurza.ro\/blog\/wp-json\/wp\/v2\/comments?post=21802"}],"version-history":[{"count":2,"href":"https:\/\/www.marianagurza.ro\/blog\/wp-json\/wp\/v2\/posts\/21802\/revisions"}],"predecessor-version":[{"id":21805,"href":"https:\/\/www.marianagurza.ro\/blog\/wp-json\/wp\/v2\/posts\/21802\/revisions\/21805"}],"wp:attachment":[{"href":"https:\/\/www.marianagurza.ro\/blog\/wp-json\/wp\/v2\/media?parent=21802"}],"wp:term":[{"taxonomy":"category","embeddable":true,"href":"https:\/\/www.marianagurza.ro\/blog\/wp-json\/wp\/v2\/categories?post=21802"},{"taxonomy":"post_tag","embeddable":true,"href":"https:\/\/www.marianagurza.ro\/blog\/wp-json\/wp\/v2\/tags?post=21802"}],"curies":[{"name":"wp","href":"https:\/\/api.w.org\/{rel}","templated":true}]}}