{"id":21806,"date":"2015-03-14T17:44:34","date_gmt":"2015-03-14T17:44:34","guid":{"rendered":"http:\/\/www.marianagurza.ro\/blog\/?p=21806"},"modified":"2015-03-14T17:45:18","modified_gmt":"2015-03-14T17:45:18","slug":"dorina-stoica-rugaciune","status":"publish","type":"post","link":"https:\/\/www.marianagurza.ro\/blog\/2015\/03\/14\/dorina-stoica-rugaciune\/","title":{"rendered":"Dorina Stoica: Rug\u0103ciune"},"content":{"rendered":"<p style=\"text-align: center;\"><a href=\"http:\/\/www.marianagurza.ro\/blog\/wp-content\/uploads\/2015\/03\/dorina-stoica.jpg\"><img loading=\"lazy\" decoding=\"async\" class=\"size-medium wp-image-21807\" title=\"dorina stoica\" src=\"http:\/\/www.marianagurza.ro\/blog\/wp-content\/uploads\/2015\/03\/dorina-stoica-179x300.jpg\" alt=\"\" width=\"179\" height=\"300\" srcset=\"https:\/\/www.marianagurza.ro\/blog\/wp-content\/uploads\/2015\/03\/dorina-stoica-179x300.jpg 179w, https:\/\/www.marianagurza.ro\/blog\/wp-content\/uploads\/2015\/03\/dorina-stoica.jpg 267w\" sizes=\"auto, (max-width: 179px) 100vw, 179px\" \/><\/a><\/p>\n<p><strong>Rug\u0103ciune<\/strong><\/p>\n<p>&nbsp;<\/p>\n<p>Am strigat spre tine, Doamne,<\/p>\n<p>Am strigat \u00een psalmi \u015fi-n rug\u0103.<\/p>\n<p>Am strigat at\u00e2t de tare<\/p>\n<p>C\u0103 m-au luat cei r\u0103i la fug\u0103!<\/p>\n<p>&nbsp;<\/p>\n<p>De-ai citi la mine-n suflet<\/p>\n<p>\u015ei-ai \u00eenchide-a lumii gur\u0103,<\/p>\n<p>Ai vedea, o, Doamne scump,<\/p>\n<p>C\u0103 nu am pe nimeni ur\u0103!<\/p>\n<p>&nbsp;<\/p>\n<p>Iubesc din suflet fra\u0163ii,<\/p>\n<p>A\u015f vrea s\u0103 \u00eei am aproape!<\/p>\n<p>Te iubesc pe Tine, Doamne,<\/p>\n<p>Cu lacrimi fierbin\u0163i \u00een pleoape!<\/p>\n<p>&nbsp;<\/p>\n<p>Nimeni nu \u00eemi \u00een\u0163elege<\/p>\n<p>Dorul inimii \u015fi focul,<\/p>\n<p>De aceea nicaieri<\/p>\n<p>Printre ei nu-mi aflu locul.<\/p>\n<p>&nbsp;<\/p>\n<p>Alungat\u0103 dintre oameni,<\/p>\n<p>Trimit ura lor, spre mine<\/p>\n<p>Si m\u0103 prigonesc adesea,<\/p>\n<p>C\u0103nd \u00eencerc s\u0103 le fac bine.<\/p>\n<p>&nbsp;<\/p>\n<p>\u00centind m\u00e2inile a rug\u0103,<\/p>\n<p>Nu m\u0103-nchin p\u0103g\u00e2n la zei<\/p>\n<p>\u015ei te rog smerit\u0103, Doamne,<\/p>\n<p>S\u0103 nu-i pedepse\u015fti pe ei!<\/p>\n<p>&nbsp;<\/p>\n<p style=\"text-align: center;\">\u00a0<strong>Dorina Stoica<\/strong><\/p>\n<p style=\"text-align: center;\">Din vol. <strong>De la poezie la rug\u0103ciune<\/strong> (10 mai 2008)<\/p>\n","protected":false},"excerpt":{"rendered":"<p>Rug\u0103ciune &nbsp; Am strigat spre tine, Doamne, Am strigat \u00een psalmi \u015fi-n rug\u0103. Am strigat at\u00e2t de tare C\u0103 m-au [&#038;hellip<\/p>\n","protected":false},"author":1,"featured_media":0,"comment_status":"closed","ping_status":"closed","sticky":false,"template":"","format":"standard","meta":{"footnotes":""},"categories":[3],"tags":[],"class_list":["post-21806","post","type-post","status-publish","format-standard","hentry","category-articole"],"_links":{"self":[{"href":"https:\/\/www.marianagurza.ro\/blog\/wp-json\/wp\/v2\/posts\/21806","targetHints":{"allow":["GET"]}}],"collection":[{"href":"https:\/\/www.marianagurza.ro\/blog\/wp-json\/wp\/v2\/posts"}],"about":[{"href":"https:\/\/www.marianagurza.ro\/blog\/wp-json\/wp\/v2\/types\/post"}],"author":[{"embeddable":true,"href":"https:\/\/www.marianagurza.ro\/blog\/wp-json\/wp\/v2\/users\/1"}],"replies":[{"embeddable":true,"href":"https:\/\/www.marianagurza.ro\/blog\/wp-json\/wp\/v2\/comments?post=21806"}],"version-history":[{"count":3,"href":"https:\/\/www.marianagurza.ro\/blog\/wp-json\/wp\/v2\/posts\/21806\/revisions"}],"predecessor-version":[{"id":21809,"href":"https:\/\/www.marianagurza.ro\/blog\/wp-json\/wp\/v2\/posts\/21806\/revisions\/21809"}],"wp:attachment":[{"href":"https:\/\/www.marianagurza.ro\/blog\/wp-json\/wp\/v2\/media?parent=21806"}],"wp:term":[{"taxonomy":"category","embeddable":true,"href":"https:\/\/www.marianagurza.ro\/blog\/wp-json\/wp\/v2\/categories?post=21806"},{"taxonomy":"post_tag","embeddable":true,"href":"https:\/\/www.marianagurza.ro\/blog\/wp-json\/wp\/v2\/tags?post=21806"}],"curies":[{"name":"wp","href":"https:\/\/api.w.org\/{rel}","templated":true}]}}