{"id":21826,"date":"2015-03-15T08:44:59","date_gmt":"2015-03-15T08:44:59","guid":{"rendered":"http:\/\/www.marianagurza.ro\/blog\/?p=21826"},"modified":"2015-03-15T08:44:59","modified_gmt":"2015-03-15T08:44:59","slug":"iuliana-paloda-popescu-sfanta-cruce","status":"publish","type":"post","link":"https:\/\/www.marianagurza.ro\/blog\/2015\/03\/15\/iuliana-paloda-popescu-sfanta-cruce\/","title":{"rendered":"Iuliana Paloda-Popescu: Sf\u00e2nt\u0103 Cruce"},"content":{"rendered":"<p style=\"text-align: center;\"><a href=\"http:\/\/www.marianagurza.ro\/blog\/wp-content\/uploads\/2015\/03\/SF-CRUCE.jpg\"><img loading=\"lazy\" decoding=\"async\" class=\"size-medium wp-image-21827\" title=\"SF CRUCE\" src=\"http:\/\/www.marianagurza.ro\/blog\/wp-content\/uploads\/2015\/03\/SF-CRUCE-282x300.jpg\" alt=\"\" width=\"282\" height=\"300\" srcset=\"https:\/\/www.marianagurza.ro\/blog\/wp-content\/uploads\/2015\/03\/SF-CRUCE-282x300.jpg 282w, https:\/\/www.marianagurza.ro\/blog\/wp-content\/uploads\/2015\/03\/SF-CRUCE.jpg 600w\" sizes=\"auto, (max-width: 282px) 100vw, 282px\" \/><\/a><\/p>\n<p><strong>Sf\u00e2nt\u0103 Cruce<\/strong><\/p>\n<p>&nbsp;<\/p>\n<p>Sf\u00e2nt\u0103 Cruce luminat\u0103,<br \/>\nmulte lacrimi Te-au atins,<br \/>\ndar \u00eent\u00e2ia, preacurat\u0103,<br \/>\ne a Domnului Iisus!&#8230;<\/p>\n<p>&nbsp;<\/p>\n<p>R\u0103stignit pe-a lumii fa\u0163\u0103<br \/>\nDomnul moartea a \u00eenvins,<br \/>\n\u00een\u0103l\u0163\u00e2nd o alt\u0103 via\u0163\u0103<br \/>\n\u00eentru Raiul cel promis!&#8230;<\/p>\n<p>&nbsp;<\/p>\n<p>Din \u00eenalturi, Cruce vie<br \/>\nse deschide \u00een cuv\u00e2nt,<br \/>\nleag\u0103n pentru inimi fie,<br \/>\nDomnul nostru pe P\u0103m\u00e2nt!&#8230;<\/p>\n<p>&nbsp;<\/p>\n<p>Sf\u00e2nt\u0103 Cruce, du-nchinarea<br \/>\ninimilor ce s-au fr\u00e2nt<br \/>\nDomnului, pentru iertarea<br \/>\ncelor ce L-au r\u0103stignit!&#8230;<\/p>\n<p>&nbsp;<\/p>\n<p>(din volumul Iuliana Paloda-Popescu, &#8220;Dincolo de m\u0103ce\u0219ii ro\u015fii&#8221;, Editura Bibliotheca, T\u00e2rgovi\u015fte, 2006, p. 44)<\/p>\n<p>&nbsp;<\/p>\n","protected":false},"excerpt":{"rendered":"<p>Sf\u00e2nt\u0103 Cruce &nbsp; Sf\u00e2nt\u0103 Cruce luminat\u0103, multe lacrimi Te-au atins, dar \u00eent\u00e2ia, preacurat\u0103, e a Domnului Iisus!&#8230; &nbsp; R\u0103stignit pe-a [&#038;hellip<\/p>\n","protected":false},"author":1,"featured_media":0,"comment_status":"closed","ping_status":"closed","sticky":false,"template":"","format":"standard","meta":{"footnotes":""},"categories":[3],"tags":[],"class_list":["post-21826","post","type-post","status-publish","format-standard","hentry","category-articole"],"_links":{"self":[{"href":"https:\/\/www.marianagurza.ro\/blog\/wp-json\/wp\/v2\/posts\/21826","targetHints":{"allow":["GET"]}}],"collection":[{"href":"https:\/\/www.marianagurza.ro\/blog\/wp-json\/wp\/v2\/posts"}],"about":[{"href":"https:\/\/www.marianagurza.ro\/blog\/wp-json\/wp\/v2\/types\/post"}],"author":[{"embeddable":true,"href":"https:\/\/www.marianagurza.ro\/blog\/wp-json\/wp\/v2\/users\/1"}],"replies":[{"embeddable":true,"href":"https:\/\/www.marianagurza.ro\/blog\/wp-json\/wp\/v2\/comments?post=21826"}],"version-history":[{"count":2,"href":"https:\/\/www.marianagurza.ro\/blog\/wp-json\/wp\/v2\/posts\/21826\/revisions"}],"predecessor-version":[{"id":21829,"href":"https:\/\/www.marianagurza.ro\/blog\/wp-json\/wp\/v2\/posts\/21826\/revisions\/21829"}],"wp:attachment":[{"href":"https:\/\/www.marianagurza.ro\/blog\/wp-json\/wp\/v2\/media?parent=21826"}],"wp:term":[{"taxonomy":"category","embeddable":true,"href":"https:\/\/www.marianagurza.ro\/blog\/wp-json\/wp\/v2\/categories?post=21826"},{"taxonomy":"post_tag","embeddable":true,"href":"https:\/\/www.marianagurza.ro\/blog\/wp-json\/wp\/v2\/tags?post=21826"}],"curies":[{"name":"wp","href":"https:\/\/api.w.org\/{rel}","templated":true}]}}