{"id":21830,"date":"2015-03-15T09:08:23","date_gmt":"2015-03-15T09:08:23","guid":{"rendered":"http:\/\/www.marianagurza.ro\/blog\/?p=21830"},"modified":"2015-03-15T09:09:13","modified_gmt":"2015-03-15T09:09:13","slug":"virginia-vini-popescuintre-porti-de-univers","status":"publish","type":"post","link":"https:\/\/www.marianagurza.ro\/blog\/2015\/03\/15\/virginia-vini-popescuintre-porti-de-univers\/","title":{"rendered":"Virginia Vini Popescu: \u00centre por\u021bi de Univers"},"content":{"rendered":"<p style=\"text-align: center;\"><a href=\"http:\/\/www.marianagurza.ro\/blog\/wp-content\/uploads\/2015\/03\/POPESCU-V-Vini-WB.jpg\"><img loading=\"lazy\" decoding=\"async\" class=\"size-medium wp-image-21831\" title=\"POPESCU-V-Vini-WB\" src=\"http:\/\/www.marianagurza.ro\/blog\/wp-content\/uploads\/2015\/03\/POPESCU-V-Vini-WB-224x300.jpg\" alt=\"\" width=\"224\" height=\"300\" srcset=\"https:\/\/www.marianagurza.ro\/blog\/wp-content\/uploads\/2015\/03\/POPESCU-V-Vini-WB-224x300.jpg 224w, https:\/\/www.marianagurza.ro\/blog\/wp-content\/uploads\/2015\/03\/POPESCU-V-Vini-WB.jpg 600w\" sizes=\"auto, (max-width: 224px) 100vw, 224px\" \/><\/a><\/p>\n<p><strong>\u00ceNTRE POR\u0162I DE UNIVERS<\/strong><\/p>\n<p>&nbsp;<\/p>\n<p>\u00centre por\u0163i de Univers<\/p>\n<p>Gradientu-i diferit,<\/p>\n<p>Mersul are doar un sens,<\/p>\n<p>Poate fi oric\u00e2nd sorbit.<\/p>\n<p>&nbsp;<\/p>\n<p>Un triunghi apare-n fa\u0163\u0103<\/p>\n<p>Al Bermudelor, fire\u015fte,<\/p>\n<p>Via\u0163a intr\u0103-n alt\u0103 via\u0163\u0103<\/p>\n<p>Urma-ncet i se tope\u015fte.<\/p>\n<p>&nbsp;<\/p>\n<p>Alte guri \u00eenghit \u00een grab\u0103<\/p>\n<p>Orice form\u0103 de trecut,<\/p>\n<p>Universul are treab\u0103<\/p>\n<p>Pleac\u0103 \u00een necunoscut!<\/p>\n<p>&nbsp;<\/p>\n<p>&nbsp;<\/p>\n<p><strong>\u00ceNTRE CER DIN CELE NOU\u0102 !<\/strong><\/p>\n<p><strong>\u00a0<\/strong><\/p>\n<p>\u00centr-un Cer, din cele nou\u0103,<\/p>\n<p>Sunte\u0163i voi, p\u0103rin\u0163ii mei!<\/p>\n<p>Ochii mi se scald\u0103-n rou\u0103,<\/p>\n<p>M\u0103 g\u00e2ndesc din nou la Zei!<\/p>\n<p>&nbsp;<\/p>\n<p>U\u015furate de durere<\/p>\n<p>Sufletele voastre, bune,<\/p>\n<p>Graviteaz\u0103 printre stele;<\/p>\n<p>Le privesc ca pe-o minune!<\/p>\n<p>&nbsp;<\/p>\n<p>C\u00e2nd mi-e dor de voi p\u0103rin\u0163i<\/p>\n<p>V\u0103 aud glasu-n ureche;<\/p>\n<p>M\u0103 \u00eenchin, mereu, la sfin\u0163i,<\/p>\n<p>S\u0103 v\u0103 lase, tot pereche!<\/p>\n<p>&nbsp;<\/p>\n<p>&nbsp;<\/p>\n<p><strong>CAR CERESC CU FLORI DE SOARE !<\/strong><\/p>\n<p><strong>\u00a0<\/strong><\/p>\n<p>Car ceresc cu flori de Soare<\/p>\n<p>Te privesc \u00een nopti t\u00e2rzii!<\/p>\n<p>Carule frumos, Car- Mare,<\/p>\n<p>Printre flori tu plimbi copii!<\/p>\n<p>&nbsp;<\/p>\n<p>Lungul drum spre infinit<\/p>\n<p>Luminat de felinare<\/p>\n<p>Te-a f\u0103cut un car gr\u0103bit:<\/p>\n<p>Carul plin de ner\u0103bdare!<\/p>\n<p>&nbsp;<\/p>\n<p>Praful stelelor din drum<\/p>\n<p>Nu \u0163i-a tocit roata firii!<\/p>\n<p>C\u0103l\u0103torii t\u0103i, acum,<\/p>\n<p>Sunt ofranda amintirii!<\/p>\n<p>&nbsp;<\/p>\n<p>&nbsp;<\/p>\n<p><strong>DE DRAGUL LOR !<\/strong><\/p>\n<p><strong>\u00a0<\/strong><\/p>\n<p>Se schimb\u0103 flac\u0103ra \u00een nea<\/p>\n<p>\u015ei focul se transform\u0103-n iarn\u0103.<\/p>\n<p>M\u0103 tot \u00eentreab\u0103 via\u0163a mea:<\/p>\n<p>Zilele, cum au s\u0103 se cearn\u0103!?<\/p>\n<p>&nbsp;<\/p>\n<p>Albul de nea deschide rana,<\/p>\n<p>Cea\u0163a-mi acoper\u0103 privirea<\/p>\n<p>\u015ei apa neagr\u0103-mi ud\u0103 geana<\/p>\n<p>\u015ei tot mai trist\u0103-mi e g\u00e2ndirea!<\/p>\n<p>&nbsp;<\/p>\n<p>Pe raftul inimii, portrete<\/p>\n<p>Din rame de argint\u00a0 privesc.<\/p>\n<p>Cei doi p\u0103rin\u0163i cu dalbe plete<\/p>\n<p>Vor s\u0103 m\u0103 vad\u0103 c\u0103 z\u00e2mbesc!<\/p>\n<p>&nbsp;<\/p>\n<p>De dragul lor z\u00e2mbesc \u015fi c\u00e2nt,<\/p>\n<p>Tr\u0103iesc moment de reverie<\/p>\n<p>\u015ei vreau s\u0103 uit c\u0103 nu mai sunt<\/p>\n<p>\u015ei le recit\u00a0 o poezie !<\/p>\n<p>&nbsp;<\/p>\n<p>&nbsp;<\/p>\n<p><strong>BOGA\u0162I<\/strong><\/p>\n<p><strong>\u00a0<\/strong><\/p>\n<p>Boga\u0163i sunt mun\u0163ii cu verdea\u0163\u0103,<\/p>\n<p>Boga\u0163i, p\u0103rin\u0163ii cu p\u0103rin\u0163i,<\/p>\n<p>Boga\u0163i, cei ce-au f\u0103cut \u00een via\u0163\u0103,<\/p>\n<p>Din fiii \u0163\u0103rii, fii mai mul\u0163i.<\/p>\n<p>&nbsp;<\/p>\n<p>Bogat\u0103-i casa cu icoane,<\/p>\n<p>Boga\u0163i sunt oamenii -n\u0163elep\u0163i,<\/p>\n<p>Bogat\u0103, lumea cu canoane,<\/p>\n<p>Cu pruncii ei cura\u0163i \u015fi\u00a0 drep\u0163i .<\/p>\n<p>&nbsp;<\/p>\n<p>Bogat, bunicul ascultat,<\/p>\n<p>Bogat\u0103-i \u0163ara cu p\u0103m\u00e2nt,<\/p>\n<p>Bogat \u015fi omul ne\u00eentinat,<\/p>\n<p>Cel \u00eemplinit prin leg\u0103m\u00e2nt.<\/p>\n<p>&nbsp;<\/p>\n<p>Bogat e omul omenos,<\/p>\n<p>Bogat, cel care e iubit,<\/p>\n<p>Bogat e sufletul frumos,<\/p>\n<p>Ce va fi ve\u015fnic pomenit.<\/p>\n<p>&nbsp;<\/p>\n<p>&nbsp;<\/p>\n<p><strong>B\u0102RBAT ROM\u00c2N !<\/strong><\/p>\n<p><strong>\u00a0<\/strong><\/p>\n<p>B\u0103rbat rom\u00e2n ai \u00eenfruntat,<\/p>\n<p>De-a lungul vie\u0163ii milenare,<\/p>\n<p>Pe to\u0163i\u00a0 str\u0103inii ce-au c\u0103lcat<\/p>\n<p>P\u0103m\u00e2ntul pentru \u00eencercare.<\/p>\n<p>&nbsp;<\/p>\n<p>Tu ai purtat cu r\u00e2vn\u0103 hramul,<\/p>\n<p>Te-a r\u0103scolit amarul plin,<\/p>\n<p>Ai ap\u0103rat casa \u015fi neamul,<\/p>\n<p>De vitregitul lor destin.<\/p>\n<p>&nbsp;<\/p>\n<p>B\u0103rbat rom\u00e2n, frumos b\u0103rbat,<\/p>\n<p>Cu cruce -ntreag\u0103 ai fost sortit,<\/p>\n<p>\u00cen capul mesei\u00a0 a\u015fezat,<\/p>\n<p>Ca st\u00e2lp al casei nemurit!<\/p>\n<p>&nbsp;<\/p>\n<p>Tu e\u015fti \u0163\u0103ranul, \u00eemp\u0103ratul,<\/p>\n<p>\u015ei e\u015fti motivul de m\u00e2ndrie,<\/p>\n<p>Ai merite ca nimeni altul,<\/p>\n<p>St\u0103p\u00e2n \u015fi nest\u0103p\u00e2n pe glie!<\/p>\n<p>&nbsp;<\/p>\n<p>\u00cemi e\u015fti bunic, po\u0163i fi nepot,<\/p>\n<p>E\u015fti tat\u0103l meu, \u015fi fiu po\u0163i fi,<\/p>\n<p>Eu te cinstesc a\u015fa cum pot,<\/p>\n<p>P\u00e2n\u0103 \u015fi eu voi nemuri !<\/p>\n<p>Lacrima Primei Uniri<\/p>\n<p>&nbsp;<\/p>\n<p>O mare nedreptate m\u0103 fr\u0103m\u00e2nt\u0103,<\/p>\n<p>La g\u00e2ndul t\u0103u, Viteaz -Mihai,<\/p>\n<p>\u015e\u0103 nu accept ideea \u00eenfr\u00e2nt\u0103,<\/p>\n<p>Chiar dac\u0103 \u015ftiu c\u0103 e\u015fti \u00een rai.<\/p>\n<p>&nbsp;<\/p>\n<p>Eu \u00eel blestem, \u00een g\u00e2nd, pe Basta,<\/p>\n<p>C\u0103ci, \u00eenc\u0103, nu mi-am revenit,<\/p>\n<p>&nbsp;<\/p>\n<p>\u015ei nu m\u0103 \u00eempac pe lumea asta,<\/p>\n<p>C\u00e2t trupul t\u0103u\u00a0 e risipit.<\/p>\n<p>&nbsp;<\/p>\n<p>S\u0103 mori sub semnul de unire,<\/p>\n<p>\u015ei trupul\u00a0 s\u0103 \u0163i-l descompui,<\/p>\n<p>\u015ei s\u0103 r\u0103m\u00e2i f\u0103r\u0103 \u00eentregire,<\/p>\n<p>E culmea paradoxului !<\/p>\n<p>&nbsp;<\/p>\n<p>Dar, blestemat s\u0103 fie Basta<\/p>\n<p>\u015ei ve\u015fnic\u0103 s\u0103-i fie truda,<\/p>\n<p>C\u0103ci el te-a dus din lumea asta,<\/p>\n<p>Rup\u00e2ndu-\u0163i inima la Turda!<\/p>\n<p>&nbsp;<\/p>\n<p>\u0162i-am pus tablou \u00een casa mea,<\/p>\n<p>S\u0103-\u0163i fac o ve\u015fnic\u0103 cinstire,<\/p>\n<p>\u015ei m\u0103 tot rog \u00een vremea grea,<\/p>\n<p>S\u0103-\u0163i dea \u015fi Cerul -Sf\u00e2nt sl\u0103vire.<\/p>\n<p>&nbsp;<\/p>\n<p>M\u0103 \u00eenchin la candela aprins\u0103,<\/p>\n<p>Te dau copiilor \u00een dar,<\/p>\n<p>S\u0103 fie harta lor \u00eentins\u0103,<\/p>\n<p>Iar tu, \u00eenscris \u00een calendar!<\/p>\n<p>&nbsp;<\/p>\n<p>Mereu, de tine \u00eemi amintesc,<\/p>\n<p>M\u0103 dor profundele tr\u0103iri ,<\/p>\n<p>\u015ei ochii mi se umezesc<\/p>\n<p>Cu lacrima Primei Uniri!<\/p>\n<p>&nbsp;<\/p>\n<p>&nbsp;<\/p>\n<p><strong>AVRAM IANCU<\/strong><\/p>\n<p><strong>\u00a0<\/strong><\/p>\n<p>Cu Horea-n s\u00e2nge \u015fi \u00een g\u00e2nd,<\/p>\n<p>\u015ei-nv\u0103luit de dor de drept,<\/p>\n<p>La Blajul nostru, Blajul Sf\u00e2nt,<\/p>\n<p>\u015ei-a pus un tricolor pe piept.<\/p>\n<p>&nbsp;<\/p>\n<p>Simbolul luptei pentru to\u0163i,<\/p>\n<p>Pentru cei vii, pentru str\u0103buni,<\/p>\n<p>Glasul lui Iancu, dintre mo\u0163i,<\/p>\n<p>R\u0103sun\u0103-n suflet de rom\u00e2ni !<\/p>\n<p>&nbsp;<\/p>\n<p>Ecoul lui \u015fi azi se aude,<\/p>\n<p>Din strig\u0103t de c\u0103dere-n moarte,<\/p>\n<p>Din via\u0163a celui ce se-ascunde,<\/p>\n<p>Spre neuitare-n g\u00e2nd \u015fi fapte!<\/p>\n<p>&nbsp;<\/p>\n<p>&nbsp;<\/p>\n<p><strong>AZILUL DE B\u0102TR\u00c2NI<\/strong><\/p>\n<p><strong>\u00a0<\/strong><\/p>\n<p>Mame pl\u0103p\u00e2nde, b\u0103tr\u00e2ni ta\u0163i,<\/p>\n<p>C\u00e2ndva frumo\u015fi \u015fi p\u0103rin\u0163i buni,<\/p>\n<p>Fe\u0163e de sfin\u0163i \u00eendurera\u0163i,<\/p>\n<p>P\u0103zesc Azilul de b\u0103tr\u00e2ni.<\/p>\n<p>&nbsp;<\/p>\n<p>Nici nu mai \u015ftiu dac\u0103 mai au<\/p>\n<p>Vre-un frate-n via\u0163\u0103, sau vecin,<\/p>\n<p>Nici bun\u0103 ziua nu mai dau,<\/p>\n<p>Marca\u0163i pe veci de-acest destin.<\/p>\n<p>&nbsp;<\/p>\n<p>Supu\u015fi ai tuturor, la toate,<\/p>\n<p>Copii, ai nim\u0103nui, r\u0103ma\u015fi,<\/p>\n<p>C\u00e2nd umili\u0163i sunt c\u00e2t se poate<\/p>\n<p>Nu recunosc c\u0103 au urma\u015fi.<\/p>\n<p>&nbsp;<\/p>\n<p>&nbsp;<\/p>\n<p><strong>RUG\u0102MINTE C\u0102TRE CEL CE PLEAC\u0102<\/strong><\/p>\n<p><strong>\u00a0<\/strong><\/p>\n<p>E\u015fti ultimul plecat al lumii,<\/p>\n<p>Cel ce se-ndreapt\u0103 c\u0103tre ai mei,<\/p>\n<p>De-mi \u00eent\u00e2lne\u015fti cumva str\u0103bunii,<\/p>\n<p>S\u0103 \u00eemi duci smerenia la ei !<\/p>\n<p>&nbsp;<\/p>\n<p>\u00cen lumea lor nevinovat\u0103,<\/p>\n<p>S\u0103 duci tu vestea c\u0103 sunt bine,<\/p>\n<p>La a mea mam\u0103, al meu tat\u0103,<\/p>\n<p>Tu s\u0103 le spui ce se cuvine :<\/p>\n<p>&nbsp;<\/p>\n<p>C\u0103-i\u00a0 rog\u00a0 privind spre steaua\u00a0 lor,<\/p>\n<p>Ca\u00a0 grija mea s\u0103 n-o mai poarte,<\/p>\n<p>S\u0103 nu mai duc\u0103 al meu dor,<\/p>\n<p>C\u0103 prea le-au dus p\u00e2n\u0103 la moarte !<\/p>\n<p>&nbsp;<\/p>\n<p>&nbsp;<\/p>\n<p><strong>SE SCRIE PE NISIPUL VIE\u0162II !<\/strong><\/p>\n<p><strong>\u00a0<\/strong><\/p>\n<p>Se scrie pe nisipul vie\u0163ii<\/p>\n<p>O urma cu creion tocit,<\/p>\n<p>Printre granulele drept\u0103\u0163ii<\/p>\n<p>Scoicile r\u00e2d la asfin\u0163it.<\/p>\n<p>&nbsp;<\/p>\n<p>Un v\u00e2nt omoar\u0103 str\u0103duin\u0163\u0103<\/p>\n<p>\u015ei o transform\u0103 \u00een nimic,<\/p>\n<p>Munca depus\u0103 cu credin\u0163\u0103<\/p>\n<p>E loteria dintr-un plic.<\/p>\n<p>&nbsp;<\/p>\n<p>Ciclul de scris \u015fi spulberare<\/p>\n<p>Se tot reia la nesf\u00e2r\u015fit.<\/p>\n<p>C\u00e2nd e urmat de fiecare,<\/p>\n<p>Pentru moment e fericit !<\/p>\n<p>&nbsp;<\/p>\n<p>&nbsp;<\/p>\n<p><strong>PRIN SUFLET<\/strong><\/p>\n<p><strong>\u00a0<\/strong><\/p>\n<p>&nbsp;<\/p>\n<p>Prin sufletu-mi m\u0103 r\u0103t\u0103cesc,<\/p>\n<p>Cu voia lui sau pe furi\u015f,<\/p>\n<p>S\u0103 vad ce pot s\u0103 mai iubesc<\/p>\n<p>Dar mi se pare un h\u0103\u0163i\u015f.<\/p>\n<p>&nbsp;<\/p>\n<p>Prin\u00a0 forme mult prea \u00eencurcate,<\/p>\n<p>Prin labirint \u00eentortocheat,<\/p>\n<p>Prin cutele lui prea cutate,<\/p>\n<p>Nu mai v\u0103d calea de urmat,<\/p>\n<p>&nbsp;<\/p>\n<p>\u015ei m\u0103 retrag cu g\u00e2ndul bun,<\/p>\n<p>C\u0103 m-a l\u0103sat \u00een voia mea,<\/p>\n<p>S\u0103 hoin\u0103resc ca un nebun,<\/p>\n<p>S\u0103 m\u0103 r\u0103sf\u0103\u0163 prin casa sa !<\/p>\n<p>&nbsp;<\/p>\n<p>&nbsp;<\/p>\n<p><strong>SE RECUNOSC PRIN TESTAMENTE !<\/strong><\/p>\n<p><strong>\u00a0<\/strong><\/p>\n<p>Tr\u0103im din plin f\u0103r\u0103 frecven\u0163a,<\/p>\n<p>Ce-n tot\u00a0 \u015fi toate a\u00a0 p\u0103truns,<\/p>\n<p>Azi se contest\u0103\u00a0 eviden\u0163a,<\/p>\n<p>Nemeritul este de-ajuns !<\/p>\n<p>&nbsp;<\/p>\n<p>Devine crez na\u0163ional,<\/p>\n<p>Cu fiecare zi ce trece,<\/p>\n<p>C\u0103 demnitatea-i \u00een zadar,<\/p>\n<p>C\u0103 r\u00e2sul lumii-i nota zece.<\/p>\n<p>&nbsp;<\/p>\n<p>Cei mici pricep, acum, \u00een grab\u0103,<\/p>\n<p>Cum, c\u0103 b\u0103tr\u00e2nii\u00a0 sunt \u00een plus,<\/p>\n<p>C\u00e2nd\u00a0 nimeni nu \u00eei mai \u00eentreab\u0103,<\/p>\n<p>De unde vin, unde s-au dus.<\/p>\n<p>&nbsp;<\/p>\n<p>Devin ur\u00e2\u0163i \u015fi-s, realmente,<\/p>\n<p>\u00censtr\u0103ina\u0163i prin necinstire,<\/p>\n<p>Se recunosc prin testamente,<\/p>\n<p>C\u00e2nd sunt chema\u0163i la mo\u015ftenire!<\/p>\n<p>&nbsp;<\/p>\n<p>&nbsp;<\/p>\n<p><strong>ADESEA<\/strong><\/p>\n<p><strong>\u00a0<\/strong><\/p>\n<p>Adesea m\u0103 surprind\u00a0 tr\u0103ind,<\/p>\n<p>Ceva ciudat \u00eemi pare via\u0163a,<\/p>\n<p>\u015ei m\u0103 trezesc iar\u0103\u015fi g\u00e2ndind,<\/p>\n<p>C\u0103ci repede se rupe a\u0163a\u00a0!<\/p>\n<p>&nbsp;<\/p>\n<p>\u00cen lungi discu\u0163ii de t\u0103cere,<\/p>\n<p>Vorbesc cu g\u00e2ndul tuturor,<\/p>\n<p>Nevorba mi se pare miere,<\/p>\n<p>T\u0103cerile profund m\u0103 dor.<\/p>\n<p>&nbsp;<\/p>\n<p>E dificil s\u0103 po\u0163i cuprinde<\/p>\n<p>Cu aripa de vis b\u0103tut\u0103<\/p>\n<p>Imensitatea ce se-ntinde<\/p>\n<p>\u00centre ce vrei \u015fi lumea mut\u0103.<\/p>\n<p>&nbsp;<\/p>\n<p>&nbsp;<\/p>\n<p><strong>COPIL\u0102RIA, FRUMOAS\u0102 Z\u00c2N\u0102<\/strong><\/p>\n<p><strong>\u00a0<\/strong><\/p>\n<p>Frumoasa z\u00e2n\u0103 din poveste<\/p>\n<p>Ce-n primii ani ne face rai<\/p>\n<p>Pleac\u0103 din tine f\u0103r\u0103 veste,<\/p>\n<p>Tocmai c\u00e2nd fericit erai.<\/p>\n<p>&nbsp;<\/p>\n<p>Sub un s\u0103rut plin de decen\u0163\u0103,<\/p>\n<p>\u0162i-a prins \u00een vis numai cununi,<\/p>\n<p>\u0162i-a dat frumoasa inocen\u0163\u0103<\/p>\n<p>Ea, f\u0103c\u0103toarea de minuni\u00a0!<\/p>\n<p>&nbsp;<\/p>\n<p>Cu pa\u015fi vioi de ani \u015fi zile,<\/p>\n<p>Alearg\u0103 c\u0103tre un alt plai ,<\/p>\n<p>Ram\u00e2ne sf\u00e2nt\u0103 pentru tine,<\/p>\n<p>V\u00e2rsta pe care n-o mai ai\u00a0!<\/p>\n<p>&nbsp;<\/p>\n<p>\u015ei\u00a0 pleac\u0103 f\u0103r\u0103 remu\u015fcare,<\/p>\n<p>L\u0103s\u00e2nd \u00een urm\u0103 nostalgie,<\/p>\n<p>Se bucur\u0103 c-ai ajuns mare,<\/p>\n<p>Iubita ta \u2026 copil\u0103rie.<\/p>\n<p>&nbsp;<\/p>\n<p>&nbsp;<\/p>\n<p><strong>OPRI\u0162I COMA, DRAGII MEI !<\/strong><\/p>\n<p><strong>\u00a0<\/strong><\/p>\n<p>\u00cenv\u0103luit\u0103 \u00een\u00a0 durere<\/p>\n<p>Zace, de ni\u015fte ani, la pat.<\/p>\n<p>Abandonat\u0103, cred c\u0103 piere,<\/p>\n<p>\u00centr-un spital demult uitat.<\/p>\n<p>&nbsp;<\/p>\n<p>Patul \u00eei poate fi de moarte,<\/p>\n<p>Respir\u0103 cu un aparat<\/p>\n<p>Frumoasa z\u00e2n\u0103 care poate<\/p>\n<p>S\u0103 te salveze de p\u0103cat.<\/p>\n<p>&nbsp;<\/p>\n<p>Opri\u0163i-i coma dragii mei,<\/p>\n<p>\u015ei nu l\u0103sa\u0163i s\u0103 moara cartea!<\/p>\n<p>S\u0103ri\u0163i \u00een ajutorul ei,<\/p>\n<p>C\u0103ci, eu girez,c\u0103 v\u0103 d\u0103 partea!<\/p>\n<p>S\u0103 ne \u00eenrol\u0103m \u00een pace !<\/p>\n<p>&nbsp;<\/p>\n<p>Poate sa fie chiar potop,<\/p>\n<p>Precum se crede\u00a0 prin popor,<\/p>\n<p>C\u0103ci totul pare f\u0103r\u0103 scop,<\/p>\n<p>Pe-acest P\u0103m\u00e2nt, \u00eent\u00e2mpl\u0103tor!<\/p>\n<p>&nbsp;<\/p>\n<p>Se surp\u0103 Ateneul P\u0103cii,<\/p>\n<p>Se pr\u0103bu\u015fesc valori, \u00een zare,<\/p>\n<p>\u015ei nu se \u015ftie costul b\u0103rcii,<\/p>\n<p>\u015ei dac\u0103 Noe mai apare !<\/p>\n<p>&nbsp;<\/p>\n<p>S\u0103-nving\u0103 via\u0163a, c\u0103-i minune!<\/p>\n<p>S\u0103 auzim tunul cum tace!<\/p>\n<p>Doar Imnul Terrei s\u0103 r\u0103sune<\/p>\n<p>\u015ei s\u0103 ne \u00eenrol\u0103m \u00een pace!<\/p>\n<p>&nbsp;<\/p>\n<p>&nbsp;<\/p>\n<p><strong>POEM PENTRU MAMA<\/strong><\/p>\n<p><strong>\u00a0<\/strong><\/p>\n<p>Mama drag\u0103 mi s-a dus,<\/p>\n<p>Undeva, \u00een alt\u0103 lume,<\/p>\n<p>Unde soarele a apus<\/p>\n<p>\u015ei to\u0163i, cei, au doar un nume.<\/p>\n<p>&nbsp;<\/p>\n<p>Azi triste\u0163ea ei m\u0103 plou\u0103,<\/p>\n<p>O durere m\u0103 \u00eenghea\u0163\u0103,<\/p>\n<p>Sufletul mi-i plin de rou\u0103,<\/p>\n<p>Cea\u0163a cade peste via\u0163\u0103.<\/p>\n<p>&nbsp;<\/p>\n<p>\u00cemi e team\u0103 c\u00e2nd \u015fi c\u00e2nd,<\/p>\n<p>Nu de timp c\u0103 m-ar \u00eenfr\u00e2nge,<\/p>\n<p>Ci c\u0103 mama, \u015fi-n morm\u00e2nt,<\/p>\n<p>Pentru mine, poate, pl\u00e2nge!<\/p>\n<p>&nbsp;<\/p>\n<p align=\"center\"><strong><em>Virginia Vini POPESCU<\/em><\/strong><\/p>\n<p align=\"center\"><strong><em>\u00a0<\/em><\/strong><\/p>\n<p align=\"center\"><strong><em>*<\/em><\/strong><\/p>\n<p>&nbsp;<\/p>\n<p>&nbsp;<\/p>\n<p style=\"text-align: justify;\"><strong><em>Virginia Vini POPESCU<\/em><\/strong><em>, profesoar\u0103 de Fizic\u0103-Chimie, doctor \u00een Fizic\u0103, poet\u0103, n\u0103scut\u0103 \u00een localitatea Scurtu-Mare, jude\u0163ul Teleorman, la data de 10 iunie 1952. Absolvent\u0103 a\u00a0 Universit\u0103\u0163ii \u201eAl. I. Cuza\u201d, Ia\u015fi, precum \u015fi a mai multor cursuri postuniversitare cu specializ\u0103ri \u00een domeniile:\u00a0 Mangement Educa\u0163ional, \u015etiin\u0163ele Educa\u0163iei,\u00a0 Fizic\u0103 Atomic\u0103 \u015fi Nuclear\u0103. Este membr\u0103 a\u00a0 Societ\u0103\u0163ii Europene de Fizic\u0103 \u015fi a Societ\u0103\u0163ii\u00a0 Rom\u00e2ne de Fizic\u0103. Autor de programe \u015fcolare, evaluator na\u0163ional al manualelor alternative de Fizic\u0103, formator na\u0163ional pentru Fizic\u0103 \u015fi interdisciplinar, expert al Agen\u0163iei Rom\u00e2ne pentru Asigurarea Calit\u0103\u0163ii \u00een \u00cenv\u0103\u0163\u0103m\u00e2ntul Preuniversitar.<\/em><\/p>\n<p style=\"text-align: justify;\"><em>\u00a0<\/em><\/p>\n<p style=\"text-align: justify;\"><em>Are publica\u0163ii \u00een domeniul Fizicii, \u00een reviste de prestigiu din \u0163ar\u0103 \u015fi str\u0103in\u0103tate, printre care: Journal of Applied Physics,\u00a0 IEEE, Plasma Science, Romanian Reports in Physics- Editura Academiei Romane, Analele Universit\u0103\u0163ii Bucure\u015fti, Revista de Fizica pentru \u00cenv\u0103\u0163\u0103m\u00e2ntul Preuniversitar \u201eCygnus\u201d, Revista de Fizic\u0103 \u2013Chimie pentru licee \u201eDelta\u201d, Revista\u00a0 de Fizic\u0103 \u201eEvrika\u201d.<\/em><\/p>\n<p style=\"text-align: justify;\"><em>\u00a0<\/em><\/p>\n<p style=\"text-align: justify;\"><em>Pentru activitatea \u015ftiin\u0163ific\u0103 desf\u0103\u015furat\u0103 \u015fi aportul la cercetarea \u015ftiin\u0163ific\u0103 din Rom\u00e2nia,\u00a0 a primit: distinc\u0163ii, ordine, diplome, grada\u0163ii, printre care se num\u0103r\u0103:\u00a0 Ordinul \u201eMeritul pentru \u00cenv\u0103\u0163\u0103m\u00e2nt\u00a0 \u00een Grad de Cavaler,,\u00a0 conferit\u00a0\u00a0 de\u00a0 Pre\u015fedintele Rom\u00e2niei\u00a0 prin\u00a0 Decretul\u00a0 Nr.1097\/ 10.12.2004,\u00a0 Diploma \u201eGheorghe Laz\u0103r Clasa I\u201d conferit\u0103 de\u00a0 Ministrul Educa\u0163iei, Cercet\u0103rii \u015fi Tineretului prin OMECT Nr.1315 \/ 15.06.2007.<\/em><\/p>\n<p style=\"text-align: justify;\"><em>\u00a0<\/em><\/p>\n<p style=\"text-align: justify;\"><em>Asupra activit\u0103\u0163ii sale profesionale fac referire: antologii, dic\u0163ionare, reviste de cultur\u0103, universit\u0103\u0163i colaboratoare, oameni de \u015ftiin\u0163\u0103 \u015fi cultur\u0103, cadre didactice universitare.\u00a0 Exemplificare : Stan V. Cristea &#8211; Dic\u0163ionarul Bibliografic al Jude\u0163ului Teleorman,\u00a0 Cultura, Arta, \u015etiin\u0163\u0103, Editura Teleormanul Liber 1996; Olteanu Gheorghe- Dasc\u0103li de pe valea Cl\u0103ni\u0163ei, Editura Velox\u00a0 2011; Universit\u0103\u0163ile din: Ia\u015fi, Craiova, Bucure\u015fti. <\/em><\/p>\n<p style=\"text-align: justify;\"><em>\u00a0\u00a0\u00a0\u00a0\u00a0\u00a0\u00a0\u00a0\u00a0\u00a0 <\/em><\/p>\n<p style=\"text-align: justify;\"><em>Public\u0103 poezii \u00een diferite reviste cultur\u0103 din \u0163ar\u0103 \u015fi din str\u0103in\u0103tate, \u00een reviste scrise \u015fi\u00a0 on-line, agen\u0163ii \u015fi grupuri media, precum: Revista Confluen\u0163e Literare, Starpress International,\u00a0 Singur, ProLitera (Germania), Clipa (USA), Observatorul (Canada), Antipozi (Australia), Armonii Culturale, Repere Educa\u0163ionale, Rexlibris Media Group (Australia), \u00a0A\u015fii Rom\u00e2ni (Germania).<\/em><\/p>\n<p style=\"text-align: justify;\"><em>\u00a0<\/em><\/p>\n<p style=\"text-align: justify;\"><em>Are poezii publicate \u00een antologiile: <\/em><\/p>\n<p style=\"text-align: justify;\"><em>&#8211; Antologia de poezie \u201eSimbioze Lirice\u201d vol 7, Editura Anamarol, 2014<\/em><\/p>\n<p style=\"text-align: justify;\"><em>&#8211; Antologia literar \u2013artistic\u0103 \u201eMierle \u00eentr-un lan cu maci\u201d, Editura Napoca -Nova, 2014<\/em><\/p>\n<p style=\"text-align: justify;\"><em>&#8211; Antologia \u201eLimba nostr\u0103 cea rom\u00e2n\u0103\u201d, Starpress, 2014, Editura Olimpias<\/em><\/p>\n<p style=\"text-align: justify;\"><em>&#8211; Antologia de poezie \u201eSimbioze Lirice\u201d, Vol 8, Editura Anamarol, 2014<\/em><\/p>\n<p style=\"text-align: justify;\"><em>&#8211; Volumul colectiv de versuri, \u00een memoria lui Adrian P\u0103unescu, Editura Dandes Press, 2014.<\/em><\/p>\n<p style=\"text-align: justify;\"><em>\u00a0<\/em><\/p>\n<p style=\"text-align: justify;\"><em>La Concursul Interna\u0163ional de Poezie \u201eStarpress Interna\u0163ional 2014\u201d a ob\u0163inut\u00a0 men\u0163iune. <\/em><\/p>\n<p style=\"text-align: justify;\">\n","protected":false},"excerpt":{"rendered":"<p>\u00ceNTRE POR\u0162I DE UNIVERS &nbsp; \u00centre por\u0163i de Univers Gradientu-i diferit, Mersul are doar un sens, Poate fi oric\u00e2nd sorbit. [&#038;hellip<\/p>\n","protected":false},"author":1,"featured_media":0,"comment_status":"closed","ping_status":"closed","sticky":false,"template":"","format":"standard","meta":{"footnotes":""},"categories":[3],"tags":[],"class_list":["post-21830","post","type-post","status-publish","format-standard","hentry","category-articole"],"_links":{"self":[{"href":"https:\/\/www.marianagurza.ro\/blog\/wp-json\/wp\/v2\/posts\/21830","targetHints":{"allow":["GET"]}}],"collection":[{"href":"https:\/\/www.marianagurza.ro\/blog\/wp-json\/wp\/v2\/posts"}],"about":[{"href":"https:\/\/www.marianagurza.ro\/blog\/wp-json\/wp\/v2\/types\/post"}],"author":[{"embeddable":true,"href":"https:\/\/www.marianagurza.ro\/blog\/wp-json\/wp\/v2\/users\/1"}],"replies":[{"embeddable":true,"href":"https:\/\/www.marianagurza.ro\/blog\/wp-json\/wp\/v2\/comments?post=21830"}],"version-history":[{"count":3,"href":"https:\/\/www.marianagurza.ro\/blog\/wp-json\/wp\/v2\/posts\/21830\/revisions"}],"predecessor-version":[{"id":21833,"href":"https:\/\/www.marianagurza.ro\/blog\/wp-json\/wp\/v2\/posts\/21830\/revisions\/21833"}],"wp:attachment":[{"href":"https:\/\/www.marianagurza.ro\/blog\/wp-json\/wp\/v2\/media?parent=21830"}],"wp:term":[{"taxonomy":"category","embeddable":true,"href":"https:\/\/www.marianagurza.ro\/blog\/wp-json\/wp\/v2\/categories?post=21830"},{"taxonomy":"post_tag","embeddable":true,"href":"https:\/\/www.marianagurza.ro\/blog\/wp-json\/wp\/v2\/tags?post=21830"}],"curies":[{"name":"wp","href":"https:\/\/api.w.org\/{rel}","templated":true}]}}