{"id":21839,"date":"2015-03-15T11:48:14","date_gmt":"2015-03-15T11:48:14","guid":{"rendered":"http:\/\/www.marianagurza.ro\/blog\/?p=21839"},"modified":"2015-03-15T11:48:14","modified_gmt":"2015-03-15T11:48:14","slug":"daniela-gifu-ma-cheama-singuratatea-versuri","status":"publish","type":"post","link":"https:\/\/www.marianagurza.ro\/blog\/2015\/03\/15\/daniela-gifu-ma-cheama-singuratatea-versuri\/","title":{"rendered":"Daniela Gifu: M\u0103 cheam\u0103 singur\u0103tatea (versuri)"},"content":{"rendered":"<p style=\"text-align: center;\"><a href=\"http:\/\/www.marianagurza.ro\/blog\/wp-content\/uploads\/2015\/03\/SL11-GHIFU-Daniela2-br.jpg\"><img loading=\"lazy\" decoding=\"async\" class=\"size-medium wp-image-21840\" title=\"SL11-GHIFU-Daniela2-br\" src=\"http:\/\/www.marianagurza.ro\/blog\/wp-content\/uploads\/2015\/03\/SL11-GHIFU-Daniela2-br-225x300.jpg\" alt=\"\" width=\"225\" height=\"300\" srcset=\"https:\/\/www.marianagurza.ro\/blog\/wp-content\/uploads\/2015\/03\/SL11-GHIFU-Daniela2-br-225x300.jpg 225w, https:\/\/www.marianagurza.ro\/blog\/wp-content\/uploads\/2015\/03\/SL11-GHIFU-Daniela2-br.jpg 600w\" sizes=\"auto, (max-width: 225px) 100vw, 225px\" \/><\/a><\/p>\n<p><strong>MAMA<\/strong><\/p>\n<p>&nbsp;<\/p>\n<p>Plecat-am cu firescul,<\/p>\n<p>condus\u0103 \u00een umbrire de chipul mamei.<\/p>\n<p>F\u0103r\u0103 z\u00e2mbet, f\u0103r\u0103 \u00eenl\u0103crimare.<\/p>\n<p>Doar o t\u0103cere prin m\u0103rturiile copil\u0103riei mele.<\/p>\n<p>&nbsp;<\/p>\n<p>O caut mereu<\/p>\n<p>\u00een momentele cer\u015finde de m\u00e2ng\u00e2iere.<\/p>\n<p>Nicic\u00e2nd nu \u00eent\u00e2rzie s\u0103 apar\u0103.<\/p>\n<p>M\u0103 petrece peste durere<\/p>\n<p>o clip\u0103, o zi, o eternitate.<\/p>\n<p>&nbsp;<\/p>\n<p>O cuprindere tulbur\u0103toare<\/p>\n<p>intensific\u0103 bucuria str\u0103daniei mele.<\/p>\n<p>Fiecare nou\u0103 stare de con\u015ftiin\u0163\u0103<\/p>\n<p>fermenteaz\u0103 \u00een fiin\u0163a mea<\/p>\n<p>solid\u0103, rezistent\u0103,<\/p>\n<p>preg\u0103tit\u0103 s\u0103 se armonizeze cu Cerul.<\/p>\n<p>&nbsp;<\/p>\n<p>Revederile&#8230;<\/p>\n<p>pu\u0163ine, pasagere, str\u0103ine,<\/p>\n<p>\u00een pas cu oprelile<\/p>\n<p>prin sta\u0163iile \u00eenc\u0103rcate de \u015federe.<\/p>\n<p>\u015ei&#8230; pulsul \u00eengreunatelor sufl\u0103ri<\/p>\n<p>de amintiri, speran\u0163e \u015fi ecouri<\/p>\n<p>trezesc \u00een mine dorul de Acas\u0103.<\/p>\n<p>&nbsp;<\/p>\n<p>&nbsp;<\/p>\n<p><strong>NU-MI R\u0102M\u00c2NE DEC\u00c2T STRIG\u0102TUL<\/strong><\/p>\n<p>&nbsp;<\/p>\n<p>M-am cunoscut la vreme de boal\u0103,<\/p>\n<p>strig\u00e2nd ajutor m\u0103nat de trecere.<\/p>\n<p>Rug\u0103ciunile, un puhoi de lacrimi uscate.<\/p>\n<p>Sub privirea divin\u0103,<\/p>\n<p>r\u0103m\u00e2neau mute la poarta \u00eengerilor.<\/p>\n<p>&nbsp;<\/p>\n<p>\u00cemi p\u0103reau c\u0103 r\u00e2d de murirea mea,<\/p>\n<p>cunoscut\u0103 acum cu sim\u0163irea.<\/p>\n<p>Da, lumea murea \u015fi \u00eenvia la p\u0103sul \u00eengerilor&#8230;<\/p>\n<p>Eu \u00eei tr\u0103dasem de prea multe ori<\/p>\n<p>ca s\u0103 m\u0103 aud\u0103.<\/p>\n<p>&nbsp;<\/p>\n<p>Sufletul,<\/p>\n<p>singurul care adulmeca t\u0103r\u00e2mul cu aripi,<\/p>\n<p>unde nu cutezase s\u0103-l cuprind\u0103 g\u00e2ndul,<\/p>\n<p>deschis \u00een neajunsurile lui c\u0103l\u0103toare,<\/p>\n<p>la poarta \u00eengerilor,<\/p>\n<p>strig\u00e2nd \u00eencontinuu.<\/p>\n<p>&nbsp;<\/p>\n<p>&nbsp;<\/p>\n<p><strong>SPER\u00c2ND LA O SLUJB\u0102<\/strong><\/p>\n<p>&nbsp;<\/p>\n<p>M-am trezit \u00eentr-o balt\u0103 de s\u00e2nge.<\/p>\n<p>Deasupra, o \u00eengem\u0103nare heruvimic\u0103,<\/p>\n<p>singura speran\u0163\u0103 la binecuv\u00e2ntare.<\/p>\n<p>Apoi un c\u00e2ntec trist<\/p>\n<p>de clopot cuprins de rugin\u0103.<\/p>\n<p>&nbsp;<\/p>\n<p>Din c\u00e2nd \u00een c\u00e2nd<\/p>\n<p>g\u0103uri de pustiire,<\/p>\n<p>ca o z\u0103cere la odihn\u0103.<\/p>\n<p>Pu\u0163ine \u00een anii cere\u015fti,<\/p>\n<p>pe care-i priveam<\/p>\n<p>cu ochi \u00eensetat de dor de feti\u015fcan\u0103.<\/p>\n<p>&nbsp;<\/p>\n<p>Nu mai pot ascunde<\/p>\n<p>multul nisipos al dezm\u0103\u0163ului lumesc,<\/p>\n<p>se \u00eentrevede abisul ce-mi \u00eenfioar\u0103 vlaga.<\/p>\n<p>&nbsp;<\/p>\n<p>R\u0103m\u00e2ne a\u015fteptarea<\/p>\n<p>ast\u00e2mp\u0103r\u0103rii setei de m\u00e2ng\u00e2iere.<\/p>\n<p>Privesc \u00een \u00een\u015fel\u0103toarea-mi oglind\u0103,<\/p>\n<p>ieri \u00eemi vorbise de iubire,<\/p>\n<p>\u00eemi veghease zbaterile tinere\u0163ii,<\/p>\n<p>\u00eemi ascultase<\/p>\n<p>dorurile,<\/p>\n<p>sud\u0103lmile,<\/p>\n<p>rugile,<\/p>\n<p>\u015fi, poate,<\/p>\n<p>iert\u0103ciunile.<\/p>\n<p>Acum o cuprindere \u00eentre cer \u015fi p\u0103m\u00e2nt,<\/p>\n<p>o negociere&#8230;<\/p>\n<p>ce nu se \u015ftie \u00eencotro m\u0103 va duce.<\/p>\n<p>&nbsp;<\/p>\n<p>&nbsp;<\/p>\n<p><strong>DE-A\u015e PUTEA A M\u0102 \u00ceNTOARCE<\/strong><\/p>\n<p>&nbsp;<\/p>\n<p>\u00cen noaptea asta de-nceput de an,<\/p>\n<p>rece, nins\u0103, n\u0103r\u0103va\u015f\u0103,<\/p>\n<p>ca gura iubitului \u00een ceas de-mpreunare,<\/p>\n<p>a\u015ftept de\u015fteptarea ascult\u0103rii curate,<\/p>\n<p>\u00eempotriva neast\u00e2mp\u0103rului pierdut.<\/p>\n<p>&nbsp;<\/p>\n<p>Nu mai am timp de \u00eempotrivire,<\/p>\n<p>pasul s-a \u00eengreunat de la bocancul \u00eenz\u0103pezit<\/p>\n<p>la c\u0103lc\u0103tura \u00eempotriva v\u00e2ntului aspru,<\/p>\n<p>f\u0103r\u0103 de iertare.<\/p>\n<p>&nbsp;<\/p>\n<p>M\u0103-ntorc pe drumul ce se \u00eendep\u0103rtase de lumin\u0103.<\/p>\n<p>E plin de urme \u015fterse \u015fi pline de \u00eempotrivire.<\/p>\n<p>\u00cencerc s\u0103-mi deslu\u015fesc urma,<\/p>\n<p>sub privirea lunii \u00eenfiorat\u0103 \u00een argintirea gerului,<\/p>\n<p>\u00eentoars\u0103 de \u00eenvolburarea multelor ore peste abis.<\/p>\n<p>&nbsp;<\/p>\n<p>Dar&#8230; nu mai e.<\/p>\n<p>S-au a\u015fternut peste ea amintirile clipelor brumate.<\/p>\n<p>Pas cu pas,<\/p>\n<p>vorb\u0103 cu vorb\u0103,<\/p>\n<p>ca dorurile unui sf\u00e2r\u015fit de gerar<\/p>\n<p>printre offurile ne\u015ftiute ale \u00eentunericului.<\/p>\n<p>&nbsp;<\/p>\n<p>&nbsp;<\/p>\n<p><strong>VREAU S\u0102 M\u0102 ROG<\/strong><strong><\/strong><\/p>\n<p>&nbsp;<\/p>\n<p>Nu dorm de mult\u0103 vreme.<\/p>\n<p>Am uitat de c\u00e2nd.<\/p>\n<p>Sub \u00eenvolburarea nelini\u015ftii sf\u00e2r\u015fitului,<\/p>\n<p>care r\u0103scole\u015fte \u00eemprejurul.<\/p>\n<p>&nbsp;<\/p>\n<p>\u00cemi vin \u00een minte vorbele unei rug\u0103ciuni,<\/p>\n<p>auzite sear\u0103 de sear\u0103 \u00een copil\u0103rie.<\/p>\n<p>Spre \u00eenserare,<\/p>\n<p>c\u00e2nd or\u0103t\u0103niile se retr\u0103geau \u00een cotene\u0163e,<\/p>\n<p>glasul de mul\u0163umire al bunicii<\/p>\n<p>pentru clipele de respirare<\/p>\n<p>\u015fi \u00eembuc\u0103turile curate.<\/p>\n<p>&nbsp;<\/p>\n<p>Intra \u00een odaie transfigurat\u0103.<\/p>\n<p>\u00centr-un col\u0163,<\/p>\n<p>templul ei de c\u0103in\u0163\u0103,<\/p>\n<p>o a\u015fteptare frem\u0103t\u00e2nd\u0103.<\/p>\n<p>\u00ce\u015fi cobora inima cucernic\u0103,<\/p>\n<p>\u015fi g\u00e2ndul cel mai pierdut<\/p>\n<p>ca pentru ultima spovedanie.<\/p>\n<p>&nbsp;<\/p>\n<p>Am uitat de rug\u0103ciunea de sear\u0103<\/p>\n<p>\u015fi ritualul candelei cuv\u00e2nt\u0103toare.<\/p>\n<p>\u00cen urma ajungerii \u00een noapte,<\/p>\n<p>r\u0103m\u00e2ne doar tremurul pierzaniei:<\/p>\n<p>D\u0103-mi, Doamne, puterea \u00een\u0163elegerii<\/p>\n<p>\u015fi a \u00eenchin\u0103ciunii,<\/p>\n<p>la templul mo\u015ftenit<\/p>\n<p>\u015fi f\u0103r\u0103 timp,<\/p>\n<p>s\u0103-mi pot petrece g\u00e2ndu\u2019 \u00eemb\u0103tr\u00e2nit,<\/p>\n<p>\u015fi inima-n lumin\u0103.<\/p>\n<p>&nbsp;<\/p>\n<p>&nbsp;<\/p>\n<p><strong>IANUARIE<\/strong><\/p>\n<p>&nbsp;<\/p>\n<p>Sunt n\u0103scut\u0103 \u00een ianuarie,<\/p>\n<p>o lun\u0103 cu ochii de ghea\u0163\u0103<\/p>\n<p>\u00een hibernarea greoaie a poverilor suflete\u015fti.<\/p>\n<p>Al\u0103turi,<\/p>\n<p>\u00eenariparea \u00eengereasc\u0103 a speran\u0163ei.<\/p>\n<p>Z\u0103bovesc pe str\u0103zi ca-ntr-o rug\u0103ciune.<\/p>\n<p>\u00cen jur, doar p\u00e2ndele cer\u015fetorilor<\/p>\n<p>\u00eembr\u0103\u0163i\u015fa\u0163i p\u0103rinte\u015fte de ger,<\/p>\n<p>\u00een uimirea trec\u0103torilor indiferen\u0163i.<\/p>\n<p>Oriunde privesc,<\/p>\n<p>abatere, risip\u0103, pierzanie<\/p>\n<p>de la drumurile mo\u015ftenite de la facere,<\/p>\n<p>\u00een lic\u0103rirea luceaf\u0103rului de sear\u0103.<\/p>\n<p>&nbsp;<\/p>\n<p>&nbsp;<\/p>\n<p><strong>M\u0102 CHEAM\u0102 SINGUR\u0102TATEA<\/strong><\/p>\n<p>&nbsp;<\/p>\n<p>\u015eoapte meschine<\/p>\n<p>\u00eemi \u015fuier\u0103 \u00een urechi,<\/p>\n<p>tocmai c\u00e2nd bat clopotele \u00eemp\u0103rt\u0103\u015faniei.<\/p>\n<p>Robe at\u00e2rnate peste capetele rug\u00e2nde,<\/p>\n<p>ochi \u00eeneca\u0163i \u00een lacrimi de c\u0103in\u0163\u0103,<\/p>\n<p>mustr\u0103ri sfid\u00e2nd timid lumina,<\/p>\n<p>toate cheam\u0103 singur\u0103tea.<\/p>\n<p>&nbsp;<\/p>\n<p>Se d\u0103 semnalul ridic\u0103rii privirii,<\/p>\n<p>\u015fi te miri c\u0103 nu e\u015fti tr\u0103snit<\/p>\n<p>de sminteala b\u0103nuitoare.<\/p>\n<p>R\u0103m\u00e2ne doar fuga de Eden,<\/p>\n<p>scrijelind peste dureri.<\/p>\n<p>\u00cen unduirea singur\u0103t\u0103\u0163ii,<\/p>\n<p>fraternizezi cu singur\u0103tatea.<\/p>\n<p>&nbsp;<\/p>\n<p>&nbsp;<\/p>\n<p><strong>CAUT <\/strong><\/p>\n<p>&nbsp;<\/p>\n<p>Caut de prea mult\u0103 vreme,<\/p>\n<p>dar am uitat ce.<\/p>\n<p>Printre milioanele de vreri,<\/p>\n<p>nu \u015ftiu dac\u0103 am g\u0103sit ce.<\/p>\n<p>Tras\u0103 \u00eentruna \u00een z\u0103luda-mi preumblare,<\/p>\n<p>totul curge f\u0103r\u0103-ndem\u00e2nare.<\/p>\n<p>&nbsp;<\/p>\n<p>Caut acel ceva f\u0103r\u0103 nume,<\/p>\n<p>f\u0103r\u0103 contur,<\/p>\n<p>f\u0103r\u0103 mas\u0103<\/p>\n<p>\u015fi \u015ftiu c\u0103-l voi g\u0103si<\/p>\n<p>atunci c\u00e2nd voi \u00eenv\u0103\u0163a s\u0103 uit.<\/p>\n<p>&nbsp;<\/p>\n<p>Caut uitarea.<\/p>\n<p>Uitarea de sine,<\/p>\n<p>singura care-mi z\u0103p\u0103ce\u015fte trecerea.<\/p>\n<p>Aici, acolo, dincolo,<\/p>\n<p>ca-ntr-un labirint neguros.<\/p>\n<p>&nbsp;<\/p>\n<p>&nbsp;<\/p>\n<p><strong>POATE<\/strong><\/p>\n<p>&nbsp;<\/p>\n<p>M\u0103 plimb pe str\u0103zi buimac\u0103,<\/p>\n<p>cu g\u00e2ndul c\u0103-l voi \u00eent\u00e2lni.<\/p>\n<p>Nu vreau s\u0103 mai tr\u0103iesc singur\u0103.<\/p>\n<p>M\u0103 \u00eensp\u0103im\u00e2nt\u0103 g\u00e2ndul<\/p>\n<p>c\u0103 nu voi \u00eenv\u0103\u0163a sensul lui a iubi.<\/p>\n<p>C\u0103 DOI e o rena\u015ftere<\/p>\n<p>\u00eentr-o noapte f\u0103r\u0103 sf\u00e2r\u015fit<\/p>\n<p>pe aripile \u00eengerilor ce trag Carul Mare,<\/p>\n<p>risipind \u00eentreb\u0103rile aburinde<\/p>\n<p>despre sensul lui Poate.<\/p>\n<p>\u00cenc\u0103 visez c\u0103 apare<\/p>\n<p>\u00eenv\u0103luit \u00een giulgiul \u00eembr\u0103\u0163i\u015f\u0103rilor izvor\u00e2nde<\/p>\n<p>la umbra s\u0103lciei pletoase,<\/p>\n<p>murinde de at\u00e2ta a\u015fteptare.<\/p>\n<p>&nbsp;<\/p>\n<p>&nbsp;<\/p>\n<p><strong>R\u0102M\u00c2N<\/strong><\/p>\n<p>&nbsp;<\/p>\n<p>S\u0103 \u015ftii c\u0103 r\u0103m\u00e2n pe strada ta,<\/p>\n<p>unde-\u0163i ascunzi evadarea.<\/p>\n<p>Mi-am \u00eenchipuit c\u0103 mi te ar\u0103\u0163i<\/p>\n<p>\u00een nedeslu\u015fita \u00eencumetare de a m\u0103 \u00eembr\u0103\u0163i\u015fa.<\/p>\n<p>\u0162i-am m\u00e2ng\u00e2iat umbra,<\/p>\n<p>ce-mi s\u0103rutase ro\u015fea\u0163a obrajilor,<\/p>\n<p>la \u00eentoarcerea \u00eenser\u0103rii timpurie.<\/p>\n<p>Ieri-alalt\u0103ieri nu te-ai mai ar\u0103tat.<\/p>\n<p>S\u0103 fi devenit strada potrivnic\u0103 poemului \u00een doi?<\/p>\n<p>Ori poate nu te-oi fi recunoscut,<\/p>\n<p>\u00een \u00eencordarea buzelor a\u015ftept\u00e2nde<\/p>\n<p>zilei c\u00e2nd vom merge bra\u0163 la bra\u0163<\/p>\n<p>la ceasul nestins de chemare.<\/p>\n<p>&nbsp;<\/p>\n<p>&nbsp;<\/p>\n<p><strong>EL<\/strong><\/p>\n<p>&nbsp;<\/p>\n<p>Noaptea \u00eel chem adesea.<\/p>\n<p>Sunt poate prea fragil\u0103<\/p>\n<p>ca s\u0103 dorm singur\u0103.<\/p>\n<p>Membrele se \u00eenstr\u0103ineaz\u0103 de trup,<\/p>\n<p>din\u0163ii \u00eencep s\u0103 cl\u0103n\u0163\u0103ne sup\u0103r\u0103tor,<\/p>\n<p>p\u0103rul \u00eemi cuprinde g\u00e2tul dureros,<\/p>\n<p>urechile\u2019s\u00a0\u00eencordate instinctiv,<\/p>\n<p>ochii p\u00e2ndesc clan\u0163a u\u015fii lucioase,<\/p>\n<p>sub care am pus un taburet scrijelit.<\/p>\n<p>&nbsp;<\/p>\n<p>A fost o dat\u0103 \u015fi nu mai \u015ftiu<\/p>\n<p>de-a fost aievea sau \u00een vis.<\/p>\n<p>E greu de spus cu nodu\u2019n g\u00e2t,<\/p>\n<p>sub\u0163iat de-at\u00e2ta ru\u015finare.<\/p>\n<p>\u00cemi amintesc doar sunetul sacadat<\/p>\n<p>al respir\u0103rii subjugate\u2019n s\u0103rutare.<\/p>\n<p>&nbsp;<\/p>\n<p>\u00cei simt \u015fi-acum c\u0103ldura c\u0103ut\u0103rii,<\/p>\n<p>a murmurelor tomnatice,<\/p>\n<p>a soarberii dorin\u0163ei coapte,<\/p>\n<p>a leg\u0103n\u0103rii magice \u015fi transparente.<\/p>\n<p>&nbsp;<\/p>\n<p>Timpul din mine<\/p>\n<p>\u00eencepe s\u0103 m\u0103 zoreasc\u0103,<\/p>\n<p>sfid\u00e2nd sim\u0163irea \u00eenv\u0103\u0163at\u0103 s\u0103 a\u015ftepte.<\/p>\n<p>Cu inima dorit\u0103 de-amintire,<\/p>\n<p>\u00een lumi ce nu cunosc singur\u0103tatea,<\/p>\n<p>nesomnul r\u0103coros m\u0103 poart\u0103\u2019n bra\u0163e.<\/p>\n<p>&nbsp;<\/p>\n<p>&nbsp;<\/p>\n<p>DE-AR FI<\/p>\n<p>&nbsp;<\/p>\n<p>De-ar fi s\u0103 vii,<\/p>\n<p>lacrimile \u00ee\u0163i vor \u00eemb\u0103ia trupul<\/p>\n<p>asudat de \u00eempreunarea dorurilor.<\/p>\n<p>\u00cen cearceaful de f\u00e2n proasp\u0103t cosit,<\/p>\n<p>un col\u0163 de c\u00e2mp p\u0103tat de ro\u015ful macilor<\/p>\n<p>ascunde g\u00e2ndurile vremuite.<\/p>\n<p>Ca \u015fi cum<\/p>\n<p>a\u015fteptarea s-a oferit gaj la poarta lui Dincolo.<\/p>\n<p>&nbsp;<\/p>\n<p>De-ar fi s\u0103 vii,<\/p>\n<p>\u00eentreb\u0103rile vor at\u00e2rna pe fitilul candelei,<\/p>\n<p>cu ultimele p\u00e2lp\u00e2iri t\u0103inuite<\/p>\n<p>ce presimt ezitarea din g\u00e2nduri.<\/p>\n<p>Nici bucurie, nici triste\u0163e.<\/p>\n<p>\u00cen a\u015fteptarea atingerii,<\/p>\n<p>o umplere \u00een acorduri de t\u0103cere.<\/p>\n<p>&nbsp;<\/p>\n<p>&nbsp;<\/p>\n<p><strong>UN NU ROSTIRII POTRIVNICE<\/strong><\/p>\n<p>&nbsp;<\/p>\n<p>Uneori rostirea love\u015fte neiert\u0103tor,<\/p>\n<p>de ai vrea s\u0103 provoci furtuna<\/p>\n<p>\u00een de\u015fertul lini\u015ftii<\/p>\n<p>murd\u0103rite de neputin\u0163\u0103.<\/p>\n<p>Rostirea devine capabil\u0103 de orice,<\/p>\n<p>din neb\u0103nuite direc\u0163ii,<\/p>\n<p>\u00eentotdeauna \u00een c\u0103derea unei alte rostiri.<\/p>\n<p>Spusele, otr\u0103vitoare s\u0103ge\u0163i<\/p>\n<p>care se \u00eenfig \u00een zona suportabilit\u0103\u0163ii,<\/p>\n<p>pironite \u00een ve\u015fm\u00e2ntul invidiei,<\/p>\n<p>acoperind sumar goliciunea verbal\u0103.<\/p>\n<p>&nbsp;<\/p>\n<p>Zadarnic cau\u0163i lini\u015ftea apoi&#8230;<\/p>\n<p>\u00cen a\u015fteptarea unui z\u00e2mbet \u00eent\u00e2rziat,<\/p>\n<p>e\u015fti os\u00e2ndit la via\u0163\u0103,<\/p>\n<p>clip\u0103 de clip\u0103,<\/p>\n<p>cu condeiul invizibil al contradic\u0163iilor.<\/p>\n<p>&nbsp;<\/p>\n<p>&nbsp;<\/p>\n<p><strong>O R\u0102M\u00c2NERE CONTEMPLATIV\u0102<\/strong><\/p>\n<p>&nbsp;<\/p>\n<p>Dac\u0103 plec acum,<\/p>\n<p>e ca \u015fi cum a\u015f tri\u015fa destinul.<\/p>\n<p>\u00cemi \u00eenal\u0163 respirarea p\u00e2n\u0103 la Templul lui Dumnezeu,<\/p>\n<p>\u015fi a\u015ftept.<\/p>\n<p>&nbsp;<\/p>\n<p>Stranie senza\u0163ia de a\u015fteptare:<\/p>\n<p>m\u0103 m\u00e2ng\u00e2ie adierea aerului divin.<\/p>\n<p>\u00cenaripate migratoare,<\/p>\n<p>cu aripile obosite<\/p>\n<p>ciripesc \u00een agonie.<\/p>\n<p>&nbsp;<\/p>\n<p>Un poem dramatic,<\/p>\n<p>\u00eenceput din timpuri apuse,<\/p>\n<p>r\u0103m\u00e2n \u00eenc\u0103 o vreme<\/p>\n<p>s\u0103 contemplu libertatea condeiat\u0103<\/p>\n<p>\u00een culori negr\u0103itoare.<\/p>\n<p>&nbsp;<\/p>\n<p>&nbsp;<\/p>\n<p><strong>UMBRA<\/strong><\/p>\n<p>&nbsp;<\/p>\n<p>Peste tot \u00eemi privesc umbra,<\/p>\n<p>a\u015f spune imperceptibil\u0103,<\/p>\n<p>dac\u0103 \u0163in cont de vremea de afar\u0103.<\/p>\n<p>Ieri \u015fi azi<\/p>\n<p>un cer plumburiu<\/p>\n<p>\u00een acord cu grijile trec\u0103torilor.<\/p>\n<p>&nbsp;<\/p>\n<p>Uneori, umbra este \u00eens\u00e2ngerat\u0103<\/p>\n<p>de sf\u00e2\u015fierea pasului \u00een c\u0103utarea<\/p>\n<p>z\u00e2mbetului pe care l-am pierdut<\/p>\n<p>\u00een adolescen\u0163\u0103,<\/p>\n<p>c\u00e2nd \u00eemi l\u0103sasem bra\u0163ul<\/p>\n<p>petrecut peste visare.<\/p>\n<p>&nbsp;<\/p>\n<p>Alteori, umbra este zglobie<\/p>\n<p>de frumosul murmurat<\/p>\n<p>al gurii mustoase,<\/p>\n<p>care alunec\u0103, nu se \u015ftie cum,<\/p>\n<p>pe apusul soarelui,<\/p>\n<p>\u00een fericirea c\u00e2ntului adierii de v\u00e2nt.<\/p>\n<p>&nbsp;<\/p>\n<p>Acum umbra doarme,<\/p>\n<p>murmur\u00e2nd stelelor palide<\/p>\n<p>despre bl\u00e2nde\u0163ea zilei de m\u00e2ine.<\/p>\n<p>&nbsp;<\/p>\n<p>&nbsp;<\/p>\n<p><strong>MONAD\u0102<\/strong><\/p>\n<p>&nbsp;<\/p>\n<p>Citesc o scrisoare uitat\u0103,<\/p>\n<p>\u00een miezul nop\u0163ii,<\/p>\n<p>c\u00e2nd nu m\u0103 mai pot bucura<\/p>\n<p>de nici un apus,<\/p>\n<p>de nici un r\u0103s\u0103rit.<\/p>\n<p>&nbsp;<\/p>\n<p>C\u0103utam cartea Un veac de singur\u0103tate<\/p>\n<p>\u015fi-am g\u0103sit un teanc de scrisori<\/p>\n<p>ce-mi amintesc de o adolescen\u0163\u0103 goal\u0103,<\/p>\n<p>ivit\u0103 \u015fi trecut\u0103 ca roua de diminea\u0163\u0103<\/p>\n<p>\u00eentr-o zi canicular\u0103.<\/p>\n<p>&nbsp;<\/p>\n<p>Pe col\u0163urile foilor,<\/p>\n<p>\u00eensemn\u0103ri prescurtate<\/p>\n<p>ce m\u0103 preg\u0103teau de ie\u015firea<\/p>\n<p>de pe o scen\u0103 asediat\u0103 de nelini\u015fti.<\/p>\n<p>&nbsp;<\/p>\n<p>Am devenit o femeie prudent\u0103<\/p>\n<p>\u00een dreptul inimii,<\/p>\n<p>o list\u0103 de nume risipite,<\/p>\n<p>\u00een care m\u0103 refugiez<\/p>\n<p>doar la nevoie.<\/p>\n<p>&nbsp;<\/p>\n<p style=\"text-align: center;\"><strong>Daniela Gifu<\/strong><em><\/em><\/p>\n<p style=\"text-align: center;\">*<em><br \/>\n<\/em><\/p>\n<p style=\"text-align: justify;\"><strong><em>G\u00ceFU Daniela<\/em><\/strong><em>, n<\/em><em>\u0103scut\u0103 la 10 ianuarie 1973, \u00een ora\u015ful B\u00e2rlad, Vaslui, Rom\u00e2nia. Stabilit\u0103 \u00een Cluj-Napoca. Studii: Facultatea de Fizic\u0103 a Universit\u0103\u0163ii \u201eA.I. Cuza\u201d din Ia\u015fi (UAIC) &#8211; 1997; Master \u00een Comunicare \u015fi Rela\u0163ii Publice, \u015ecoala Na\u0163ional\u0103 de Studii Politice \u015fi Administrative, Bucure\u015fti &#8211; 2004, Doctor \u00een Filosofie la UAIC \u2013 2010; Studii postdoctorale, domeniul interdisciplinar (Informatic\u0103 \u015fi Psihologie) la UAIC &#8211; 2010-2013. Cercet\u0103tor \u015ftiin\u0163ific, cadru universitar, scriitoare, poet\u0103, jurnalist\u0103, editor de carte, redactor \u015fi redactor \u015fef la mai multe publica\u0163ii virtuale \u015fi fizice. Detalii: <a href=\"http:\/\/webmail-profs.info.uaic.ro\/~daniela.gifu\/\">http:\/\/webmail-profs.info.uaic.ro\/~daniela.gifu\/<\/a>. \u201eDiplom\u0103 de Excelen\u0163\u0103\u201d din partea Asocia\u0163iei Astronomice SIRIUS &#8211; Club UNESCO, Rom\u00e2nia; Prime\u015fte distinc\u0163ia \u201eCet\u0103\u0163ean de onoare\u201d al comunei B\u0103l\u0103b\u0103ne\u015fti, Gala\u0163i, Rom\u00e2nia.<\/em><\/p>\n<p style=\"text-align: justify;\"><em>\u00a0<\/em><\/p>\n<p style=\"text-align: justify;\"><strong><em>C\u0103r\u0163i publicate:<\/em><\/strong><em> \u201e<\/em><em>Zeno Fodor-80\u201d (Antologie-evoc\u0103ri), Ed. Nico, Tg.Mure\u015f, 2014; \u201eA nyugtalans\u00e1g b\u0171ne\u201d (Poezie), Ed. Mentor, Tg.Mure\u015f, 2014; \u201eTemeliile Turnului Babel\u201d (Eseu), Ed. Acad.\u00a0 Rom., Bucure\u015fti., 2013; \u201eP\u0103catul nelini\u015ftii\u201d (Poezie), Ed. Eikon, Cluj-Napoca, 2012; \u201eViolen\u0163a simbolic\u0103 \u00een discursul electoral\u201d (Eseu), Casa C\u0103r\u0163ii de \u015etiin\u0163\u0103, Cluj-Napoca, 2012; \u201eeu, tu \u015fi El\u201d (Oglindiri spirituale), Ed. Limes, Cluj-Napoca, 2009; \u201eJurnal de ini\u0163iere spiritual\u0103\u201d (Eseu), Ed. Limes, Cluj-Napoca, 2008.<\/em><\/p>\n<p style=\"text-align: justify;\"><em>\u00a0<\/em><\/p>\n<p style=\"text-align: justify;\"><em>Membr\u0103 a Uniunii Ziari\u015ftilor Profesioni\u015fti din Rom\u00e2nia (UZPR),\u00a0 Membru \u00een Colegiul de redac\u0163ie \u201eAvanti Publishers.com\u201d, Karachi, Pakistan &amp; Windsor, Connecticut, USA; Membru \u00een Colegiul de redac\u0163ie \u201eComputer Engineering and Information Technology Journal\u00a0CEITJ\u201d,\u00a0Indore, Madhya Pradesh, India; Redactor la Social Sciences and Educational Research Review, Sitech Publishing House \u2013 Craiova, Rom\u00e2nia; Vice-pre\u015fedint\u0103 a Observatorului Interna\u0163ional de \u015etiin\u0163e Sociale (OISS), afiliat la UAIC, Rom\u00e2nia: Redactor \u015fef al revistei \u201eDestine literare\u201d, Montreal, Canada; Redactor la \u201eRevista de recenzii\u201d, Craiova, Rom\u00e2nia; Fondatoare \u015fi pre\u015fedint\u0103 la Asocia\u0163ia ArtVerba, T\u00e2rgu-Mure\u015f, Rom\u00e2nia; Membr\u0103 a Asocia\u0163iei Canadiene a Scriitorilor Rom\u00e2ni (ACSR), Montreal, Canada. <\/em><\/p>\n","protected":false},"excerpt":{"rendered":"<p>MAMA &nbsp; Plecat-am cu firescul, condus\u0103 \u00een umbrire de chipul mamei. F\u0103r\u0103 z\u00e2mbet, f\u0103r\u0103 \u00eenl\u0103crimare. Doar o t\u0103cere prin m\u0103rturiile [&#038;hellip<\/p>\n","protected":false},"author":1,"featured_media":0,"comment_status":"closed","ping_status":"closed","sticky":false,"template":"","format":"standard","meta":{"footnotes":""},"categories":[3],"tags":[],"class_list":["post-21839","post","type-post","status-publish","format-standard","hentry","category-articole"],"_links":{"self":[{"href":"https:\/\/www.marianagurza.ro\/blog\/wp-json\/wp\/v2\/posts\/21839","targetHints":{"allow":["GET"]}}],"collection":[{"href":"https:\/\/www.marianagurza.ro\/blog\/wp-json\/wp\/v2\/posts"}],"about":[{"href":"https:\/\/www.marianagurza.ro\/blog\/wp-json\/wp\/v2\/types\/post"}],"author":[{"embeddable":true,"href":"https:\/\/www.marianagurza.ro\/blog\/wp-json\/wp\/v2\/users\/1"}],"replies":[{"embeddable":true,"href":"https:\/\/www.marianagurza.ro\/blog\/wp-json\/wp\/v2\/comments?post=21839"}],"version-history":[{"count":2,"href":"https:\/\/www.marianagurza.ro\/blog\/wp-json\/wp\/v2\/posts\/21839\/revisions"}],"predecessor-version":[{"id":21842,"href":"https:\/\/www.marianagurza.ro\/blog\/wp-json\/wp\/v2\/posts\/21839\/revisions\/21842"}],"wp:attachment":[{"href":"https:\/\/www.marianagurza.ro\/blog\/wp-json\/wp\/v2\/media?parent=21839"}],"wp:term":[{"taxonomy":"category","embeddable":true,"href":"https:\/\/www.marianagurza.ro\/blog\/wp-json\/wp\/v2\/categories?post=21839"},{"taxonomy":"post_tag","embeddable":true,"href":"https:\/\/www.marianagurza.ro\/blog\/wp-json\/wp\/v2\/tags?post=21839"}],"curies":[{"name":"wp","href":"https:\/\/api.w.org\/{rel}","templated":true}]}}