{"id":21883,"date":"2015-03-16T21:16:16","date_gmt":"2015-03-16T21:16:16","guid":{"rendered":"http:\/\/www.marianagurza.ro\/blog\/?p=21883"},"modified":"2015-03-17T19:46:08","modified_gmt":"2015-03-17T19:46:08","slug":"viorel-roman-islamul-si-ortodoxia-ante-portas","status":"publish","type":"post","link":"https:\/\/www.marianagurza.ro\/blog\/2015\/03\/16\/viorel-roman-islamul-si-ortodoxia-ante-portas\/","title":{"rendered":"Prof. Dr. Viorel Roman: Islamul \u0219i Ortodoxia ante portas"},"content":{"rendered":"<p style=\"text-align: justify;\"><a href=\"http:\/\/www.marianagurza.ro\/blog\/wp-content\/uploads\/2015\/03\/ROMAN-Viorel-bue-wb.jpg\"><img loading=\"lazy\" decoding=\"async\" class=\"alignleft size-medium wp-image-21884\" title=\"ROMAN-Viorel-bue-wb\" src=\"http:\/\/www.marianagurza.ro\/blog\/wp-content\/uploads\/2015\/03\/ROMAN-Viorel-bue-wb-225x300.jpg\" alt=\"\" width=\"225\" height=\"300\" srcset=\"https:\/\/www.marianagurza.ro\/blog\/wp-content\/uploads\/2015\/03\/ROMAN-Viorel-bue-wb-225x300.jpg 225w, https:\/\/www.marianagurza.ro\/blog\/wp-content\/uploads\/2015\/03\/ROMAN-Viorel-bue-wb.jpg 600w\" sizes=\"auto, (max-width: 225px) 100vw, 225px\" \/><\/a>Integrarea greco-pravoslavnicilor \u00een UE\/NATO \u015fi tratarea Rusiei ca o \u0163ar\u0103 secularizat\u0103, quasi occidental\u0103 cu stat de drept, economie de pia\u0163\u0103 \u015fi democra\u0163ie de tip Westminster sunt acuma gre\u015feli evidente pentru toat\u0103 lumea, cu consecin\u0163e negative, mai ales dup\u0103 falimentul financiar al Greciei \u015fi r\u0103zboaiele asimetrice, hibride ale Federa\u0163iei Ruse cu Georgia \u015fi Ucraina.<\/p>\n<p style=\"text-align: justify;\">Dup\u0103 1964, razboiul rece religios dintre ortodoc\u015fi \u015fi occidentali a intrat \u00eentr-o faz\u0103 de destindere dup\u0103 ridicarea anatemei la Ierusalim, de c\u0103tre patriarhul ecumenic din Constantinopol, Athenagoras \u015fi papa Paul VI \u00een vremea generosului Concilu de la Vatican II. Sinodul Panortodox n-a avut loc \u00een acela\u015fi timp din cauza Lag\u0103rului marxist-leninist. Disona\u0163ele dintre Est \u015fi Vest, e\u015fecul perioadei de trazitie a \u0163\u0103rilor ortodoxo-comuniste sunt consecin\u0163ele.<\/p>\n<p style=\"text-align: justify;\">Oricum dorin\u0163a refacerii unit\u0103\u0163ii cre\u015ftine era la fel de mare de ambele p\u0103r\u0163i ale Cortinei de Fier. Prim\u0103vara de la Praga, Solidariatea din Polonia \u015fi \u00een\u0163elepciunea \u015fefului Statului \u015fi Bisericii ruse, Mihail Gorbaciov, au creat condi\u0163iile termin\u0103rii pa\u015fnice (cu excep\u0163ia Rom\u00e2niei), \u00eentr-o euforie general\u0103, a r\u0103zboiul rece.<\/p>\n<p style=\"text-align: justify;\">\u00cen occident teologia inclusivista, la fel de utopica \u015fi euforic\u0103 c\u0103 elanul din r\u0103s\u0103ritul Europei, \u00eei vede pe to\u0163i pamanteanii, cre\u015ftini, pentru c\u0103 M\u00e2ntuitorul s-a jertfit pentru toat\u0103 lumea \u015fi oricum necre\u015ftinii \u00ee\u015fi indreaptau speran\u0163a, mai ales la acea vreme, spre o lumea cre\u015ftin\u0103 unitar\u0103 de la Vancouver la Vladivostok.<\/p>\n<p style=\"text-align: justify;\">Karl Rahner, SJ, era purt\u0103torul de cuv\u00e2nt al Inclusivismului, un fel de imperialism cre\u015ftin dup\u0103 profesorul de teologie fundamental\u0103 Joseph Ratzinger (papa Benedikt XVI), care atr\u0103gea aten\u0163ia asupra lipsei de respect pentru Celalat \u015fi necesitatea unui dialog at\u00e2t \u00een vederea unirii cre\u015ftinilor, c\u00e2t \u015fi unul bazat pe egalitate \u015fi respect reciproc cu celelate religii.<\/p>\n<p style=\"text-align: justify;\">Islamul dep\u0103\u015fe\u015fte judaismul \u015fi cre\u015ftinismul, de aceea mahomedanii nu numai c\u0103 nu aspira spre cre\u015ftinism, ci sunt \u00een stare s\u0103 se arunce \u00een aer pentru \u201eultima\u201d religie, simpl\u0103 \u015fi superioar\u0103 celorlate, care au elemente mistice \u015fi idolatrice. Ortodoxia are cam acela\u015fi sentiment de superioritate fa\u0163\u0103 de lumea occidental\u0103 \u00een care ra\u0163iunea, contractul, individualitatea sunt sanctificate, aparent \u00een defavoarea Atotputernicului.<\/p>\n<p style=\"text-align: justify;\">Confruntarea ajuns\u0103 pe picior de r\u0103zboi cu Islamul \u015fi Ortodoxia i-a pus \u00een mare dificultate pe cre\u015ftinii occidentali, care spera \u00eenc\u0103 \u00een inclusivism cre\u015ftin sau modern, secularizart. Dificultatea \u00eencet\u0103rii st\u0103rii de r\u0103zboi, a unei concordii cu islamul este legat\u0103 indisolubil mai ales de dihonia din lumea cre\u015ftin\u0103, care va fi elementul crucial al Sf\u00e2ntului \u015fi Marele Sinod Panortodox \u2013 fixat pentru 2016.<\/p>\n<p style=\"text-align: justify;\">\n<p style=\"text-align: justify;\">\n<p style=\"text-align: center;\"><strong>Prof. Dr. Viorel ROMAN\u00a0\u00a0<\/strong><\/p>\n<p style=\"text-align: center;\"><strong>Akademischer Rat a.D.\u00a0\u00a0<\/strong><\/p>\n<p style=\"text-align: center;\"><strong>Bremen, Germania<br \/>\n<\/strong><strong><span style=\"text-decoration: underline;\">www.viorel-roman.de<\/span><br \/>\n3 martie 2015\u00a0\u00a0<\/strong><\/p>\n<p>&nbsp;<\/p>\n<p>&nbsp;<\/p>\n","protected":false},"excerpt":{"rendered":"<p>Integrarea greco-pravoslavnicilor \u00een UE\/NATO \u015fi tratarea Rusiei ca o \u0163ar\u0103 secularizat\u0103, quasi occidental\u0103 cu stat de drept, economie de pia\u0163\u0103 [&#038;hellip<\/p>\n","protected":false},"author":1,"featured_media":0,"comment_status":"closed","ping_status":"closed","sticky":false,"template":"","format":"standard","meta":{"footnotes":""},"categories":[3],"tags":[],"class_list":["post-21883","post","type-post","status-publish","format-standard","hentry","category-articole"],"_links":{"self":[{"href":"https:\/\/www.marianagurza.ro\/blog\/wp-json\/wp\/v2\/posts\/21883","targetHints":{"allow":["GET"]}}],"collection":[{"href":"https:\/\/www.marianagurza.ro\/blog\/wp-json\/wp\/v2\/posts"}],"about":[{"href":"https:\/\/www.marianagurza.ro\/blog\/wp-json\/wp\/v2\/types\/post"}],"author":[{"embeddable":true,"href":"https:\/\/www.marianagurza.ro\/blog\/wp-json\/wp\/v2\/users\/1"}],"replies":[{"embeddable":true,"href":"https:\/\/www.marianagurza.ro\/blog\/wp-json\/wp\/v2\/comments?post=21883"}],"version-history":[{"count":5,"href":"https:\/\/www.marianagurza.ro\/blog\/wp-json\/wp\/v2\/posts\/21883\/revisions"}],"predecessor-version":[{"id":21886,"href":"https:\/\/www.marianagurza.ro\/blog\/wp-json\/wp\/v2\/posts\/21883\/revisions\/21886"}],"wp:attachment":[{"href":"https:\/\/www.marianagurza.ro\/blog\/wp-json\/wp\/v2\/media?parent=21883"}],"wp:term":[{"taxonomy":"category","embeddable":true,"href":"https:\/\/www.marianagurza.ro\/blog\/wp-json\/wp\/v2\/categories?post=21883"},{"taxonomy":"post_tag","embeddable":true,"href":"https:\/\/www.marianagurza.ro\/blog\/wp-json\/wp\/v2\/tags?post=21883"}],"curies":[{"name":"wp","href":"https:\/\/api.w.org\/{rel}","templated":true}]}}