{"id":21916,"date":"2015-03-17T22:54:00","date_gmt":"2015-03-17T22:54:00","guid":{"rendered":"http:\/\/www.marianagurza.ro\/blog\/?p=21916"},"modified":"2015-03-17T23:09:01","modified_gmt":"2015-03-17T23:09:01","slug":"uliana-paloda-popescu-semnul-ingerului","status":"publish","type":"post","link":"https:\/\/www.marianagurza.ro\/blog\/2015\/03\/17\/uliana-paloda-popescu-semnul-ingerului\/","title":{"rendered":"Iuliana Paloda-POPESCU: Semnul \u00cengerului"},"content":{"rendered":"<p style=\"text-align: center;\"><a href=\"http:\/\/www.marianagurza.ro\/blog\/wp-content\/uploads\/2015\/03\/iuliana-popescu2.jpg\"><img loading=\"lazy\" decoding=\"async\" class=\"size-medium wp-image-21918\" title=\"iuliana popescu\" src=\"http:\/\/www.marianagurza.ro\/blog\/wp-content\/uploads\/2015\/03\/iuliana-popescu2-249x300.jpg\" alt=\"\" width=\"249\" height=\"300\" srcset=\"https:\/\/www.marianagurza.ro\/blog\/wp-content\/uploads\/2015\/03\/iuliana-popescu2-249x300.jpg 249w, https:\/\/www.marianagurza.ro\/blog\/wp-content\/uploads\/2015\/03\/iuliana-popescu2-851x1024.jpg 851w, https:\/\/www.marianagurza.ro\/blog\/wp-content\/uploads\/2015\/03\/iuliana-popescu2.jpg 1181w\" sizes=\"auto, (max-width: 249px) 100vw, 249px\" \/><\/a><\/p>\n<p align=\"center\">\n<p align=\"center\">\n<p align=\"center\"><strong>Semnul \u00cengerului<\/strong><\/p>\n<p>&nbsp;<\/p>\n<p align=\"center\"><strong>\u00a0<\/strong><\/p>\n<p align=\"center\">C\u00e2nd va fi,<\/p>\n<p align=\"center\">nu vreau s\u0103 \u015ftiu dinainte,<\/p>\n<p align=\"center\">ci doar s\u0103 lunec precum frunza<\/p>\n<p align=\"center\">de aur, pe apele r\u00e2ului str\u0103juit<\/p>\n<p align=\"center\">de arini \u2013 spune b\u0103rbatul<\/p>\n<p align=\"center\">\u00eeng\u00e2ndurat, \u00een timp<\/p>\n<p align=\"center\">ce prive\u015fte Cerul<\/p>\n<p align=\"center\">\u00eenalt!&#8230;<\/p>\n<p align=\"center\"><strong>\u00a0<\/strong><\/p>\n<p>&nbsp;<\/p>\n<p>&nbsp;<\/p>\n<p align=\"center\">C\u00e2nd va fi,<\/p>\n<p align=\"center\">vreau s\u0103 m\u0103 \u00eenf\u0103\u015fa\u0163i<\/p>\n<p align=\"center\">\u00een v\u0103lul de fum al c\u00e2mpiei,<\/p>\n<p align=\"center\">dar s\u0103 nu \u00eemi acoperi\u0163i m\u00e2inile,<\/p>\n<p align=\"center\">pentru c\u0103 va veni vremea c\u00e2nd<\/p>\n<p align=\"center\">\u00cengerul va suna din tr\u00e2mbi\u0163a de<\/p>\n<p align=\"center\">argint \u015fi m\u0103 voi \u00eenchina &#8211;<\/p>\n<p align=\"center\">spune femeia!&#8230;<\/p>\n<p>&nbsp;<\/p>\n<p>&nbsp;<\/p>\n<p align=\"center\">Amin! Iar<\/p>\n<p align=\"center\">c\u00e2nd ve\u0163i adormi, eu<\/p>\n<p align=\"center\">voi veni la puntea dintre lumi<\/p>\n<p align=\"center\">purt\u00e2nd \u00een slav\u0103 semnu-acesta &#8211;<\/p>\n<p align=\"center\">\u015fopte\u015fte \u00cengerul \u015fi-apoi dispare<\/p>\n<p align=\"center\">\u00een cire\u015ful \u00eenflorit, l\u0103s\u00e2nd \u00een<\/p>\n<p align=\"center\">urm\u0103 o mireasm\u0103 vie<\/p>\n<p align=\"center\">\u015fi o adiere de<\/p>\n<p style=\"text-align: left;\" align=\"center\"><strong>\u00a0<\/strong><\/p>\n<p align=\"center\">petale albe!&#8230;<\/p>\n<p align=\"center\">Totul s-a petrecut<\/p>\n<p align=\"center\">prea repede, \u00eenc\u00e2t nici nu<\/p>\n<p align=\"center\">am v\u0103zut semnul \u00cengerului \u2013<\/p>\n<p align=\"center\">strig\u0103 b\u0103rbatul \u00eentristat, \u00een<\/p>\n<p align=\"center\">timp ce v\u00e2ntul \u00eenfioar\u0103<\/p>\n<p align=\"center\">apa \u015fi arinii<\/p>\n<p align=\"center\">tineri!&#8230;<\/p>\n<p>&nbsp;<\/p>\n<p>&nbsp;<\/p>\n<p align=\"center\">Nici eu<\/p>\n<p align=\"center\">n-am \u00een\u0163eles nimic &#8211;<\/p>\n<p align=\"center\">suspin\u0103-n zori femeia, \u00een<\/p>\n<p align=\"center\">timp ce-\u015fi scutur\u0103 petalele<\/p>\n<p align=\"center\">din p\u0103rul nins \u015fi vede v\u0103lul<\/p>\n<p align=\"center\">fumuriu cum se scurteaz\u0103<\/p>\n<p align=\"center\">\u00eencet, de la un<\/p>\n<p align=\"center\">cap\u0103t!&#8230;<\/p>\n<p>&nbsp;<\/p>\n<p>&nbsp;<\/p>\n<p style=\"text-align: center;\"><strong>\u00a0IULIANA PALODA-POPESCU<\/strong><\/p>\n<p align=\"center\">(Din volumul \u00een preg\u0103tire, intitulat <em>Semnul \u00cengerului<\/em>)<\/p>\n","protected":false},"excerpt":{"rendered":"<p>Semnul \u00cengerului &nbsp; \u00a0 C\u00e2nd va fi, nu vreau s\u0103 \u015ftiu dinainte, ci doar s\u0103 lunec precum frunza de aur, [&#038;hellip<\/p>\n","protected":false},"author":1,"featured_media":0,"comment_status":"closed","ping_status":"closed","sticky":false,"template":"","format":"standard","meta":{"footnotes":""},"categories":[3],"tags":[],"class_list":["post-21916","post","type-post","status-publish","format-standard","hentry","category-articole"],"_links":{"self":[{"href":"https:\/\/www.marianagurza.ro\/blog\/wp-json\/wp\/v2\/posts\/21916","targetHints":{"allow":["GET"]}}],"collection":[{"href":"https:\/\/www.marianagurza.ro\/blog\/wp-json\/wp\/v2\/posts"}],"about":[{"href":"https:\/\/www.marianagurza.ro\/blog\/wp-json\/wp\/v2\/types\/post"}],"author":[{"embeddable":true,"href":"https:\/\/www.marianagurza.ro\/blog\/wp-json\/wp\/v2\/users\/1"}],"replies":[{"embeddable":true,"href":"https:\/\/www.marianagurza.ro\/blog\/wp-json\/wp\/v2\/comments?post=21916"}],"version-history":[{"count":9,"href":"https:\/\/www.marianagurza.ro\/blog\/wp-json\/wp\/v2\/posts\/21916\/revisions"}],"predecessor-version":[{"id":21920,"href":"https:\/\/www.marianagurza.ro\/blog\/wp-json\/wp\/v2\/posts\/21916\/revisions\/21920"}],"wp:attachment":[{"href":"https:\/\/www.marianagurza.ro\/blog\/wp-json\/wp\/v2\/media?parent=21916"}],"wp:term":[{"taxonomy":"category","embeddable":true,"href":"https:\/\/www.marianagurza.ro\/blog\/wp-json\/wp\/v2\/categories?post=21916"},{"taxonomy":"post_tag","embeddable":true,"href":"https:\/\/www.marianagurza.ro\/blog\/wp-json\/wp\/v2\/tags?post=21916"}],"curies":[{"name":"wp","href":"https:\/\/api.w.org\/{rel}","templated":true}]}}