{"id":21933,"date":"2015-03-18T09:57:53","date_gmt":"2015-03-18T09:57:53","guid":{"rendered":"http:\/\/www.marianagurza.ro\/blog\/?p=21933"},"modified":"2015-03-18T10:20:25","modified_gmt":"2015-03-18T10:20:25","slug":"iuliana-paloda-popescu-poeme-2","status":"publish","type":"post","link":"https:\/\/www.marianagurza.ro\/blog\/2015\/03\/18\/iuliana-paloda-popescu-poeme-2\/","title":{"rendered":"Iuliana Paloda-Popescu: Poeme"},"content":{"rendered":"<p style=\"text-align: center;\"><a href=\"http:\/\/www.marianagurza.ro\/blog\/wp-content\/uploads\/2015\/03\/pray-56059_640.jpg\"><img loading=\"lazy\" decoding=\"async\" class=\"size-medium wp-image-21934\" title=\"pray-56059_640\" src=\"http:\/\/www.marianagurza.ro\/blog\/wp-content\/uploads\/2015\/03\/pray-56059_640-300x225.jpg\" alt=\"\" width=\"300\" height=\"225\" srcset=\"https:\/\/www.marianagurza.ro\/blog\/wp-content\/uploads\/2015\/03\/pray-56059_640-300x225.jpg 300w, https:\/\/www.marianagurza.ro\/blog\/wp-content\/uploads\/2015\/03\/pray-56059_640.jpg 640w\" sizes=\"auto, (max-width: 300px) 100vw, 300px\" \/><\/a><\/p>\n<p align=\"center\"><strong>\u00a0<\/strong><\/p>\n<p align=\"center\"><strong>Trandafirii s\u0103lbatici<\/strong><strong><\/strong><\/p>\n<p>&nbsp;<\/p>\n<p align=\"center\">Doamne,<\/p>\n<p align=\"center\">noaptea se stinge \u015fi \u00eensetat\u0103<\/p>\n<p align=\"center\">beau roua dimine\u0163ii, pe c\u00e2nd pas\u0103rea<\/p>\n<p align=\"center\">zorilor se rote\u015fte aprinz\u00e2nd Cerul&#8230;merg<\/p>\n<p align=\"center\">pe ierburi t\u00e2rzii, iar prin Valea Cire\u015fului trec<\/p>\n<p align=\"center\">amintiri, v\u0103luri de cea\u0163\u0103 se-ntind peste apele<\/p>\n<p align=\"center\">C\u00e2lni\u015ftei dintr-un alt veac&#8230;singur\u0103 ating<\/p>\n<p align=\"center\">apa cu palmele, o strecor printre gene<\/p>\n<p align=\"center\">\u015fi-mi descop\u0103r plutind \u00een ad\u00e2ncuri<\/p>\n<p align=\"center\">chipul suav, \u00eenc\u0103 neatins de<\/p>\n<p align=\"center\">suflarea mor\u0163ii, iar<\/p>\n<p align=\"center\">dinspre<\/p>\n<p>&nbsp;<\/p>\n<p align=\"center\">c\u00e2mpie aud<\/p>\n<p align=\"center\">vocea str\u0103bunilor care<\/p>\n<p align=\"center\">vin s\u0103 asculte clopotul inimii &#8211;<\/p>\n<p align=\"center\">biiing-baaang!&#8230;Trupuri de hum\u0103 \u015fi<\/p>\n<p align=\"center\">cer se ridic\u0103 \u00een v\u00e2ntul de sear\u0103, iar Soarele<\/p>\n<p align=\"center\">se tope\u015fte \u00een apa de foc, din care trandafirii<\/p>\n<p align=\"center\">s\u0103lbatici beau nemurirea \u015fi se \u00eenal\u0163\u0103 apoi, peste<\/p>\n<p align=\"center\">spinii de aur, cum doar Tu Te \u00eenal\u0163i \u015fi aduni<\/p>\n<p align=\"center\">lacrimile celor r\u0103ni\u0163i, umili\u0163i, p\u0103r\u0103si\u0163i \u00een<\/p>\n<p align=\"center\">dureri p\u00e2n\u0103 la uitare, p\u00e2n\u0103 la iertare,<\/p>\n<p align=\"center\">p\u00e2n\u0103 la primirea dragostei<\/p>\n<p align=\"center\">Tale\u00a0!&#8230;<\/p>\n<p>&nbsp;<\/p>\n<p align=\"center\"><strong>Cred<\/strong><\/p>\n<p align=\"center\"><strong>\u00a0<\/strong><\/p>\n<p align=\"center\"><strong>\u00a0<\/strong><\/p>\n<p align=\"center\">Cred, Doamne,<\/p>\n<p align=\"center\">ajut\u0103 a\u015ftept\u0103rii mele!&#8230;<\/p>\n<p align=\"center\">Oglinda m\u0103 arat\u0103 cu ochii stin\u015fi<\/p>\n<p align=\"center\">peste noapte, numai zorile \u00eemi aduc<\/p>\n<p align=\"center\">pas\u0103rea cu zbor prelung, oprindu-se<\/p>\n<p align=\"center\">pe zidul \u00een care degetele mele<\/p>\n<p align=\"center\">caut\u0103 rana Ta!&#8230;<\/p>\n<p>&nbsp;<\/p>\n<p>&nbsp;<\/p>\n<p align=\"center\">Doamne,<\/p>\n<p align=\"center\">\u00een zadar \u015ftim durerea,<\/p>\n<p align=\"center\">nimic nu putem schimba,<\/p>\n<p align=\"center\">chiar dac\u0103 am urla, sf\u00e2\u015fiindu-ne<\/p>\n<p align=\"center\">hainele \u015fi tr\u0103g\u00e2nd cu m\u00e2inile<\/p>\n<p align=\"center\">am\u00e2ndou\u0103 de baierele<\/p>\n<p align=\"center\">inimii!&#8230;<\/p>\n<p>&nbsp;<\/p>\n<p align=\"center\">Chiar dac\u0103<\/p>\n<p align=\"center\">am \u00eentoarce timpul \u015fi am<\/p>\n<p align=\"center\">s\u00e2ngera, acolo, unde este \u00eenc\u0103<\/p>\n<p align=\"center\">proasp\u0103t locul prin care au voit s\u0103-\u0162i<\/p>\n<p align=\"center\">smulg\u0103 inima, locul de care ne-am<\/p>\n<p align=\"center\">atins \u015fi-am \u00eenceput s\u0103 credem<\/p>\n<p align=\"center\">ve\u015fnicia Ta!&#8230;<\/p>\n<p>&nbsp;<\/p>\n<p>&nbsp;<\/p>\n<p align=\"center\">Azi, inima-\u015fi \u00eentinde<\/p>\n<p align=\"center\">ramurile peste Crucea pe care<\/p>\n<p align=\"center\">singur stai cu bra\u0163ele deschise \u015fi<\/p>\n<p align=\"center\">suspini, plec\u00e2ndu-\u0162i fruntea peste<\/p>\n<p align=\"center\">lanurile vii \u015fi lumin\u00e2ndu-le<\/p>\n<p align=\"center\">cu lacrima de<\/p>\n<p align=\"center\">foc!&#8230;<\/p>\n<p align=\"center\"><strong><br \/>\n<\/strong><\/p>\n<p style=\"text-align: center;\">\n<p align=\"center\"><strong>Ca o petal\u0103 alb\u0103<\/strong><\/p>\n<p>&nbsp;<\/p>\n<p align=\"center\"><strong>\u00a0<\/strong><\/p>\n<p align=\"center\">Acum,<\/p>\n<p align=\"center\">orizontul este departe,<\/p>\n<p align=\"center\">numai dac\u0103 \u00eentinzi\u00a0 bra\u0163ele vei<\/p>\n<p align=\"center\">atinge m\u0103tasea Cerului \u015fi-\u0163i vei afla<\/p>\n<p align=\"center\">numele \u2013 spune \u00cengerul&#8230; iar pas\u0103rea<\/p>\n<p align=\"center\">apelor te va trece dincolo \u015fi te vei trezi<\/p>\n<p align=\"center\">din somnul ad\u00e2nc, \u00een care ai c\u0103zut prad\u0103<\/p>\n<p align=\"center\">v\u00e2n\u0103torilor, singur, pe c\u00e2mpiile albe, cu<\/p>\n<p align=\"center\">bra\u0163ele deschise, purt\u00e2nd sub pleoape<\/p>\n<p align=\"center\">amintirea m\u0103rului din care ai mu\u015fcat<\/p>\n<p align=\"center\">c\u00e2ndva lumina dulce, azurie,<\/p>\n<p align=\"center\">sper\u00e2nd ca<\/p>\n<p align=\"center\"><strong>\u00a0<\/strong><\/p>\n<p align=\"center\">fructul<\/p>\n<p align=\"center\">rumen s\u0103 te poarte-n<\/p>\n<p align=\"center\">ve\u015fnicie!&#8230; Biruin\u0163a e a celor<\/p>\n<p align=\"center\">ce-a\u015fteapt\u0103 &#8211; spune \u00cengerul \u015fi-\u0163i<\/p>\n<p align=\"center\">pune-n palme tipsia de argint pe care<\/p>\n<p align=\"center\">st\u0103 o carte ferecat\u0103, apoi, prive\u015fte Cerul,<\/p>\n<p align=\"center\">amintindu-\u0163i c\u0103-n puterea nop\u0163ii piere<\/p>\n<p align=\"center\">\u00eentristarea \u015fi intr\u00e2nd \u00een vis cu sufletul<\/p>\n<p align=\"center\">deschis, vei fi mereu mai t\u00e2n\u0103r<\/p>\n<p align=\"center\">\u015fi mai singur, plutind pe<\/p>\n<p align=\"center\">\u0163\u0103rmurile vii, ca o<\/p>\n<p align=\"center\">petal\u0103 alb\u0103!&#8230;<\/p>\n<p>&nbsp;<\/p>\n<p>&nbsp;<\/p>\n<p align=\"center\"><strong> \u00cendoiala<\/strong><\/p>\n<p align=\"center\"><strong>\u00a0<\/strong><\/p>\n<p align=\"center\"><strong>\u00a0<\/strong><\/p>\n<p align=\"center\">T\u00e2rziu,<\/p>\n<p align=\"center\">c\u00e2nd iar te-ncearc\u0103<\/p>\n<p align=\"center\">\u00eendoiala, \u00ee\u0163i aminte\u015fti<\/p>\n<p align=\"center\">c\u0103 nu e a\u015fteptare f\u0103r\u0103 sens,<\/p>\n<p align=\"center\">nici moarte f\u0103r\u0103 via\u0163\u0103, nici<\/p>\n<p align=\"center\">sem\u0103nat f\u0103r\u0103 cules&#8230;g\u00e2nde\u015fte<\/p>\n<p align=\"center\">\u00eensingurat Poetul, \u00een timp<\/p>\n<p align=\"center\">ce \u00cengeru-i pecetluie\u015fte<\/p>\n<p align=\"center\">visul cu sigiliul de<\/p>\n<p align=\"center\">cear\u0103!&#8230;<\/p>\n<p>&nbsp;<\/p>\n<p align=\"center\"><strong>IULIANA PALODA-POPESCU<\/strong><\/p>\n<p align=\"center\">(Din volumul \u00een preg\u0103tire, intitulat <em>Semnul \u00cengerului<\/em>)<\/p>\n","protected":false},"excerpt":{"rendered":"<p>\u00a0 Trandafirii s\u0103lbatici &nbsp; Doamne, noaptea se stinge \u015fi \u00eensetat\u0103 beau roua dimine\u0163ii, pe c\u00e2nd pas\u0103rea zorilor se rote\u015fte aprinz\u00e2nd [&#038;hellip<\/p>\n","protected":false},"author":1,"featured_media":0,"comment_status":"closed","ping_status":"closed","sticky":false,"template":"","format":"standard","meta":{"footnotes":""},"categories":[3],"tags":[],"class_list":["post-21933","post","type-post","status-publish","format-standard","hentry","category-articole"],"_links":{"self":[{"href":"https:\/\/www.marianagurza.ro\/blog\/wp-json\/wp\/v2\/posts\/21933","targetHints":{"allow":["GET"]}}],"collection":[{"href":"https:\/\/www.marianagurza.ro\/blog\/wp-json\/wp\/v2\/posts"}],"about":[{"href":"https:\/\/www.marianagurza.ro\/blog\/wp-json\/wp\/v2\/types\/post"}],"author":[{"embeddable":true,"href":"https:\/\/www.marianagurza.ro\/blog\/wp-json\/wp\/v2\/users\/1"}],"replies":[{"embeddable":true,"href":"https:\/\/www.marianagurza.ro\/blog\/wp-json\/wp\/v2\/comments?post=21933"}],"version-history":[{"count":8,"href":"https:\/\/www.marianagurza.ro\/blog\/wp-json\/wp\/v2\/posts\/21933\/revisions"}],"predecessor-version":[{"id":21936,"href":"https:\/\/www.marianagurza.ro\/blog\/wp-json\/wp\/v2\/posts\/21933\/revisions\/21936"}],"wp:attachment":[{"href":"https:\/\/www.marianagurza.ro\/blog\/wp-json\/wp\/v2\/media?parent=21933"}],"wp:term":[{"taxonomy":"category","embeddable":true,"href":"https:\/\/www.marianagurza.ro\/blog\/wp-json\/wp\/v2\/categories?post=21933"},{"taxonomy":"post_tag","embeddable":true,"href":"https:\/\/www.marianagurza.ro\/blog\/wp-json\/wp\/v2\/tags?post=21933"}],"curies":[{"name":"wp","href":"https:\/\/api.w.org\/{rel}","templated":true}]}}