{"id":21943,"date":"2015-03-18T12:02:45","date_gmt":"2015-03-18T12:02:45","guid":{"rendered":"http:\/\/www.marianagurza.ro\/blog\/?p=21943"},"modified":"2015-03-18T12:02:45","modified_gmt":"2015-03-18T12:02:45","slug":"bruno-stefan-parintele-vichentie","status":"publish","type":"post","link":"https:\/\/www.marianagurza.ro\/blog\/2015\/03\/18\/bruno-stefan-parintele-vichentie\/","title":{"rendered":"Bruno \u015etefan: P\u0103rintele Vichentie"},"content":{"rendered":"<p style=\"text-align: justify;\"><a href=\"http:\/\/www.marianagurza.ro\/blog\/wp-content\/uploads\/2015\/03\/STEFAN-Bruno-wb.jpg\"><img loading=\"lazy\" decoding=\"async\" class=\"alignleft size-medium wp-image-21944\" title=\"STEFAN-Bruno wb\" src=\"http:\/\/www.marianagurza.ro\/blog\/wp-content\/uploads\/2015\/03\/STEFAN-Bruno-wb-225x300.jpg\" alt=\"\" width=\"225\" height=\"300\" srcset=\"https:\/\/www.marianagurza.ro\/blog\/wp-content\/uploads\/2015\/03\/STEFAN-Bruno-wb-225x300.jpg 225w, https:\/\/www.marianagurza.ro\/blog\/wp-content\/uploads\/2015\/03\/STEFAN-Bruno-wb.jpg 600w\" sizes=\"auto, (max-width: 225px) 100vw, 225px\" \/><\/a>Gerul n\u0103praznic \u015fi zilele mohor\u00e2te de la jum\u0103tatea lunii ianuarie \u00eei \u0163ineau pe cei mai mul\u0163i oameni \u00een casele lor. Ghea\u0163a de pe trotuare nu fusese \u00eendep\u0103rtat\u0103 de angaja\u0163ii prim\u0103riei \u015fi devenise periculoas\u0103 din cauza mormanelor de z\u0103pad\u0103 aruncate de pe str\u0103zi, care \u00eengustau circula\u0163ia pietonilor. P\u0103rintele Vichentie \u00eenainta cu greu printre ele \u015fi \u00ee\u015fi d\u0103du seama c\u0103 nu va ajunge prea repede la mitropolie. Se opri l\u00e2ng\u0103 statuia lui Eminescu din fa\u0163a Bibliotecii Centrale Universitare din Ia\u015fi. Privind-o \u00ee\u015fi d\u0103du seama c\u0103 multe din evenimentele importante ale vie\u0163ii lui au fost legate de Mihai Eminescu \u015fi de ziua de 15 ianuarie.<\/p>\n<p style=\"text-align: justify;\">\u2013 C\u00e2t de mult m-ai influen\u0163at Eminescule! \u2013 murmur\u0103 el \u00een barb\u0103.<\/p>\n<p style=\"text-align: justify;\">\n<p style=\"text-align: justify;\">\u00ce\u015fi aduse aminte c\u0103 a fost f\u0103cut pionier \u00een urm\u0103 cu aproape jum\u0103tate de veac \u00een fa\u0163a statuii lui Eminescu din Ipote\u015fti. Drumul din Co\u015fula lui natal\u0103 la Ipote\u015fti a fost f\u0103cut \u00eentr-un autobuz vechi, ne\u00eenc\u0103lzit, pe o \u015fosea plin\u0103 de gropi \u015fi necur\u0103\u0163at\u0103 de z\u0103pad\u0103, iar pe dealul de la C\u0103t\u0103m\u0103re\u015fti un cauciuc a explodat, ma\u015fina s-a oprit \u00een \u015fan\u0163 \u015fi copiii au mers p\u00e2n\u0103 \u00een Ipote\u015fti pe jos, ajung\u00e2nd \u00eenghe\u0163a\u0163i la serbare. Picioarele i s-au udat \u015fi apoi i-au \u00eenghe\u0163at, iar \u00eenv\u0103\u0163\u0103toarea, secretarul de partid \u015fi medicul comunei s-au str\u0103duit s\u0103-i \u00eenc\u0103lzeasc\u0103 pe el \u015fi pe ceilal\u0163i copii, \u00eent\u00e2rziind festivit\u0103\u0163ile.<\/p>\n<p style=\"text-align: justify;\">\n<p style=\"text-align: justify;\">Tot pe 15 ianuarie, 14 ani mai t\u00e2rziu, a fost f\u0103cut membru al partidului comunist \u00een aceia\u015fi comun\u0103 natal\u0103 a marelui poet. Atunci pancarta de deasupra consiliului popular a fost smuls\u0103 de v\u00e2nt \u015fi \u00een c\u0103dere i-a julit urechea \u015fi um\u0103rul st\u00e2ng. A revenit \u00een acela\u015fi consiliu popular din Ipote\u015fti dup\u0103 5 ani la o \u015fedin\u0163\u0103 a biroului jude\u0163ean de partid pentru a fi numit oficial viceprimar al comunei Cop\u0103l\u0103u, ca s\u0103 p\u0103r\u0103seasc\u0103 func\u0163ia tot \u00eentr-o zi de 15 ianuarie, la scurt timp dup\u0103 evenimentele tulburi din decembrie 1989. Atunci s-a angajat la Judec\u0103toria din Boto\u015fani \u00een speran\u0163a c\u0103 va intra \u00eentr-o lume nou\u0103 pe care s\u0103 o slujeasc\u0103, dar \u015fi-a dat seama cur\u00e2nd c\u0103 \u00een Judec\u0103torie avea loc mai cur\u00e2nd o batjocorire a ideii de dreptate, o siluire a ei. Sentin\u0163ele erau date la ordin \u015fi favorizau f\u0103r\u0103 nici o jen\u0103 pe fo\u015ftii lui colegi din partidul comunist \u015fi pe sus\u0163in\u0103torii acestora. De multe ori a \u00eencercat s\u0103-\u015fi conving\u0103 \u015fefii m\u0103car s\u0103 mimeze mai mult respectul legilor \u015fi al drept\u0103\u0163ii, dar s\u00e2c\u00e2ielile lui \u00eencepeau s\u0103 fie privite ca o \u00eendep\u0103rtare de vechii alia\u0163i.<\/p>\n<p style=\"text-align: justify;\">\u2013 Te-a virusat \u015fi pe tine propaganda capitalist\u0103 anglo-american\u0103! \u2013 \u00eei spuneau vechii secretari de partid, iar el ro\u015fea ru\u015finat.<\/p>\n<p style=\"text-align: justify;\">\u2013 E de-al nostru, m\u0103i! \u2013 spunea c\u00e2te unul privindu-l cum se f\u00e2st\u00e2cea jenat. \u00cenc\u0103 nu e pierdut, dar nu \u00een\u0163elege prea bine c\u0103 justi\u0163ia trebuie s\u0103 slujeasc\u0103 puterea patriotic\u0103, nu prostimea \u015fi du\u015fmanii \u0163\u0103rii.<\/p>\n<p style=\"text-align: justify;\">Iar el a continuat s\u0103 execute cuminte ordinele primite p\u00e2n\u0103 c\u00e2nd, tot \u00eentr-o zi de 15 ianuarie, ma\u015fina \u00een care se afla a deraiat pe dealurile de l\u00e2ng\u0103 T\u00e2rgu Neam\u0163 \u015fi s-a rostogolit c\u00e2\u0163iva zeci de metri, prinz\u00e2ndu-i corpul \u00eentre scaun \u015fi volan. Atunci a v\u0103zut o femeie ap\u0103r\u00e2nd din senin l\u00e2ng\u0103 el, care l-a scos din ma\u015fin\u0103 cu u\u015furin\u0163\u0103, ca pe un bagaj \u015fi i-a pansat rana de la picior. Lui i se p\u0103rea c\u0103 rana de la g\u00e2t era mai grav\u0103 c\u0103ci \u00eel umpluse de s\u00e2nge, dar ea l-a lini\u015ftit spun\u00e2ndu-i:<\/p>\n<p style=\"text-align: justify;\">\u00a0\u00a0\u00a0\u00a0\u00a0\u00a0\u00a0\u00a0\u00a0\u00a0\u00a0 \u2013 O s\u0103 por\u0163i barb\u0103 \u015fi nu o s\u0103 se mai vad\u0103, dar o s\u0103 ai multe drumuri de f\u0103cut \u00een via\u0163\u0103 \u015fi trebuie s\u0103 po\u0163i merge.<\/p>\n<p style=\"text-align: justify;\">A terminat repede, l-a s\u0103rutat pe frunte, i-a f\u0103cut o cruce mare binecuv\u00e2nt\u00e2ndu-l \u015fi a disp\u0103rut tocmai c\u00e2nd sirena ambulan\u0163ei se auzea foarte aproape. La spitalul de urgen\u0163\u0103 doctorii au constatat c\u0103 r\u0103nile erau superficiale, dar foarte bine cur\u0103\u0163ate \u015fi pansate \u015fi l-au \u00eentrebat cine l-a \u00eengrijit. El nu apucase nici m\u0103car s\u0103 mul\u0163umeasc\u0103 femeii care-l ajutase \u015fi nu \u015ftia cine este \u015fi cum o cheam\u0103 dar, ridic\u00e2ndu-\u015fi privirea pe pere\u0163ii camerei de gard\u0103, a v\u0103zut icoana Maicii Domnului \u015fi a fost sigur c\u0103 ea l-a vindecat. A fost at\u00e2t de zguduit de aceast\u0103 descoperire, c\u0103 s-a ridicat de pe patul de spital ca un cre\u015ftin convins. Atunci a \u00eengenunchiat pentru prima oar\u0103 \u00een fa\u0163a unei icoane \u015fi i-a promis Maicii Domnului c\u0103 o va sluji p\u00e2n\u0103 la sf\u00e2r\u015fitul zilelor lui \u015fi va merge oriunde-l va trimite ea.<\/p>\n<p style=\"text-align: justify;\">\n<p style=\"text-align: justify;\">S-a \u00eentors la Judec\u0103torie total schimbat \u015fi colegii i-au spus c\u0103 avea un fel ciudat de a privi, o exaltare care-i lumina tot corpul \u015fi-l f\u0103cea s\u0103 nu mai aib\u0103 fric\u0103 de nimeni, intr\u00e2nd \u00een birourile \u015fefilor \u015fi cer\u00e2ndu-le \u00een mod expres s\u0103 \u00eenceteze s\u0103 mai fac\u0103 r\u0103u oamenilor judec\u00e2nd str\u00e2mb. Enervat, unul din superiori i-a \u00eenscenat rapid o sustragere a unei sume mici de bani (1.000 lei, echivalentul a 10 ou\u0103) \u015fi l-a arestat preventiv, \u00een ideea c\u0103 se va trezi la realitate \u015fi va reveni cel dinaintea accidentului. Dar credin\u0163a \u00een inima lui cre\u015ftea cu asemenea intensitate c\u0103 nu mai putea fi st\u0103p\u00e2nit\u0103, transform\u00e2nd \u00eenchisoarea \u00eentr-un loc de prozelitism, vorbindu-le celorlal\u0163i aresta\u0163i de minunea petrecut\u0103 cu el, devor\u00e2nd c\u0103r\u0163ile religioase aduse de preotul penitenciarului. Nu avea ochi pentru mizeriile \u015fi nedrept\u0103\u0163ile din celule, nu \u00eel deranja aglomera\u0163ia din camere \u015fi intra cu ajutorul rug\u0103ciunii inimii \u00eentr-o stare de trans\u0103, \u00een care vedea aievea \u00eent\u00e2mpl\u0103rile vie\u0163ii lui \u015fi ale altora \u00eentr-o alt\u0103 perspectiv\u0103, \u00een care toate se legau \u015fi o for\u0163\u0103 a binelui se lupta s\u0103 r\u0103zbat\u0103 \u015fi s\u0103 pun\u0103 bun\u0103 r\u00e2nduial\u0103.<\/p>\n<p style=\"text-align: justify;\">\n<p style=\"text-align: justify;\">Experien\u0163a juridic\u0103 l-a ajutat s\u0103 ias\u0103 din \u00eenchisoare \u015fi s\u0103 c\u00e2\u015ftige procesul dup\u0103 aproape un an de judecat\u0103 ajuns\u0103 p\u00e2n\u0103 la \u00cenalta Curte de Casa\u0163ie \u015fi Justi\u0163ie. Dar nu s-a mai \u00eentors la Judec\u0103torie pentru a-\u015fi relua func\u0163ia, ci s-a dus direct la m\u00e2n\u0103stirea Secu \u015fi a cerut s\u0103 fie primit \u00een r\u00e2ndul c\u0103lug\u0103rilor. Stare\u0163ul l-a luat sub aripa lui, i-a devenit duhovnic, iar el a devenit juristul m\u00e2n\u0103stirii. Acolo a \u00eenceput s\u0103 scrie primele poezii cre\u015ftine. Publicase \u015fi \u00eenainte dou\u0103 volume de poezii, dar i se p\u0103reau acum total lipsite de har de\u015fi \u00eencercase \u015fi atunci s\u0103-l imite pe Eminescu. \u00cen micu\u0163a lui chilie, marele poet i se revela ca un mistic profund pe care n-a reu\u015fit s\u0103-l \u00een\u0163eleag\u0103 de\u015fi l-a citit de nenum\u0103rate ori. \u00cen starea de exaltare, de nebunie pentru Hristos, prin care trec mul\u0163i \u00een perioada de noviciat, a sim\u0163it c\u0103 \u00een sufletul lui se revars\u0103 ceva din talentul lui Mihai Eminescu \u015fi a \u015ftiut c\u0103 nu trebuie s\u0103 piard\u0103 acel dar. Scria cu o pasiune pe care nu o mai cunoscuse p\u00e2n\u0103 atunci. Volumul lui de versuri \u201eLacrima lui Hristos\u201d a cunoscut rapid gloria literar\u0103, ob\u0163in\u00e2nd premiul Festivalului Na\u0163ional de Poezie \u201eMihai Eminescu\u201d tot \u00eentr-o zi de 15 ianuarie, iar vestea c\u0103 un c\u0103lug\u0103r a primit cel mai mare premiu de poezie din \u0163ar\u0103 a ajuns cur\u00e2nd la urechile stare\u0163ului Iustin P\u00e2rvu de la m\u00e2n\u0103stirea Petru Vod\u0103, care l-a luat pe l\u00e2ng\u0103 el \u015fi l-a \u00eendemnat s\u0103 scrie la revistele pe care le edita. Sub influen\u0163a acelui cunoscut duhovnic, a ajuns s\u0103 \u00een\u0163eleag\u0103 cu mare claritate \u00een ce r\u0103t\u0103cire anticre\u015ftin\u0103 a tr\u0103it c\u00e2t timp a fost activist comunist, c\u00e2t de mult r\u0103u le-a f\u0103cut cre\u015ftinilor prin func\u0163iile pe care le-a de\u0163inut \u015fi, mai presus de toate, a \u00een\u0163eles c\u0103 are o datorie s\u0103 repare nu doar r\u0103ul f\u0103cut de el lumii, ci \u015fi r\u0103ul f\u0103cut de ceilal\u0163i comuni\u015fti. A \u00eenceput o munc\u0103 uria\u015f\u0103 de punere \u00een valoare a celor prigoni\u0163i de socialismul ateist, de santificare a celor mor\u0163i \u00een \u00eenchisorile comuniste, de scoatere la lumin\u0103 a produc\u0163iilor literare cre\u015ftine, ascunse de autorii lor \u015fi de urma\u015fii acestora prin diverse sertare de teama represaliilor. \u00cen fruntea unei echipe de c\u0103lug\u0103ri de la Petru Vod\u0103 a \u00eenceput la Aiud s\u0103 cerceteze gropile \u00een care au fost arunca\u0163i de\u0163inu\u0163ii mor\u0163i \u00een \u00eenchisoare, descoperind sute de moa\u015fte, de trupuri neputrezite \u015fi schelete frumos mirositoare. Pentru c\u0103 prima lui facultate absolvit\u0103 era \u00een domeniul construc\u0163iilor, a fost pus de p\u0103rintele Iustin P\u00e2rvu s\u0103 construiasc\u0103 la Aiud Memorialul Martirilor Anticomuni\u015fti, iar apoi m\u00e2n\u0103stirea de la Cerg\u0103ul Mic. Cur\u00e2nd, faima celor dou\u0103 construc\u0163ii ridicate de el a devenit na\u0163ional\u0103, locuri de pelerinaj pentru mul\u0163i credincio\u015fi \u015fi subiecte de dezbateri aprinse \u00een pres\u0103.<\/p>\n<p style=\"text-align: justify;\">\n<p style=\"text-align: justify;\">Toat\u0103 aceast\u0103 munc\u0103 f\u0103cut\u0103 cu con\u015ftiinciozitate nu p\u0103rea s\u0103-l \u00eemplineasc\u0103, iar p\u0103rintele Iustin P\u00e2rvu \u015fi-a dat seama c\u0103 sufletul lui t\u00e2nje\u015fte dup\u0103 altceva mai \u00eenalt \u015fi mai profund. A\u015fa c\u0103 l-a trimis pe Athos la vechiul lui prieten Petroniu T\u0103nase, stare\u0163ul schitului Prodromu care, v\u0103z\u00e2ndu-i \u00eenclina\u0163iile literare, l-a pus s\u0103 scrie despre vie\u0163ile celor mai importan\u0163i c\u0103lug\u0103ri care s-au nevoit pe Muntele Sf\u00e2nt. Munca de documentare, lungile interviuri cu cei care i-au cunoscut pe acei mari duhovnici, l-au scos pe p\u0103rintele Vichentie din schit, mai \u00eent\u00e2i dormind c\u00e2teva zile \u00een c\u00e2te-o chilie ridicat\u0103 \u00een v\u00e2rf de munte, apoi \u00een c\u00e2te-o grot\u0103 scobit\u0103 \u00een st\u00e2nc\u0103, pe urm\u0103 r\u0103t\u0103cind s\u0103pt\u0103m\u00e2ni \u00eendelungate \u00een c\u0103utarea unui pustnic cu har despre care auzea c\u0103 are darul \u00eenainte-vederii, p\u00e2n\u0103 c\u00e2nd a ajuns s\u0103 revin\u0103 la schit doar \u00een marile posturi pentru a se spovedi \u015fi \u00eemp\u0103rt\u0103\u015fi. Primind de la un pelerin un cort, o saltea gonflabil\u0103 \u015fi o p\u0103tur\u0103, se pornea prin pustia athonit\u0103 atent la urmele de pe pietre, pentru a g\u0103si ascunse printre st\u00e2nci c\u0103su\u0163ele unor pustnici, l\u00e2ng\u0103 care se aciua muncind al\u0103turi de ei, particip\u00e2nd la slujbe \u00eempreun\u0103 \u015fi \u00eenv\u0103\u0163\u00e2ndu-le \u00eencet-\u00eencet limba, mai \u00eent\u00e2i greaca, apoi rusa, bulgara, engleza \u015fi s\u00e2rba.<\/p>\n<p style=\"text-align: justify;\">\n<p style=\"text-align: justify;\">Vreme de c\u00e2\u0163iva ani a tr\u0103it ca un pustnic, muncind la buc\u0103t\u0103rie sau \u00een atelierele unor chilii pentru a primi cele dou\u0103 mese zilnice. Iar atunci c\u00e2nd s\u0103r\u0103cia era prea mare \u015fi hrana era greu de ob\u0163inut, picta c\u00e2teva icoane \u015fi cobora \u00een portul Daphne pentru a le vinde pelerinilor sau a le da la schimb pentru c\u00e2teva p\u00e2ini \u015fi portocale.<\/p>\n<p style=\"text-align: justify;\">\n<p style=\"text-align: justify;\">Tot \u00eentr-o zi de 15 ianuarie, pe c\u00e2nd se afla \u00een port, a v\u0103zut un b\u0103rbat cu 2-3 ani mai t\u00e2n\u0103r dec\u00e2t el, care privea neajutorat \u00een jur \u015fi s-a dus spre el d\u0103ruindu-i una din icoane \u015fi \u00eentreb\u00e2ndu-l unde vrea s\u0103 mearg\u0103. I-a spus \u00een rus\u0103 c\u0103-l cheam\u0103 Sa\u015fa \u015fi c\u0103 a venit s\u0103-\u015fi g\u0103seasc\u0103 un duhovnic s\u0103 se spovedeasc\u0103. P\u0103rintele Vichentie i-a popus s\u0103-i fie ghid \u015fi s\u0103 mearg\u0103 \u00eempreun\u0103 s\u0103 vad\u0103 c\u00e2teva m\u00e2n\u0103stiri \u015fi schituri, s\u0103-i prezinte c\u00e2\u0163iva p\u0103rin\u0163i despre care \u015ftia c\u0103 sunt v\u0103z\u0103tori \u00een duh \u015fi c\u0103uta\u0163i pentru vorbele pline de har pe care le spuneau. Sa\u015fa era t\u0103cut \u015fi-i privea cu suspiciune pe mul\u0163i dintre c\u0103lug\u0103rii ce-i erau prezenta\u0163i. Tot merg\u00e2nd pe la m\u00e2n\u0103stirea Pantelimon, la Vechiul Russikon \u015fi la Sf\u00e2ntul Ilie, p\u0103rintele Vichentie \u00eei vorbea cu \u00eensufle\u0163ire despre minunile petrecute \u00een acele locuri, \u00eei spunea \u00eent\u00e2mpl\u0103rile legate de fiecare icoan\u0103, de fiecare chilie, de fiecare altar \u015fi de marii sfin\u0163i ru\u015fi care au trecut pe-acolo. Nici Vichentie nu era de fel un om vorb\u0103re\u0163, ba chiar i se p\u0103rea c\u0103 pustnicindu-se at\u00e2t de mult a uitat s\u0103 vorbeasc\u0103, dar vedea c\u0103 t\u0103cerea lui Sa\u015fa se datoreaz\u0103 unor grele taine care-i ap\u0103sau sufletul \u015fi vorbea ne\u00eencetat pentru a-l face s\u0103 uite de sine, pentru a-l rupe de g\u00e2ndurile lui \u015fi a-i abate aten\u0163ia spre minuni \u015fi lucruri mai \u00een\u0103l\u0163\u0103toare. La schitul Sf\u00e2nta Ana, unde el slujea \u00eempreun\u0103 cu al\u0163i c\u0103lug\u0103ri rom\u00e2ni, basarabeni \u015fi greci, a trebuit s\u0103 spovedeasc\u0103 un pelerin venit special pentru el, iar Sa\u015fa l-a privit pe acesta din urm\u0103 cum se ridic\u0103 tulburat, dar luminat \u015fi eliberat de povara p\u0103catelor \u0163inute-n suflet mult\u0103 vreme, \u00eenc\u00e2t un imbold l-a \u00eempins s\u0103-i cear\u0103 p\u0103rintelui Vichentie s\u0103-l spovedeasc\u0103 \u015fi pe el, dar pun\u00e2ndu-l \u00een gard\u0103 c\u0103 va fi o spovedanie lung\u0103 \u015fi periculoas\u0103, ce-i va schimba via\u0163a definitiv.<\/p>\n<p style=\"text-align: justify;\">\n<p style=\"text-align: justify;\">A aflat astfel c\u0103 \u00eel cheam\u0103 Aleksandr Litvinenko \u015fi c\u0103 a fost ofi\u0163er al serviciilor secrete ruse. Vreme de 8 ore i-a spus despre toate misiunile pe care le-a avut \u00een KGB \u015fi FSB, despre grupurile de crim\u0103 organizat\u0103 pe care aceste servicii le-au controlat \u015fi coordonat \u00een Rusia \u015fi \u00een multe alte \u0163\u0103ri, despre oligarhii, politicienii, jurnali\u015ftii, oamenii de \u015ftiin\u0163\u0103 \u015fi activi\u015ftii civici pe care i-a promovat \u015fi protejat \u00een toate statele lumii. Un puhoi de nume, de cifre, de date \u015fi de informa\u0163ii se rev\u0103rsa parc\u0103 \u00een capul c\u0103lug\u0103rului \u00eentr-o form\u0103 mai tulbur\u0103toare dec\u00e2t \u00een orice roman de spionaj citit p\u00e2n\u0103 atunci. Se chinuia s\u0103 re\u0163in\u0103 c\u00e2t mai multe \u015fi s\u0103 fac\u0103 leg\u0103tura \u00eentre \u00eent\u00e2mpl\u0103rile povestite, c\u0103ci Sa\u015fa \u00eel introdusese prin spovedania lui \u00een epicentrul celor mai mari \u015fi mai ascunse jocuri ale geopoliticii mondiale. \u00ce\u015fi uitase atribu\u0163iile de duhovnic \u015fi vedea parc\u0103 aievea toate ma\u015fina\u0163iunile serviciilor secrete, \u00een\u0163elegea sensurile ascunse ale celor mai mari ac\u0163iuni politice de pe planet\u0103 \u015fi mai ales din Estul Europei. Evenimentele din ultimele decenii din Rom\u00e2nia c\u0103p\u0103tau pentru el alt sens, iar Sa\u015fa i-a spus sute de nume ale personalit\u0103\u0163ilor rom\u00e2ne aflate \u00een solda Rusiei. Parc\u0103 toat\u0103 istoria \u0163\u0103rii lui a fost scris\u0103 de ni\u015fte p\u0103pu\u015fari cinici, iar el, asemeni tuturor celorlal\u0163i locuitori, a tr\u0103it cu pasiune un rol stupid, din care nu a putut ie\u015fi nici dup\u0103 ce s-a c\u0103lug\u0103rit, c\u0103ci toat\u0103 rena\u015fterea cre\u015ftin\u0103 a fost programat\u0103 la Kremlin de oameni care \u00eel urau pe Hristos dar voiau s\u0103-l foloseasc\u0103 \u00een planurile lor de cucerire a lumii. \u015ei i-a vorbit de noul p\u0103pu\u015far-\u015fef Vladimir Putin, de jafurile \u015fi crimele pe care le-a ordonat \u015fi despre pericolul pe care-l reprezint\u0103 pentru omenire acest individ.<\/p>\n<p style=\"text-align: justify;\">\u2013 Nu te \u00eentreb p\u0103rinte dac\u0103 m\u0103 mai pot m\u00e2ntui dup\u0103 relele pe care le-am f\u0103cut. Mai degrab\u0103 te-am ales s\u0103 m\u0103 aju\u0163i s\u0103 le repar, c\u0103ci de ele oric\u00e2t voi fugi nu voi putea sc\u0103pa. Am fugit \u00een Londra, dar spionii ru\u015fi au venit dup\u0103 mine \u015fi chiar \u015fi aici pe Muntele Sf\u00e2nt au trimis destui agen\u0163i. Solu\u0163ia este s\u0103-i neutraliz\u0103m f\u0103r\u0103 s\u0103-\u015fi dea seama, s\u0103 le anul\u0103m puterea de a face r\u0103u. Dac\u0103 le scoatem ru\u015filor de sub control Athosul, Rom\u00e2nia, Polonia \u015fi \u0163\u0103rile baltice, le-am scos toat\u0103 Europa de Est din subordine. Pentru ideologii ru\u015fi cine controleaz\u0103 Europa de Est controleaz\u0103 \u00eentreaga lume \u015fi b\u0103t\u0103lia pe acest col\u0163 de lume se va accentua \u00een perioada urm\u0103toare.<\/p>\n<p style=\"text-align: justify;\">\u2013 Ce pot face eu, un c\u0103lug\u0103r s\u0103rac, f\u0103r\u0103 bani \u015fi f\u0103r\u0103 rela\u0163ii?<\/p>\n<p style=\"text-align: justify;\">\u2013 \u00cei po\u0163i deconspira ca agen\u0163i str\u0103ini unul c\u00e2te unul pe to\u0163i c\u0103lug\u0103rii spioni de aici. Apoi pe cei din \u0163ara ta \u015fi din \u0163\u0103rile din jur. Totul e s\u0103 \u00eencepi cu primii 3-4 oameni, c\u0103 pe urm\u0103 lucrurile vor merge de la sine.<\/p>\n<p style=\"text-align: justify;\">\n<p style=\"text-align: justify;\">P\u0103rintele nu i-a dat nici un canon, c\u0103ci \u015fi-a dat seama c\u0103 \u015fi-a luat singur unul mai mare dec\u00e2t putea duce un om obi\u015fnuit, dar nu l-a \u00eemp\u0103rt\u0103\u015fit dec\u00e2t dup\u0103 \u00eenc\u0103 3 zile de spovedit \u015fi de povestit, ca s\u0103 poat\u0103 \u00een\u0163elege mai bine cum poate opri pericolul rus ce se ivea amenin\u0163\u0103tor la orizont.<\/p>\n<p style=\"text-align: justify;\">\n<p style=\"text-align: justify;\">Dup\u0103 ce Litvinenko a plecat spre Londra, Vichentie i-a cerut p\u0103rintelui Petroniu T\u0103nase de la schitul rom\u00e2nesc Prodromu s\u0103-l spovedeasc\u0103 \u015fi i-a spus cele relatate de spionul rus, \u015ftiind c\u0103 stare\u0163ul era un anticomunist convins, un duhovnic respectat \u00een tot muntele \u015fi cu putere de influen\u0163\u0103 \u00een r\u00e2ndul autorit\u0103\u0163ilor. Cu discre\u0163ie \u015fi cu tact, acesta i-a alungat din Athos pe to\u0163i agen\u0163ii ru\u015fi din m\u00e2n\u0103stirea Marea Lavr\u0103, trimi\u0163\u00e2ndu-i sub porunca ascult\u0103rii \u00een diverse \u0163\u0103ri din Asia, America de Sud sau Africa pentru a propaga acolo credin\u0163a ortodox\u0103. Cu sprijinul c\u00e2torva stare\u0163i din Sf\u00e2nta Chinotit\u0103, a reu\u015fit s\u0103-i \u00eendep\u0103rteze \u015fi pe al\u0163i c\u0103lug\u0103ri \u015fi pe fal\u015fii lor discipoli, iar pe unii s\u0103-i izoleze \u00een chilii aflate departe de centrele de putere ale Athosului. Nu a fost o ac\u0163iune u\u015foar\u0103 \u015fi chiar patriarhul Moscovei s-a pl\u00e2ns de h\u0103r\u0163uirea la care sunt supu\u015fi c\u0103lug\u0103rii ru\u015fi, dar Vichentie a adus \u00een locul lor tot ru\u015fi de la m\u00e2n\u0103stirea Solovetsky din arhipelagul aflat \u00een nordul Rusiei, de la Sf\u00e2ntul Chiril din Belozersky de pe malul lacului Siverskoye, de la Lavra Sf\u00e2ntului Serghie de Radonej din Posad, de la Lavra Pecerska din Kiev, de la m\u00e2n\u0103stirea Sergheev de l\u00e2ng\u0103 Sankt Petersburg \u015fi de la alte m\u00e2n\u0103stiri ruse\u015fti de mare faim\u0103.<\/p>\n<p style=\"text-align: justify;\">\n<p style=\"text-align: justify;\">La un an de la acea \u00eent\u00e2lnire a fost chemat la Londra s\u0103 spovedeasc\u0103 \u015fi al\u0163i ru\u015fi afla\u0163i acolo \u00een exil. Pe 15 ianuarie 2006 l-a cunoscut pe Boris Berezovski, un miliardar rus, fost oficial guvernamental apropiat al pre\u015fedintelui Boris El\u0163in, deputat, matematician, inginer \u015fi academician, evreu botezat ortodox dup\u0103 ce a sc\u0103pat \u00een mod miraculos dintr-un atentat pus la cale de cineva din serviciile secrete ruse\u015fti subordonat vechiului lui adversar Vladimir Putin. Spovedania lui a fost mai scurt\u0103, dar mai riguros organizat\u0103, despre generalii care l-au lovit \u015fi pe care i-a distrus sau cu care \u00eenc\u0103 se confrunt\u0103, despre complicatele afaceri cu petrol, gaze, ciment, automobile, media \u015fi calculatoare. Faptul c\u0103 unul din cei mai boga\u0163i oameni ai lumii l-a ales pe el, unul dintre cei mai s\u0103raci oameni de pe fa\u0163a p\u0103m\u00e2ntului, s\u0103-i fie duhovnic, \u00eel umplea de mirare dar \u015fi de bucurie, c\u0103ci vedea c\u0103 renun\u0163area la lumea lui i-a deschis alte lumi mai complicate, mai dificil de \u00een\u0163eles, dar \u00een care vedea c\u0103 este util, oferind \u00een\u0163elegere \u015fi iertarea de p\u0103cate.<\/p>\n<p style=\"text-align: justify;\">\n<p style=\"text-align: justify;\">Ru\u015fii \u015fi ucrainienii care gravitau \u00een jurul miliardarului s-au spovedit \u015fi ei la p\u0103rintele Vichentie, iar faima c\u0103lug\u0103rului athonit anticomunist s-a r\u0103sp\u00e2ndit cu repeziciune \u00een lumea londonez\u0103, mai ales dup\u0103 ce Boris Berezovski i-a publicat \u00een limba englez\u0103 o antologie de poezii. Vreme de dou\u0103 luni a fost asaltat continuu de curio\u015fi veni\u0163i s\u0103 vad\u0103 cum arat\u0103 un pustnic din Sf\u00e2ntul Munte, de oameni dornici s\u0103 se spovedeasc\u0103 pentru prima oar\u0103 \u00een via\u0163\u0103. Dup\u0103 ce tabloidul britanic The Sun i-a f\u0103cut o scurt\u0103 prezentare, iar BBC Two a prezentat un reportaj despre ascetul athonit poliglot, poet, jurist, inginer constructor \u015fi teolog, care tr\u0103ie\u015fte de mul\u0163i ani f\u0103r\u0103 bani \u00eemp\u0103rt\u0103\u015find deopotriv\u0103 miliardari \u015fi s\u0103r\u0103ntoci, ce a convertit la ortodoxie sute de cre\u015ftini anglicani \u015fi adun\u0103 la slujbe at\u00e2t de mul\u0163i de credincio\u015fi \u00eenc\u00e2t nu au loc nu doar \u00een biseric\u0103, dar nici m\u0103car pe str\u0103du\u0163ele din jurul ei, c\u0103lug\u0103rul Vichentie a fost nevoit s\u0103 p\u0103r\u0103seasc\u0103 Londra \u00een fa\u0163a avalan\u015fei de curio\u015fi. A revenit \u00eens\u0103 la c\u00e2teva luni, c\u00e2nd Aleksandr Litvinenko l-a anun\u0163at c\u0103 a fost iradiat \u015fi c\u0103 nu crede c\u0103 va sc\u0103pa cu via\u0163\u0103 din acel atentat. Moartea celebrului spion a \u00eenr\u0103ut\u0103\u0163it rela\u0163iile dintre Regatul Unit \u015fi Rusia, iar Vichentie a fost anchetat de serviciile secrete engleze \u015fi filat o vreme datorit\u0103 refuzului de a spune informa\u0163ii aflate sub pecetea tainei spovedaniei.<\/p>\n<p style=\"text-align: justify;\">\n<p style=\"text-align: justify;\">S-a retras din nou \u00een pustia athonit\u0103 de la Sf\u00e2nta Ana, dar sufletul \u00eei era tulburat de evenimentele prin care trecuse \u015fi de lucrurile pe care le aflase. Oamenii lui Berezovski l-au mai c\u0103utat de c\u00e2teva ori \u015fi l-au rugat s\u0103-i sprijine, devenind duhovnicul lui Victor Iu\u015fcenko \u015fi Ruslana Lijiciko \u00een Kiev, Anatoli Ciubais \u015fi Boris Nem\u0163ov \u00een Moscova. C\u0103l\u0103torea dintr-un loc \u00een altul, ascult\u00e2nd secretele unor mari oameni ai lumii. Sim\u0163ea c\u0103 Estul Europei a \u00eenceput s\u0103 fiarb\u0103, c\u0103 centrele de putere se \u00eent\u0103resc pentru a ataca \u015fi a cuceri noi spa\u0163ii \u015fi resurse, c\u0103 forma\u0163iuni atee, islamice, mafiote, se adun\u0103 pentru a da un asalt valorilor cre\u015ftine ale b\u0103tr\u00e2nului continent \u015fi c\u0103 el are o misiune grea: s\u0103 \u0163in\u0103 piept acestui asalt. De multe ori \u00ee\u015fi repro\u015fa c\u0103 a devenit un c\u0103lug\u0103r vagabond, folosit de serviciile secrete \u00een b\u0103t\u0103lii murdare \u015fi \u00ee\u015fi dorea s\u0103 se opreasc\u0103, s\u0103 se retrag\u0103 la schitul lui din Sf\u00e2ntul Munte, dar de fiecare dat\u0103 \u00ee\u015fi aducea aminte de miracolul salv\u0103rii lui de c\u0103tre Maica Domnului \u015fi de vorbele spuse atunci, c\u0103 va c\u0103l\u0103tori mult.<\/p>\n<p style=\"text-align: justify;\">\u2013 Poate \u0103sta este destinul meu \u2013 \u00ee\u015fi zicea adeseori \u2013 s\u0103 colind lumea \u015fi s\u0103-i fac pe mai marii \u0163\u0103rilor s\u0103 nu uite de Hristos. Nu mai sunt un c\u0103lug\u0103r de m\u00e2n\u0103stire, ci un c\u0103lug\u0103r al palatelor puterii.<\/p>\n<p style=\"text-align: justify;\">\n<p style=\"text-align: justify;\">De multe ori le spunea rom\u00e2nilor pe care-i \u00eent\u00e2lnea c\u0103 pre\u015fedintele Traian B\u0103sescu este un fals democrat, c\u0103 s-a \u00eenconjurat de o mafie securist\u0103 de sorginte ruseasc\u0103, c\u0103 \u00een Rom\u00e2nia nu exist\u0103 partide cre\u015ftine ci doar ramuri ale aceluia\u015fi partid comunist. Dar pu\u0163ini \u00eel luau \u00een serios c\u0103ci unii voiau s\u0103 cread\u0103 c\u0103 exist\u0103 forma\u0163iuni anticomuniste, iar al\u0163ii nu voiau ca oamenii Bisericii s\u0103 abordeze chestiuni politice. Nu mic\u0103 le-a fost mirarea celor care-l cuno\u015fteau c\u00e2nd au v\u0103zut c\u0103 se implic\u0103 \u00een b\u0103t\u0103lia politic\u0103 din vara anului 2012 de partea pre\u015fedintelui B\u0103sescu.<\/p>\n<p style=\"text-align: justify;\">\u2013 E un asalt \u00eempotriva lui Hristos, nu al unui pre\u015fedinte, le spunea el tuturor. Privi\u0163i cu aten\u0163ie cine se afl\u0103 \u00een spatele celor care vor s\u0103-l d\u0103r\u00e2me pe B\u0103sescu. E un asalt al Rusiei \u00eempotriva Rom\u00e2niei, sprijinit\u0103 de for\u0163e islamice, care vor s\u0103 distrug\u0103 Europa cre\u015ftin\u0103. Aici nu e doar o b\u0103t\u0103lie \u00eentre dou\u0103 for\u0163e rom\u00e2ne\u015fti. Profit\u00e2nd de acest r\u0103zboi s-a pornit un alt r\u0103zboi nev\u0103zut. Nu doar c\u0103 statele s-au pus \u00een mi\u015fcare interesate \u00een sl\u0103birea Rom\u00e2niei, dar \u015fi sus \u00een cer au \u00eenceput s\u0103 se mi\u015fte duhurile necurate pentru a-l alunga pe Hristos din Europa.<\/p>\n<p style=\"text-align: justify;\">\n<p style=\"text-align: justify;\">V\u0103z\u00e2nd c\u0103 nici m\u0103car cei din partidul preziden\u0163ial nu se mobilizeaz\u0103 \u015fi-\u015fi accept\u0103 \u00eenfr\u00e2ngerea f\u0103r\u0103 s\u0103 fi f\u0103cut m\u0103car o rezisten\u0163\u0103 formal\u0103, p\u0103rintele Vichentie a pornit spre Berlin hot\u0103r\u00e2t s-o conving\u0103 pe cancelara Angela Merkel s\u0103 se opun\u0103 asaltului antihristic de la Bucure\u015fti. Cu sprijinul oamenilor importan\u0163i pe care ajunsese s\u0103-i cunoasc\u0103, u\u015file Cancelariei Germaniei i s-au deschis, doamna Merkel l-a ascultat cu interes \u015fi nu doar c\u0103 l-a crezut dar, ca adev\u0103rat\u0103 fiic\u0103 de preot, a sim\u0163it c\u0103 este datoare s\u0103 opreasc\u0103 lovitura de stat socialist\u0103. De fa\u0163\u0103 cu el l-a sunat pe pre\u015fedintele SUA Barack Obama \u015fi i-a cerut s\u0103-\u015fi asume public sprijinirea lui Traian B\u0103sescu \u015fi apoi a ie\u015fit \u00een conferin\u0163\u0103 de pres\u0103 al\u0103turi de p\u0103rintele Vichentie denun\u0163\u00e2nd atacul asupra statului de drept de la Bucure\u015fti. I-a cerut telefonic pre\u015fedintelui rom\u00e2n s\u0103 saboteze referendumul de suspendare \u015fi s\u0103 organizeze rezisten\u0163a prin boicotarea particip\u0103rii la vot. Victoria \u00eempotriva comuni\u015ftilor rom\u00e2ni era fragil\u0103, pre\u015fedintele \u015fi cei din anturajul lui erau corup\u0163i \u015fi ur\u00e2\u0163i de popula\u0163ie \u015fi un lider cre\u015ftin \u00eenc\u0103 nu se f\u0103cuse remarcat. Cu ajutorul unui sociolog, Vichentie l-a identificat pe primarul ora\u015fului Sibiu, neam\u0163ul Klaus Iohannis, ca un poten\u0163ial pre\u015fedinte puternic \u015fi a \u00eenceput s\u0103 vorbeasc\u0103 despre promovarea lui \u00een toate mediile interna\u0163ionale.<\/p>\n<p style=\"text-align: justify;\">\n<p style=\"text-align: justify;\">Asasinarea lui Boris Berezovski \u00een martie 2013 l-a f\u0103cut pe Vichentie s\u0103 se retrag\u0103 \u00een chilia lui athonit\u0103. Frica \u00eencepuse s\u0103 pun\u0103 st\u0103p\u00e2nire pe el. Doi din fii lui duhovnice\u015fti au murit \u00een condi\u0163ii suspecte \u015fi se temea c\u0103 vor urma \u015fi al\u0163ii \u00een acest r\u0103zboi al lumilor. Moartea stare\u0163ului Petroniu T\u0103nase cu doi ani \u00eenainte \u00eel r\u0103v\u0103\u015fise mai mult dec\u00e2t voia s\u0103 recunoasc\u0103. Nu reu\u015fea s\u0103 g\u0103seasc\u0103 un alt preot la care s\u0103 se spovedeasc\u0103 \u015fi care s\u0103-l \u00een\u0163eleag\u0103, s\u0103-l \u00eendrume, s\u0103-l sprijine. Mul\u0163i c\u0103lug\u0103ri priveau cu suspiciune lungile lui ie\u015firi \u00een afara muntelui. Pentru ei un c\u0103lug\u0103r este \u00eensurat cu m\u00e2n\u0103stirea \u015fi prin tunderea \u00een monahism a f\u0103cut leg\u0103m\u00e2ntul desp\u0103r\u0163irii de lume. Ag\u0103\u0163area lui Vichentie de lume li se p\u0103rea o \u00eendep\u0103rtare de canoanele ortodoxe, iar sprijinul pe care i-l ar\u0103tau f\u0103\u0163i\u015f unii stare\u0163i \u015fi mari pustnici f\u0103r\u0103 nici o explica\u0163ie, li se p\u0103rea unora ceva ocult. Pentru mul\u0163i c\u0103lug\u0103ri el era cel care le-a cerut s\u0103 boicoteze vizita pe Athos a patriarhului Kiril al Moscovei \u015fi al \u00eentregii Rusii, lucru care nu li se p\u0103rea \u00een ordine, c\u0103ci unii visau la o armonie a tuturor ortodoc\u015filor \u015fi nu agreau fac\u0163iuni na\u0163ionaliste printre cre\u015ftinii de rit oriental.<\/p>\n<p style=\"text-align: justify;\">\n<p style=\"text-align: justify;\">Ar fi vrut s\u0103 se ascund\u0103, s\u0103 se topeasc\u0103 \u00een masa c\u0103lug\u0103rilor anonimi ai Muntelui \u015fi de multe ori \u00eencerca acest lucru, dar diver\u015fi oameni veneau s\u0103-l caute \u015fi trebuia s\u0103 ias\u0103 la lumin\u0103 \u015fi s\u0103 porneasc\u0103 din nou la drum. Acea v\u00e2nzoleal\u0103 cresc\u00e2nd\u0103 de pelerini pe Athos din ultimul deceniu \u00eei era atribuit\u0103 lui Vichentie \u00een mare m\u0103sur\u0103 \u015fi mul\u0163i se pl\u00e2ngeau c\u0103 Muntelui Sf\u00e2nt i-a disp\u0103rut lini\u015ftea tradi\u0163ional\u0103, at\u00e2t de necesar\u0103 pentru a ajunge la tr\u0103iri mistice \u00eenalte.<\/p>\n<p style=\"text-align: justify;\">\n<p style=\"text-align: justify;\">La sf\u00e2r\u015fitul lunii decembrie 2013 p\u0103rintele se porni spre Kiev pentru a petrece s\u0103rb\u0103toarea Cr\u0103ciunului al\u0103turi de fii lui duhovnice\u015fti de acolo, sper\u00e2nd s\u0103 se \u00eentoarc\u0103 repede la chilia lui athonit\u0103 de la Sf\u00e2nta Ana. Ajuns \u00een capitala Ucrainei a v\u0103zut mul\u0163imi de tineri scand\u00e2nd \u00eempotriva pre\u015fedintelui filorus \u00een pia\u0163a Maidan. Mitingul prelungit i-a adus aminte de Pia\u0163a Universit\u0103\u0163ii din Bucure\u015fti, de modul \u00een care a fost distrus\u0103 acea mi\u015fcare, de umilin\u0163ele la care au fost supu\u015fi liderii ei \u015fi de refuzul Bisericii Ortodoxe de a se implica \u00een sus\u0163inerea revendic\u0103rilor lor democratice. \u015ei \u00een Kiev \u2013 la fel ca aproape un sfert de veac \u00een urm\u0103 \u00een Bucure\u015fti \u2013 ierarhii bisericilor ortodoxe sus\u0163ineau f\u0103\u0163i\u015f politica pre\u015fedintelui, acuz\u00e2ndu-i pe manifestan\u0163i c\u0103 sunt manipula\u0163i de du\u015fmanii occidentali sau spun\u00e2nd c\u0103 se \u0163in departe de jocurile politice. Doar greco-catolicii hot\u0103r\u00e2se s\u0103 fie al\u0103turi de popor, l\u0103s\u00e2nd deschise bisericile 24 de ore din 24, oferind ad\u0103post \u015fi mese calde \u015fi celebr\u00e2nd Sf\u00e2nta Liturghie \u00een mijlocul protestan\u0163ilor afla\u0163i \u00een pia\u0163a Maidan. P\u0103rintele Vichentie a ridicat \u015fi el \u00eentr-un cort o capel\u0103 ortodox\u0103 cu altar, crucifix \u015fi icoane, spun\u00e2ndu-le manifestan\u0163ilor c\u0103 slujitorii Bisericii Ortodoxe trebuie s\u0103 asculte cu aten\u0163ie vocile oamenilor afla\u0163i \u00een grija lor duhovniceasc\u0103.<\/p>\n<p style=\"text-align: justify;\">\u2013 Dac\u0103 preo\u0163ii ortodoc\u015fi refuz\u0103 s\u0103 fie al\u0103turi de voi, \u00eenseamn\u0103 c\u0103 nu \u00een\u0163eleg esen\u0163a cre\u015ftinismului \u2013 spunea el la microfon, iar vocea lui puternic\u0103 se auzea \u00een toat\u0103 pia\u0163a. Dumnezeu este \u00eentotdeauna al\u0103turi de cei care lupt\u0103 pentru dreptate. Prin ac\u0163iunea voastr\u0103 recre\u015ftina\u0163i Ucraina \u015fi ar\u0103ta\u0163i lumii c\u0103 valorile europene care au fundamente cre\u015ftine nu au p\u0103lit \u00een inima voastr\u0103 oric\u00e2t s-au luptat pentru acest lucru ateii afla\u0163i la putere \u00een ultimul secol.<\/p>\n<p style=\"text-align: justify;\">\n<p style=\"text-align: justify;\">Vestea c\u0103 \u00een mijlocul protestan\u0163ilor din Maidan a venit un c\u0103lug\u0103r tocmai de la Athos s-a r\u0103sp\u00e2ndit cu iu\u0163eal\u0103 \u015fi mai mul\u0163i preo\u0163i \u015fi c\u0103lug\u0103ri s-au al\u0103turat lui. \u00cen jurul lui s-au str\u00e2ns \u015fi catolici, greco-catolici, ortodoc\u015fi de rit vechi sau nou, apar\u0163in\u00e2nd patriarhiei de la Moscova sau Kiev. Solidarizarea unor reprezenta\u0163i din toate bisericile cre\u015ftine \u015fi slujbele \u0163inute \u00eempreun\u0103 \u00eentr-o armonie nemai\u00eent\u00e2lnit\u0103 p\u00e2n\u0103 atunci au dat un nou suflu mi\u015fc\u0103rilor protestatare din pia\u0163\u0103. Oameni din diverse localit\u0103\u0163i din Ucraina, dar \u015fi din alte \u0163\u0103ri veneau s\u0103 participe la manifesta\u0163iile antipreziden\u0163iale, iar \u00een multe ora\u015fe pie\u0163ele centrale au \u00eenceput s\u0103 fie ocupate de demonstran\u0163i.<\/p>\n<p style=\"text-align: justify;\">\n<p style=\"text-align: justify;\">Trei ofi\u0163eri din for\u0163ele speciale Berkut l-au atacat \u00eentr-o noapte pe Vichentie \u00een cortul \u00een care dormea \u00een pia\u0163\u0103, dar \u0163ipetele lui i-au trezit pe manifestan\u0163i, care au reu\u015fit s\u0103-l salveze. A doua zi cortul lui a fost \u0163inta unor rafale cu gloan\u0163e de pe cl\u0103dirile \u00eenvecinate, r\u0103nind doi c\u0103lug\u0103ri de la m\u00e2n\u0103stirea Sf\u00e2ntul Iona care slujeau al\u0103turi de el. \u00cen\u0163eleg\u00e2nd c\u0103 asaltul asupra manifestan\u0163ilor este iminent, primarul Kievului Vitali Kliciko \u2013 fiul lui duhovnicesc, un cunoscut boxer devenit lider al manifestan\u0163ilor \u2013 l-a scos \u00een secret din pia\u0163\u0103, iar un om de-al lui de \u00eencredere l-a condus sute de kilometri p\u00e2n\u0103 la grani\u0163a cu Rom\u00e2nia.<\/p>\n<p style=\"text-align: justify;\">\n<p style=\"text-align: justify;\">Particip\u00e2nd mai bine de dou\u0103 s\u0103pt\u0103m\u00e2ni la manifesta\u0163iile anticomuniste \u015fi antiruse\u015fti din Kiev, Vichentie a \u00een\u0163eles cu mai mult\u0103 claritate c\u0103 Vladimir Putin are un plan de recucerire a \u0163\u0103rilor din Estul Europei \u015fi c\u0103 se bazeaz\u0103 foarte mult pe sprijinul bisericilor ortodoxe. Trebuia s\u0103-i conving\u0103 pe mitropoli\u0163ii rom\u00e2ni s\u0103 opreasc\u0103 sprijinul electoral acordat comuni\u015ftilor \u015fi \u015ftia c\u0103 era ceva foarte greu de f\u0103cut, c\u0103ci comuni\u015ftii se ar\u0103taser\u0103 foarte prieteno\u015fi fa\u0163\u0103 de Biseric\u0103 \u00een ultimii ani finan\u0163\u00e2ndu-i toate proiectele.<\/p>\n<p style=\"text-align: justify;\">\n<p style=\"text-align: justify;\">Se opri mai \u00eent\u00e2i la Festivalul de poezie \u201eMihai Eminescu\u201d din Boto\u015fani pentru a-\u015fi saluta vechii prieteni scriitori \u015fi pentru a-i anun\u0163a despre iminenta lansare a c\u0103r\u0163ii \u201dCtitorii \u015fi a\u015fez\u0103minte rom\u00e2ne\u015fti la Sf\u00e2ntul Munte Athos\u201d. Manuscrisul ei a fost citit \u015fi primit cu bucurie de mul\u0163i scriitori prezen\u0163i. Unii au vrut s\u0103 ciocneasc\u0103 un pahar de vin pentru aceast\u0103 carte ce urma s\u0103 aib\u0103 un succes garantat. Cele trei zile ale Festivalului l-au deconectat \u015fi a tr\u0103it \u00eentr-o petrecere cum n-a mai cunoscut de mult\u0103 vreme. Timp de un sfert de veac n-a b\u0103ut niciodat\u0103 mai mult de jum\u0103tate de pahar de vin, dar acum b\u0103use \u00een fiecare sear\u0103 c\u00e2te 3-4 pahare. Tot povestind despre minunile athonite, despre \u00eent\u00e2mpl\u0103rile din Ucraina, despre oamenii l\u00e2ng\u0103 care a stat, a uitat m\u0103sura b\u0103uturii, iar gerul de afar\u0103 parc\u0103-l \u00eendemna s\u0103 mai bea. Pentru prima dat\u0103 de c\u00e2nd s-a c\u0103lug\u0103rit a lipsit de la Sf\u00e2nta Liturghie de duminic\u0103. Diminea\u0163\u0103 s-a trezit cu capul greu, mahmur \u015fi cu un puternic sentiment de vinov\u0103\u0163ie.<\/p>\n<p style=\"text-align: justify;\">\n<p style=\"text-align: justify;\">A plecat din Boto\u015fani spre Ia\u015fi pentru a ajunge la mitropolie. C\u0103ra cu el c\u00e2teva sticle de vin athonit de \u00eemp\u0103rt\u0103\u015fanie \u015fi icoane pictate de prietenii lui care reproduceau marile icoane f\u0103c\u0103toare de minuni ale Muntelui. La statuia lui Eminescu s-a oprit s\u0103-\u015fi trag\u0103 sufletul. Gerul de-afar\u0103 \u00eel trezise definitiv \u015fi-i alungase mahmureala, dar parc\u0103 nu-\u015fi g\u0103sea cuvintele pentru discu\u0163iile pe care urma s\u0103 le aib\u0103 cu superiorii Bisericii. Ceva \u00een interiorul lui \u00eei spunea s\u0103 se-ntoarc\u0103 din drum \u015fi s\u0103 mearg\u0103 mai t\u00e2rziu, c\u00e2nd se va sim\u0163i preg\u0103tit, dar niciodat\u0103 nu a dat \u00eenapoi chiar \u015fi c\u00e2nd s-a dus la \u00eent\u00e2lniri mai grele, a\u015fa c\u0103 s-a ridicat de pe soclul statuii marelui poet \u015fi s-a pornit la drum. Travers\u00e2nd strada \u00een fug\u0103 a alunecat pe ghea\u0163\u0103, bagajul din m\u00e2n\u0103 i-a c\u0103zut peste picior lovindu-l \u015fi pierz\u00e2ndu-\u015fi echilibrul s-a pr\u0103v\u0103lit cu toat\u0103 greutatea peste piciorul accidentat. A auzit osul cum s-a rupt \u015fi nu s-a mai putut ridica de jos. S-a t\u00e2r\u00e2t p\u00e2n\u0103 pe trotuar, tr\u0103g\u00e2nd dup\u0103 el saco\u015fa cu vin \u015fi icoane. Un trec\u0103tor s-a gr\u0103bit s\u0103-l ajute s\u0103 se ridice \u015fi \u00een\u0163eleg\u00e2nd c\u0103 nu poate, a sunat la Salvare. Observ\u00e2nd cu c\u00e2t\u0103 grij\u0103 \u00ee\u015fi verific\u0103 sticlele de vin, a b\u0103nuit c\u0103 e un c\u0103lug\u0103r beat \u015fi asta le-a spus medicilor de pe ambulan\u0163\u0103. Mirosind a vin de la b\u0103utura din seara precedent\u0103, dar \u015fi de la sticla ce i s-a v\u0103rsat pe hain\u0103 \u00een c\u0103dere, medicii s-au convins c\u0103 au de-a face cu un c\u0103lug\u0103r beat \u015fi au anun\u0163at prin sta\u0163ie c\u0103 vin cu un individ care a batjocorit haina monahal\u0103. Doctorul de gard\u0103 a chemat un jurnalist de la presa local\u0103 s\u0103 vad\u0103 ciudatul personaj. Asistenta s-a gr\u0103bit s\u0103-i smulg\u0103 sticlele de vin din sacos\u0103 s\u0103 le verse la chiuvet\u0103.<\/p>\n<p style=\"text-align: justify;\">\u2013 Nu face\u0163i asta, o ruga el insistent. E vin de \u00eemp\u0103rt\u0103\u015fanie.<\/p>\n<p style=\"text-align: justify;\">\u2013 E\u015fti beat tataie, ce vin de \u00eemp\u0103rt\u0103\u015fanie \u2013 l-a luat femeia la rost, tr\u0103g\u00e2nd \u015fi mai v\u00e2rtos s\u0103-i smulg\u0103 saco\u015fa din m\u00e2ini.<\/p>\n<p style=\"text-align: justify;\">\n<p style=\"text-align: justify;\">P\u0103rintele Vichentie a \u00eenceput s\u0103 se agite, s\u0103 \u0163ipe, iar strig\u0103tele lui erau \u00eenso\u0163ite de strig\u0103tele personalului medical la adresa lui, iar de la strig\u0103te au trecut la agresiuni, \u00eencerc\u00e2nd s\u0103-l imobilizeze cu for\u0163a. \u00cen camera de gard\u0103 era o v\u00e2nzoleal\u0103 \u015fi un asurzitor cor de \u00eenjur\u0103turi \u015fi vulgarit\u0103\u0163i, iar ziaristul aflat acolo a scris ulterior c\u0103 toate \u00eei apar\u0163in c\u0103lug\u0103rului beat. Adormit imediat \u00een urma unei injec\u0163ii, a fost dus \u00een sala de opera\u0163ii, unde piciorul i-a fost pus rapid \u00een ghips.<\/p>\n<p style=\"text-align: justify;\">\n<p style=\"text-align: justify;\">C\u00e2nd s-a trezit, infirmiera i-a pus \u00een bra\u0163e un teanc de ziare care relatau p\u0103\u0163ania lui. Televiziunile \u015fi posturile de radio transmiteau cazul c\u0103lug\u0103rului beat la fiecare jurnal de \u015ftiri \u00eentr-un mod eronat. \u201eB\u0103rbatul care se recomand\u0103 drept c\u0103lug\u0103rul Vichentie\u201d, \u201ebe\u0163ivul \u00eembr\u0103cat \u00een ve\u015fminte de c\u0103lug\u0103r\u201d, \u201eun c\u0103lug\u0103r mort de beat s-a dat \u00een spectacol la Urgen\u0163e\u201d, \u201eun pseudo-c\u0103lug\u0103r beat turt\u0103 a pus pe jar cadrele medicale de la Urgen\u0163e\u201d, \u201ea \u00eenceput s\u0103 se certe cu asistenta care \u00eencerca s\u0103-i ia sticla de vin din m\u00e2n\u0103\u201d, \u201e\u00een ciuda durerii b\u0103rbatul a \u0163inut aproape sticla de vin, pe care a \u00absalvat-o\u00bb atunci c\u00e2nd a c\u0103zut pe ghea\u0163\u0103\u201d, \u201eispita a fost mai puternic\u0103 dec\u00e2t rug\u0103ciunile\u201d, \u201eb\u0103utura l-a f\u0103cut s\u0103 uite de Dumnezeu\u201d, \u201ea uitat de credin\u0163\u0103 \u015fi, pre\u0163 de c\u00e2teva ore, s-a desf\u0103tat cu licori bahice \u00een cantit\u0103\u0163i care l-au f\u0103cut s\u0103 nu mai \u015ftie cine e\u201d, \u201ea \u00eenjurat pe toat\u0103 lumea\u201d, \u201ea \u00eenceput s\u0103-i \u00eenjure pe asisten\u0163i \u015fi pe medici ca la u\u015fa cortului ne\u0163in\u00e2nd cont de straiele duhovnice\u015fti sau de leg\u0103m\u00e2ntul de m\u00e2n\u0103stire\u201d, \u201e\u00een timp ce \u00eencerca s\u0103 se schimbe \u00een pijamale pentru a putea fi internat, c\u0103lug\u0103rul a l\u0103sat sticla pe podea. \u00cen acel moment o asistent\u0103 i-a luat sticla \u015fi a v\u0103rsat-o, moment \u00een care b\u0103rbatul a \u00eenceput s\u0103 \u00eenjure din nou\u201d.<\/p>\n<p style=\"text-align: justify;\">\n<p style=\"text-align: justify;\">Ca om care lucrase o vreme \u00een pres\u0103, atent m\u00e2nuitor al cuvintelor, Vichentie a \u00een\u0163eles imediat c\u0103 eticheta \u201ec\u0103lug\u0103rul beat\u201d s-a lipit puternic de el \u015fi nu va putea s\u0103 o dea jos cu u\u015furin\u0163\u0103. I-a chemat pe jurnali\u015fti la spital s\u0103 le explice varianta lui, dar nici unul nu a vrut s\u0103 vin\u0103, c\u0103ci \u015ftirea lor f\u0103cuse rating \u015fi nu doreau s\u0103 o dezmint\u0103. Mai t\u00e2rziu, c\u00e2nd s-a externat, s-a dus personal la redac\u0163iile ziarelor \u015fi posturilor de tadio \u015fi tv pentru a ob\u0163ine un drept la replic\u0103, dar nici un jurnalist nu i l-a acordat, de\u015fi unii au recunoscut c\u0103 au scris ceea ce le-a spus asistenta, f\u0103r\u0103 s\u0103 verifice personal \u015fi f\u0103r\u0103 s\u0103-i cear\u0103 \u015fi opinia lui.<\/p>\n<p style=\"text-align: justify;\">Opera\u0163ia de la picior \u2013 f\u0103cut\u0103 f\u0103r\u0103 aprobarea lui \u2013 a fost realizat\u0103 \u00een b\u0103taie de joc, osul fiind sudat prost, produc\u00e2ndu-i dureri la fiecare pas a\u015fezat pe podea. Ar fi necesitat c\u00e2teva \u00a0s\u0103pt\u0103m\u00e2ni de spitalizare, dar a fost externat rapid pentru c\u0103 nu avea asigurarea medical\u0103 pl\u0103tit\u0103 \u00een Rom\u00e2nia, ci \u00een Grecia. T\u00e2r\u00e2ndu-\u015fi cu greu piciorul \u00een ghips, Vichentie s-a dus la mitropolie pentru a explica accidentul \u015fi a cere sprijin pentru repararea prejudiciului de imagine adus Bisericii. Discu\u0163iile despre implicarea \u00een politic\u0103 al\u0103turi de comuni\u015fti a vrut s\u0103 le lase pentru alt\u0103 dat\u0103, dar cei de-acolo l-au luat \u00een primire cu o vehemen\u0163\u0103 nea\u015fteptat\u0103.<\/p>\n<p style=\"text-align: justify;\">\u2013 Ai f\u0103cut de ru\u015fine Biserica! \u2013 i-a repro\u015fat unul.<\/p>\n<p style=\"text-align: justify;\">\u2013 Ai batjocorit rasa monahal\u0103! \u2013 i-a spus altul cu dispre\u0163.<\/p>\n<p style=\"text-align: justify;\">\u2013 A\u015fa v-a \u00eenv\u0103\u0163at Iustin P\u00e2rvu: s\u0103 fi\u0163i legionari \u015fi s\u0103 v\u0103 \u00eemb\u0103ta\u0163i ca porcii. R\u0103m\u00e2ne s\u0103 mai face\u0163i \u015fi crime ca s\u0103 fie complet\u0103 sp\u0103larea pe creier!<\/p>\n<p style=\"text-align: justify;\">\n<p style=\"text-align: justify;\">A \u00een\u0163eles cu am\u0103r\u0103ciune c\u0103 scandalul iscat de el \u00een pres\u0103 a fost pretextul pentru destructurarea \u201dcuiburilor de legionari\u201d de la cele 20 de m\u00e2n\u0103stiri ctitorite de Iustin P\u00e2rvu \u00een toat\u0103 \u0163ara. \u015ei-a dat seama nu doar c\u0103 nu va g\u0103si sprijin \u00een Biserica pe care o slujise cu toat\u0103 fiin\u0163a lui, ci \u015fi c\u0103 numele lui a fost dat \u00een consemn la m\u00e2n\u0103stiri s\u0103 fie refuzat \u00een cazul \u00een care va bate la u\u015fa lor pentru sprijin.<\/p>\n<p style=\"text-align: justify;\">\n<p style=\"text-align: justify;\">La ie\u015firea de la mitropolie picioarele au \u00eenceput s\u0103-i tremure; i se p\u0103rea c\u0103 toate lumile se \u00eentorc \u00eempotriva lui cu ur\u0103 \u015fi dispre\u0163. Se a\u015fez\u0103 pe o banc\u0103 din apropiere. Ar fi vrut s\u0103-\u015fi sune cunoscu\u0163ii, dar pierduse telefonul mobil \u00een c\u0103derea pe ghea\u0163\u0103 \u015fi nu mai avea datele de contact salvate altundeva. Editura ce urma s\u0103-i tip\u0103reasc\u0103 noua carte a anulat contractul de editare \u00een urma scandalului din pres\u0103. Prietenii scriitori \u00eei \u00eentorceau spatele jena\u0163i. R\u0103m\u0103sese f\u0103r\u0103 nici un ban, f\u0103r\u0103 ad\u0103post, f\u0103r\u0103 haine de schimb, f\u0103r\u0103 prieteni, f\u0103r\u0103 nici un sprijin. Dormea la un azil de b\u0103tr\u00e2ni, iar ziua c\u0103uta pe internet la biblioteca public\u0103 s\u0103 dea de urma unor oameni binevoitori la care apelase \u00een trecut. A \u00eenceput s\u0103 cer\u015feasc\u0103 pentru a str\u00e2nge bani s\u0103 ajung\u0103 pe Athos, dar sun\u00e2ndu-\u015fi vechii colegi de la Sf\u00e2nta Ana a aflat c\u0103 i s-a interzis accesul pe Sf\u00e2ntul Munte, iar chilia i-a fost dat\u0103 altui c\u0103lug\u0103r. A plecat \u00een Bucure\u015fti dar norocul nu i-a sur\u00e2s nici acolo. Ar fi vrut s\u0103 se angajeze \u00eentr-un post c\u00e2t de mic, dar care s\u0103-i permit\u0103 s\u0103-\u015fi pl\u0103teasc\u0103 o cazare, mesele zilnice \u015fi tratamentele medicale, dar nimeni nu \u00eel angaja: fie era prea calificat cu trei facult\u0103\u0163i \u015fi un master absolvite, fie \u00eel respingeau c\u00e2nd \u00eel vedeau \u00een haina monahal\u0103, fie citeau pe internet despre scandalul \u00een care fusese implicat. \u00cen fiecare zi b\u0103tea la u\u015fa a 4-5 institu\u0163ii care anun\u0163au c\u0103 fac angaj\u0103ri, dar mereu era refuzat sub un pretext oarecare. Se culca de multe ori fl\u0103m\u00e2nd, c\u0103ci cantinele pentru s\u0103raci erau \u00eenchise seara.<\/p>\n<p style=\"text-align: justify;\">\n<p style=\"text-align: justify;\">A g\u0103sit \u00eentr-un t\u00e2rziu de lucru ca profesor suplinitor de limba englez\u0103 \u00eentr-un sat din jude\u0163ul Constan\u0163a, dar renumele de \u201ec\u0103lug\u0103rul beat\u201d l-a ajuns cur\u00e2nd din urm\u0103 \u015fi acolo. La ie\u015firea din biseric\u0103 unii copii aruncau dup\u0103 el cu pietre, \u00eel \u00eentrebau dac\u0103 merge \u015fchiop\u0103t\u00e2nd pentru c\u0103 e beat. Gura lumii \u00een sat era mai puternic\u0103 dec\u00e2t la ora\u015f, iar directorului \u015fcolii \u00eencepuse s\u0103-i par\u0103 r\u0103u c\u0103 l-a angajat, din cauza reac\u0163iilor pe care le st\u00e2rnea.<\/p>\n<p style=\"text-align: justify;\">\n<p style=\"text-align: justify;\">\u00cencet-\u00eencet, prin rug\u0103ciune, \u015focul c\u0103derii a \u00eenceput s\u0103 fie atenuat. Oamenii au v\u0103zut c\u0103 nu este be\u0163iv \u015fi au au fost dispu\u015fi s\u0103-i asculte explica\u0163iile. C\u00e2nd \u00eencrederea a \u00eenceput s\u0103 se consolideze, le-a vorbit despre r\u0103ul pe care \u00eel preg\u0103te\u015fte Rusia pentru Rom\u00e2nia \u015fi despre obliga\u0163ia pe care o are de a-l opri. V\u0103zuse la televizor masacrul din pia\u0163a Maidan, ocuparea Crimeei, luptele din vestul Ucrainei, iar aceste fapte produceau \u00eengrijorare tuturor locuitorilor comunei. Au \u00eenceput s\u0103 str\u00e2ng\u0103 bani pentru a-i pl\u0103ti deplas\u0103rile pe la diverse episcopii pentru a-i convinge pe \u00eenal\u0163ii ierarhi s\u0103 se desolidarizeze public de comuni\u015fti.<\/p>\n<p style=\"text-align: justify;\">\n<p style=\"text-align: justify;\">Alegerile pentru pre\u015fedin\u0163ia Rom\u00e2niei se apropiau \u015fi Vichentie era con\u015ftient de miza lor pentru estul Europei. Vedea sondajele \u00een care candidatul comuni\u015ftilor era favorit, dar \u015ftia c\u0103 ele sunt false, publicate pentru a induce o alt\u0103 opinie \u015fi a face posibil\u0103 fraudarea alegerilor, a\u015fa cum se \u00eent\u00e2mplase \u00een trecut la noi \u015fi \u00een multe \u0163\u0103ri din jur. I-a convins pe liderii partidelor care-l sus\u0163ineau pe Klaus Iohannis s\u0103 fac\u0103 eforturi pentru securizarea voturilor. La propunerea lui a fost elaborat un soft care identifica voturile multiple \u015fi to\u0163i delega\u0163ii au fost obliga\u0163i s\u0103 trimit\u0103 codul numeric personal al celor care votau pe liste suplimentare. Cu ajutorul acestui soft au fost identificate mii de voturi multiple, iar multe alte zeci sau sute de mii de persoane au fost \u00eempiedicate s\u0103 voteze de mai multe ori.<\/p>\n<p style=\"text-align: justify;\">\n<p style=\"text-align: justify;\">C\u0103l\u0103torind mult \u00een toat\u0103 Europa a \u00een\u0163eles c\u0103 democra\u0163ia presupune participarea masiv\u0103 la alegeri \u015fi s-a hot\u0103r\u00e2t s\u0103-i aduc\u0103 la urne pe c\u00e2t mai mul\u0163i rom\u00e2ni. Reu\u015fise s\u0103 ia leg\u0103tura cu mul\u0163i din discipolii lui Iustin P\u00e2rvu ce erau risipi\u0163i prin toate jude\u0163ele \u0163\u0103rii. I-a rugat s\u0103 \u00eei trimit\u0103 datele de contact \u2013 telefoane, adrese de email \u2013 ale rom\u00e2nilor pleca\u0163i la munc\u0103 \u00een Occident ce aveau domiciliul \u00een localit\u0103\u0163ile din jurul m\u00e2n\u0103stirilor lor. \u00cen c\u00e2teva s\u0103pt\u0103m\u00e2ni a str\u00e2ns informa\u0163ii despre aproape jum\u0103tate de milion de oameni. To\u0163i au fost suna\u0163i de respectivii c\u0103lug\u0103ri \u015fi ruga\u0163i s\u0103 fac\u0103 efortul s\u0103 se duc\u0103 la vot pentru a salva democra\u0163ia \u00een Rom\u00e2nia, s\u0103 nu lase toat\u0103 puterea \u00een m\u00e2inile unui singur om \u015fi s\u0103 sune \u00een \u0163ar\u0103 doi cunoscu\u0163i care nu vor s\u0103 voteze, cer\u00e2ndu-le s\u0103 mearg\u0103 la urne. Au fost ruga\u0163i s\u0103 le dea datele de contact ale celor doi cunoscu\u0163i, care au fost apoi \u015fi ei suna\u0163i de c\u0103lug\u0103ri, ce le-a spus c\u0103 sunt responsabili \u00een fa\u0163a lui Dumnezeu dac\u0103 las\u0103 \u0163ara pe m\u00e2na comuni\u015ftilor. Vichentie centraliza r\u0103spunsurile \u00een c\u0103m\u0103ru\u0163a lui din comuna const\u0103n\u0163ean\u0103 \u015fi c\u0103uta noi persoane care s\u0103 se implice benevol \u00een campanie. \u00cen s\u0103pt\u0103m\u00e2na dinaintea turului doi al alegerilor preziden\u0163iale sute de c\u0103lug\u0103ri \u015fi mireni au sunat la telefon mai mult de dou\u0103 milioane de persoane din \u0163ar\u0103 \u015fi din str\u0103in\u0103tate. \u00cen ziua alegerilor i-a rugat pe to\u0163i preo\u0163ii cunoscu\u0163i s\u0103 accentueze \u00een pilda bunului samaritean din pericopa evanghelic\u0103 duminical\u0103 modul \u00een care Dumnezeu ne salveaz\u0103 cu ajutorul unor str\u0103ini de neam \u015fi religie, cum ne-a ridicat pe noi ca neam cu ajutorul regilor germani \u015fi a altor c\u0103rturari str\u0103ini.<\/p>\n<p style=\"text-align: justify;\">\n<p style=\"text-align: justify;\">Sun\u00e2nd un sociolog pentru a afla rezultatele exit-poll-urilor la ora 12 \u015fi afl\u00e2nd c\u0103 balan\u0163a \u00eenclin\u0103 \u00een favoarea lui Iohannis, nu s-a putut ab\u0163ine \u015fi le-a spus vestea enoria\u015filor afla\u0163i la Sf\u00e2nta Liturghie.<\/p>\n<p style=\"text-align: justify;\">\u2013 Ai fost \u00eenvins Putine! \u2013 tuna el din amvon. Ai crezut c\u0103 po\u0163i p\u0103c\u0103li neamul rom\u00e2nesc cu aparatul t\u0103u propagandistic. Cu toat\u0103 for\u0163a pe care o ai nu po\u0163i \u00eenvinge credin\u0163a adev\u0103rat\u0103 \u00een Dumnezeu cel Viu.<\/p>\n<p style=\"text-align: justify;\">\n<p style=\"text-align: justify;\">Vestea c\u0103 Vichentie s-a implicat \u00een c\u00e2\u015ftigarea alegerilor de c\u0103tre Klaus Iohannis a ajuns pe muntele Athos la mul\u0163i stare\u0163i \u015fi c\u0103lug\u0103ri. Sf\u00e2nta Chinotit\u0103 a hot\u0103r\u00e2t s\u0103-i ridice interdic\u0163ia de intrare pe munte \u015fi s\u0103-i redea chilia spre folosin\u0163\u0103.<\/p>\n<p style=\"text-align: justify;\">\u2013 E nevoie de sprijinul tuturor c\u0103lug\u0103rilor \u015fi preo\u0163ilor no\u015ftri pentru a pune stavil\u0103 r\u0103zboiului ce st\u0103 s\u0103 vin\u0103 peste Europa \u2013 le-a spus el stare\u0163ilor aduna\u0163i \u00een Parlamentul athonit din Kareia. R\u0103zboiul este un e\u015fec al evangheliz\u0103rii. G\u00e2ndi\u0163i-v\u0103 c\u0103 ortodoc\u015fii sunt ataca\u0163i de al\u0163i ortodoc\u015fi, de oameni care \u00eemp\u0103rt\u0103\u015fesc acela\u015fi botez! E vina noastr\u0103 c\u0103 nu i-am f\u0103cut s\u0103-l tr\u0103iasc\u0103 pe Hristos \u00een inima lor. Toat\u0103 suflarea ortodox\u0103 prive\u015fte spre Athos ca spre cel mai \u00eenalt reper al credin\u0163ei. Trebuie s\u0103 spune\u0163i tuturor bisericilor c\u0103 st\u0103 \u00een puterea lor s\u0103 opreasc\u0103 r\u0103zboiul; s\u0103 arunce anatema asupra lui Putin \u015fi a celor care atac\u0103 alte state \u015fi popoare ortodoxe; s\u0103-i acuze de r\u0103zboi fratricid; s\u0103 ias\u0103 cu icoana lui Hristos \u00een fa\u0163a atacatorilor a\u015fa cum au f\u0103cut \u00een pia\u0163a Maidan, c\u0103ci \u00een fa\u0163a acestui gest \u015fi pre\u015fedintele Ianukovici s-a declarat \u00eenvins. Nu mai pute\u0163i s\u0103 l\u0103sa\u0163i bisericile s\u0103 se ascund\u0103 sub masca neutralit\u0103\u0163ii politice \u2013 aici Hristos e atacat \u015fi vor r\u0103spunde \u00een fa\u0163a Lui pentru la\u015fitate \u015fi abandonarea fiilor lor duhovnice\u015fti.<\/p>\n<p style=\"text-align: justify;\">\n<p><strong>Bruno \u015eTEFAN<\/strong><\/p>\n<p>13 martie 2015<\/p>\n<p><strong><em>&#8212;&#8212;&#8212;&#8212;&#8212;&#8212;&#8212;&#8212;&#8212;&#8212;-<\/em><\/strong><\/p>\n<p style=\"text-align: justify;\"><strong><em>\u015eTEFAN Bruno<\/em><\/strong><em>, N\u0103scut la 17 ianuarie 1969, la Gala\u0163i. A absolvit Facultatea de Sociologie \u015fi Asisten\u0163\u0103 Social\u0103, Universitatea din Bucure\u015fti, \u00een 1993. Doctor \u00een sociologie, Universitatea din Bucure\u015fti, 2005. Sociolog, cadru didactic (lector) la Universitatea \u201ePolitehnica&#8221; Bucuresti, pre\u015fedintele Funda\u0163iei \u201eBiroul de Cercet\u0103ri Sociale&#8221; (BCS). A coordonat numeroase sondaje de opinie in cadrul Centrului Independent de Studii Sociale \u015fi Sondaje apar\u0163in\u00e2nd de Grupul pentru Dialog Social, calitate care \u00eei certific\u0103 experien\u0163a celor peste dou\u0103 sute de cercet\u0103ri psiho-sociologice intreprinse \u00een domenii din cele mai diverse. Cea mai reprezentativ\u0103 publica\u0163ie:\u00a0\u201eMediul penitenciar rom\u00e2nesc\u201d, Editura Institutul European, 2006. Cel mai important proiect profesional: \u201eSsondarea lunar\u0103 a opiniei publice na\u0163ionale\u201d<\/em><strong>. (George Roca, Rexlibris Media Group)<\/strong><\/p>\n<p style=\"text-align: justify;\">\n<p>&nbsp;<\/p>\n","protected":false},"excerpt":{"rendered":"<p>Gerul n\u0103praznic \u015fi zilele mohor\u00e2te de la jum\u0103tatea lunii ianuarie \u00eei \u0163ineau pe cei mai mul\u0163i oameni \u00een casele lor. [&#038;hellip<\/p>\n","protected":false},"author":1,"featured_media":0,"comment_status":"closed","ping_status":"closed","sticky":false,"template":"","format":"standard","meta":{"footnotes":""},"categories":[3],"tags":[],"class_list":["post-21943","post","type-post","status-publish","format-standard","hentry","category-articole"],"_links":{"self":[{"href":"https:\/\/www.marianagurza.ro\/blog\/wp-json\/wp\/v2\/posts\/21943","targetHints":{"allow":["GET"]}}],"collection":[{"href":"https:\/\/www.marianagurza.ro\/blog\/wp-json\/wp\/v2\/posts"}],"about":[{"href":"https:\/\/www.marianagurza.ro\/blog\/wp-json\/wp\/v2\/types\/post"}],"author":[{"embeddable":true,"href":"https:\/\/www.marianagurza.ro\/blog\/wp-json\/wp\/v2\/users\/1"}],"replies":[{"embeddable":true,"href":"https:\/\/www.marianagurza.ro\/blog\/wp-json\/wp\/v2\/comments?post=21943"}],"version-history":[{"count":2,"href":"https:\/\/www.marianagurza.ro\/blog\/wp-json\/wp\/v2\/posts\/21943\/revisions"}],"predecessor-version":[{"id":21946,"href":"https:\/\/www.marianagurza.ro\/blog\/wp-json\/wp\/v2\/posts\/21943\/revisions\/21946"}],"wp:attachment":[{"href":"https:\/\/www.marianagurza.ro\/blog\/wp-json\/wp\/v2\/media?parent=21943"}],"wp:term":[{"taxonomy":"category","embeddable":true,"href":"https:\/\/www.marianagurza.ro\/blog\/wp-json\/wp\/v2\/categories?post=21943"},{"taxonomy":"post_tag","embeddable":true,"href":"https:\/\/www.marianagurza.ro\/blog\/wp-json\/wp\/v2\/tags?post=21943"}],"curies":[{"name":"wp","href":"https:\/\/api.w.org\/{rel}","templated":true}]}}