{"id":21972,"date":"2015-03-19T10:16:50","date_gmt":"2015-03-19T10:16:50","guid":{"rendered":"http:\/\/www.marianagurza.ro\/blog\/?p=21972"},"modified":"2015-03-23T23:46:21","modified_gmt":"2015-03-23T23:46:21","slug":"artur-silvestri-un-fantanar%e2%80%9d-al-vremurilor-noastre","status":"publish","type":"post","link":"https:\/\/www.marianagurza.ro\/blog\/2015\/03\/19\/artur-silvestri-un-fantanar%e2%80%9d-al-vremurilor-noastre\/","title":{"rendered":"Artur Silvestri, un ,,f\u00e2nt\u00e2nar\u201d al vremurilor noastre!"},"content":{"rendered":"<p style=\"text-align: center;\"><a href=\"http:\/\/www.marianagurza.ro\/blog\/wp-content\/uploads\/2015\/03\/slider11.jpg\"><img loading=\"lazy\" decoding=\"async\" class=\"size-medium wp-image-21973\" title=\"slider11\" src=\"http:\/\/www.marianagurza.ro\/blog\/wp-content\/uploads\/2015\/03\/slider11-300x131.jpg\" alt=\"\" width=\"300\" height=\"131\" srcset=\"https:\/\/www.marianagurza.ro\/blog\/wp-content\/uploads\/2015\/03\/slider11-300x131.jpg 300w, https:\/\/www.marianagurza.ro\/blog\/wp-content\/uploads\/2015\/03\/slider11.jpg 940w\" sizes=\"auto, (max-width: 300px) 100vw, 300px\" \/><\/a><\/p>\n<p style=\"text-align: justify;\"><strong>Artur Silvestri r\u0103m\u00e2ne \u201eOMUL FAPTEI MARI\u201c, \u201egr\u0103dinarul\u201c na\u0163iei, c\u0103reia i-a dedicat \u00eentreaga via\u0163\u0103. \u201eOMUL FAPTEI f\u0103r\u0103 nume\u201c care a \u015ftiut mereu s\u0103 scotoceasc\u0103 \u00een scump p\u0103m\u00e2nt rom\u00e2nesc. El \u00eensu\u015fi era o istorie prin cuno\u015ftin\u0163ele acumulate, prin tr\u0103irile sale. Trecutul era prezent \u015fi prezentul trecut. Mirosul de \u201evechi\u201c avea mireasma duhovniceasc\u0103.<\/strong><strong><\/strong><\/p>\n<p style=\"text-align: justify;\"><strong>Un ,,f\u00e2nt\u00e2nar\u201d al vremurilor noastre! \u00cemi lipse\u0219te, a\u0219a cum lipse\u0219te multora. A plecat mult prea repede&#8230;A\u0219a i-a fost r\u00e2nduit&#8230;de-acolo, din \u00cemp\u0103r\u0103\u021bia Cereasc\u0103, \u00eenc\u0103 ne mai vegheaz\u0103.<\/strong><\/p>\n<p><strong>Ne-a l\u0103sat ,,<em>apa vie\u201d<\/em>, pe care cu mult\u0103 d\u0103ruire \u0219i devotement, Doamna Mariana Br\u0103escu Silvestri, prin c\u0103r\u021bile editate, aduce cea mai demn\u0103 \u0219i frumoas\u0103 ofrand\u0103, pentru cel <\/strong><strong>ce a fost \u0219i r\u0103m\u00e2ne \u00een <em>memoria<\/em><\/strong><strong><em> colectiv\u0103<\/em><\/strong><strong> c\u0103rturarul Artur Silvestri.<\/strong><\/p>\n<p style=\"text-align: justify;\"><strong>A fost un vizionar! Tot ce a scris, s-a adeverit. ,,Rom\u00e2nia imobiliar\u0103\u201d<\/strong> , <strong><em>\u0219i-a\u00a0 pierdut din valoare \u0219i\u00a0 \u00ee\u0219i va ar\u0103ta caracterul formal \u0219i am\u0103gitor astfel \u00eenc\u00e2t \u201ca\u0219ezarea de pre\u021buri\u201d -ce va veni- va ruina pe unii \u0219i \u00eei va \u00eembog\u0103\u021bi pe cei care, ast\u0103zi, cunosc efectele \u0219i particip\u0103 la accelerarea lor.<\/em><\/strong><strong><em><\/em><\/strong><\/p>\n<p style=\"text-align: justify;\"><strong>Genera\u021bii ce vor duce mai departe spiritul creator, de a p\u0103stra nealterate valorile Neamului Rom\u00e2nesc.<\/strong><strong><\/strong><\/p>\n<p style=\"text-align: justify;\"><strong>Artur Silvestri, este o prezen\u021b\u0103 permanent\u0103 printre noi, chiar dac\u0103 lunga sa c\u0103l\u0103torie spre ve\u0219nicie, este infinit\u0103\u2026<\/strong><strong><\/strong><\/p>\n<p style=\"text-align: justify;\"><strong><\/strong><strong>Ziua de 19 Martie, azi <em>o zi reflec\u021bie&#8230;<\/em><br \/>\n<\/strong><\/p>\n<p><em>19 Martie 2007, Sfin\u021bii Mucenici Hrisant, Daria \u0219i Ilaria<\/em><\/p>\n<p style=\"text-align: justify;\"><em>Drag\u0103 Doamna Gurza,<\/em><br \/>\n<em>&lt;&lt;Mul\u021bumesc pentru ur\u0103ri \u0219i pre\u021buiesc st\u0103ruin\u021ba \u00een a le trimite. Din p\u0103cate, pentru mine ceea ce se cheam\u0103 &#8221; aniversarea zilei de na\u0219tere&#8221; este o zi obi\u0219nuit\u0103 iar uneori o zi de reflec\u021bie, a\u0219a cum este \u0219i cea de acum, c\u00e2nd m\u0103 g\u00e2ndesc c\u0103 am mai \u00eemb\u0103tr\u00e2nit cu un an \u0219i r\u0103m\u00e2n tot at\u00e2t de naiv \u0219i de \u00eencrez\u0103tor de\u0219i multe din cele ce se petrec \u00een jurul meu ar trebui s\u0103-mi arate c\u0103 gre\u0219esc \u0219i m\u0103 am\u0103gesc f\u0103r\u0103 nici un rost. Dar nu cred c\u0103 m\u0103 voi schimba p\u00e2n\u0103 la sf\u00e2r\u0219it.<\/em><br \/>\n<em> \u00ceng\u0103dui\u021bi-mi s\u0103 v\u0103 doresc zile bune \u0219i bun\u0103-voire de la oricine socoti\u021bi c\u0103 ave\u021bi nevoie, ast\u0103zi \u0219i \u00een viitor<\/em>.&gt;&gt;<br \/>\n<em>Cu bune doriri,<\/em><br \/>\n<em> Artur Silvestri<\/em><\/p>\n<p style=\"text-align: center;\"><strong>Azi, c\u0103rturarul Artur Silvestri ar fi \u00eemplinit 62 de ani!<\/strong><\/p>\n<p style=\"text-align: center;\"><strong>Dumnezeu s\u0103-l odihneasc\u0103 \u00een pace!<\/strong><strong><\/strong><\/p>\n<p><strong>\u00a0<\/strong><\/p>\n<p style=\"text-align: right;\"><strong>Mariana Gurza<\/strong><strong><\/strong><\/p>\n<p style=\"text-align: right;\"><strong>Timi\u0219oara<\/strong><strong><\/strong><\/p>\n<p style=\"text-align: right;\"><strong>19 Martie 2015<\/strong><\/p>\n<p style=\"text-align: right;\">Imagine: <a href=\"http:\/\/www.artursilvestri.ro\/\">http:\/\/www.artursilvestri.ro\/<\/a><\/p>\n<p>&nbsp;<\/p>\n","protected":false},"excerpt":{"rendered":"<p>Artur Silvestri r\u0103m\u00e2ne \u201eOMUL FAPTEI MARI\u201c, \u201egr\u0103dinarul\u201c na\u0163iei, c\u0103reia i-a dedicat \u00eentreaga via\u0163\u0103. \u201eOMUL FAPTEI f\u0103r\u0103 nume\u201c care a \u015ftiut [&#038;hellip<\/p>\n","protected":false},"author":1,"featured_media":0,"comment_status":"closed","ping_status":"closed","sticky":false,"template":"","format":"standard","meta":{"footnotes":""},"categories":[3],"tags":[],"class_list":["post-21972","post","type-post","status-publish","format-standard","hentry","category-articole"],"_links":{"self":[{"href":"https:\/\/www.marianagurza.ro\/blog\/wp-json\/wp\/v2\/posts\/21972","targetHints":{"allow":["GET"]}}],"collection":[{"href":"https:\/\/www.marianagurza.ro\/blog\/wp-json\/wp\/v2\/posts"}],"about":[{"href":"https:\/\/www.marianagurza.ro\/blog\/wp-json\/wp\/v2\/types\/post"}],"author":[{"embeddable":true,"href":"https:\/\/www.marianagurza.ro\/blog\/wp-json\/wp\/v2\/users\/1"}],"replies":[{"embeddable":true,"href":"https:\/\/www.marianagurza.ro\/blog\/wp-json\/wp\/v2\/comments?post=21972"}],"version-history":[{"count":6,"href":"https:\/\/www.marianagurza.ro\/blog\/wp-json\/wp\/v2\/posts\/21972\/revisions"}],"predecessor-version":[{"id":21975,"href":"https:\/\/www.marianagurza.ro\/blog\/wp-json\/wp\/v2\/posts\/21972\/revisions\/21975"}],"wp:attachment":[{"href":"https:\/\/www.marianagurza.ro\/blog\/wp-json\/wp\/v2\/media?parent=21972"}],"wp:term":[{"taxonomy":"category","embeddable":true,"href":"https:\/\/www.marianagurza.ro\/blog\/wp-json\/wp\/v2\/categories?post=21972"},{"taxonomy":"post_tag","embeddable":true,"href":"https:\/\/www.marianagurza.ro\/blog\/wp-json\/wp\/v2\/tags?post=21972"}],"curies":[{"name":"wp","href":"https:\/\/api.w.org\/{rel}","templated":true}]}}