{"id":21976,"date":"2015-03-19T12:11:57","date_gmt":"2015-03-19T12:11:57","guid":{"rendered":"http:\/\/www.marianagurza.ro\/blog\/?p=21976"},"modified":"2015-03-19T12:18:50","modified_gmt":"2015-03-19T12:18:50","slug":"firava-in-mijlocul-tumultului","status":"publish","type":"post","link":"https:\/\/www.marianagurza.ro\/blog\/2015\/03\/19\/firava-in-mijlocul-tumultului\/","title":{"rendered":"Firav\u0103, \u00een mijlocul tumultului"},"content":{"rendered":"<p style=\"text-align: center;\"><a href=\"http:\/\/www.marianagurza.ro\/blog\/wp-content\/uploads\/2015\/03\/copac.jpg\"><img loading=\"lazy\" decoding=\"async\" class=\"size-medium wp-image-21980\" title=\"copac\" src=\"http:\/\/www.marianagurza.ro\/blog\/wp-content\/uploads\/2015\/03\/copac-300x200.jpg\" alt=\"\" width=\"300\" height=\"200\" srcset=\"https:\/\/www.marianagurza.ro\/blog\/wp-content\/uploads\/2015\/03\/copac-300x200.jpg 300w, https:\/\/www.marianagurza.ro\/blog\/wp-content\/uploads\/2015\/03\/copac.jpg 535w\" sizes=\"auto, (max-width: 300px) 100vw, 300px\" \/><\/a><\/p>\n<p><strong>Firav\u0103, \u00een mijlocul tumultului<\/strong><\/p>\n<p>&nbsp;<\/p>\n<p>Firav\u0103, \u00een mijlocul tumultului<\/p>\n<p>Incerc s\u0103 descifrez<\/p>\n<p>Limbajul timpului.<\/p>\n<p>&nbsp;<\/p>\n<p>M\u0103 \u00eencol\u0103cesc neputincioas\u0103<\/p>\n<p>De copacul ce mi-a fost dat<\/p>\n<p>Ating\u00e2nd frunza lucioas\u0103.<\/p>\n<p>&nbsp;<\/p>\n<p>Este mereu verde, luminoas\u0103<\/p>\n<p>Acolo mi-am stocat visele<\/p>\n<p>Pentru tine, na\u021bie frumoas\u0103!<\/p>\n<p>&nbsp;<\/p>\n<p>\u0218i anii s-au prelins&#8230;<\/p>\n<p>T\u00e2mplele albe \u00ee\u0219i strig\u0103 neputin\u021ba<\/p>\n<p>\u00cen al meu pl\u00e2ns&#8230;<\/p>\n<p>&nbsp;<\/p>\n<p>Copacule, ce-mi spui azi?<\/p>\n<p>De ce vremurile sunt a\u0219a tulburi?<\/p>\n<p>Prin fream\u0103t \u00eemi r\u0103spunzi&#8230;<\/p>\n<p>&nbsp;<\/p>\n<p>L\u0103crimez \u00eencremenit\u0103&#8230;<\/p>\n<p>Nu mai putem face nimic?<\/p>\n<p>\u021aara mea batjocorit\u0103?<\/p>\n<p>&nbsp;<\/p>\n<p>Doamne, prive\u0219te-ne!<\/p>\n<p>Nu ne l\u0103sa \u00een r\u0103t\u0103cire,<\/p>\n<p>Doamne, Doamne miluie\u0219te-ne!<\/p>\n<p>&nbsp;<\/p>\n<p>&nbsp;<\/p>\n<p><strong>Ce mai este omul azi ?<\/strong><\/p>\n<p><strong><br \/>\n<\/strong><\/p>\n<p><strong><br \/>\n<\/strong><br \/>\nNe-am ascu\u0163it armele<br \/>\nPreg\u0103ti\u0163i de ce va veni\u2026<br \/>\nMirosul de pu\u015fc\u0103<br \/>\n\u00cel simt de la cei care \u00eel produc\u2026<br \/>\nTotul a deviat \u00eentr-o \u015farad\u0103,<br \/>\nUn joc al celor care se vor st\u0103p\u00e2ni\u2026<br \/>\nCe mai este omul azi?<br \/>\nO \u0163int\u0103,<br \/>\nO sfidare,<br \/>\nUn \u00eenc\u0103tu\u015fat\u2026<br \/>\nTe sim\u0163i liber?<br \/>\nPo\u0163i oare zbura<br \/>\n\u00cen trecut, prezent \u015fi viitor?<br \/>\nNe r\u0103zboim cu Dumnezeu<br \/>\nPentru c\u0103 a\u015fa vor al\u0163ii?<br \/>\nUnde am ajuns<br \/>\nPrin indiferen\u0163a \u0219i toleran\u0163a noastr\u0103<br \/>\nSau prin voia \u201cst\u0103p\u00e2nilor\u201d?<br \/>\nM\u0103 doare ce v\u0103d<br \/>\nCuvintele par cenu\u015fii<br \/>\nMoartea nu mai este o pedeaps\u0103<br \/>\nDoar o binecuv\u00e2ntare<br \/>\nPentru cei care se fr\u00e2ng<br \/>\nPentru visele lor.<br \/>\nDoar acolo sus<br \/>\nCineva are grij\u0103<br \/>\nS\u0103 ne primeasc\u0103 eroii<br \/>\nCu lauri,<br \/>\n\u00cen Gr\u0103dina Ve\u015fniciei\u2026<br \/>\n<strong><br \/>\n<\/strong><\/p>\n<p>&nbsp;<\/p>\n<p><strong>Uimit\u0103 privesc\u2026<\/strong><\/p>\n<p>&nbsp;<\/p>\n<p>Uimit\u0103 privesc<br \/>\ncum lumea \u00eencet<br \/>\ncoboar\u0103<br \/>\nf\u0103r\u0103 t\u0103gad\u0103<br \/>\n\u00een ad\u00e2ncuri.<br \/>\nDorin\u0163a de a capta<br \/>\nuniversul<br \/>\ndezl\u0103n\u0163uit<br \/>\nde r\u0103utatea din noi.<br \/>\nPurt\u0103m \u00eenc\u0103 povara<br \/>\nne\u00eemplinirilor<br \/>\na iubirilor risipite<br \/>\n\u00een troiene de aur<br \/>\npentru a st\u0103p\u00e2ni<br \/>\nceea ce nu vom avea niciodat\u0103\u2026<\/p>\n<p>&nbsp;<\/p>\n<p style=\"text-align: left;\"><em>Mariana Gurza<\/em><\/p>\n","protected":false},"excerpt":{"rendered":"<p>Firav\u0103, \u00een mijlocul tumultului &nbsp; Firav\u0103, \u00een mijlocul tumultului Incerc s\u0103 descifrez Limbajul timpului. &nbsp; M\u0103 \u00eencol\u0103cesc neputincioas\u0103 De copacul [&#038;hellip<\/p>\n","protected":false},"author":1,"featured_media":0,"comment_status":"closed","ping_status":"closed","sticky":false,"template":"","format":"standard","meta":{"footnotes":""},"categories":[3],"tags":[],"class_list":["post-21976","post","type-post","status-publish","format-standard","hentry","category-articole"],"_links":{"self":[{"href":"https:\/\/www.marianagurza.ro\/blog\/wp-json\/wp\/v2\/posts\/21976","targetHints":{"allow":["GET"]}}],"collection":[{"href":"https:\/\/www.marianagurza.ro\/blog\/wp-json\/wp\/v2\/posts"}],"about":[{"href":"https:\/\/www.marianagurza.ro\/blog\/wp-json\/wp\/v2\/types\/post"}],"author":[{"embeddable":true,"href":"https:\/\/www.marianagurza.ro\/blog\/wp-json\/wp\/v2\/users\/1"}],"replies":[{"embeddable":true,"href":"https:\/\/www.marianagurza.ro\/blog\/wp-json\/wp\/v2\/comments?post=21976"}],"version-history":[{"count":6,"href":"https:\/\/www.marianagurza.ro\/blog\/wp-json\/wp\/v2\/posts\/21976\/revisions"}],"predecessor-version":[{"id":21978,"href":"https:\/\/www.marianagurza.ro\/blog\/wp-json\/wp\/v2\/posts\/21976\/revisions\/21978"}],"wp:attachment":[{"href":"https:\/\/www.marianagurza.ro\/blog\/wp-json\/wp\/v2\/media?parent=21976"}],"wp:term":[{"taxonomy":"category","embeddable":true,"href":"https:\/\/www.marianagurza.ro\/blog\/wp-json\/wp\/v2\/categories?post=21976"},{"taxonomy":"post_tag","embeddable":true,"href":"https:\/\/www.marianagurza.ro\/blog\/wp-json\/wp\/v2\/tags?post=21976"}],"curies":[{"name":"wp","href":"https:\/\/api.w.org\/{rel}","templated":true}]}}