{"id":22008,"date":"2015-03-19T18:59:00","date_gmt":"2015-03-19T18:59:00","guid":{"rendered":"http:\/\/www.marianagurza.ro\/blog\/?p=22008"},"modified":"2015-03-19T18:59:00","modified_gmt":"2015-03-19T18:59:00","slug":"anatol-covali-pana-cand","status":"publish","type":"post","link":"https:\/\/www.marianagurza.ro\/blog\/2015\/03\/19\/anatol-covali-pana-cand\/","title":{"rendered":"Anatol Covali: P\u00e2n\u00e3 c\u00e2nd?!&#8230;"},"content":{"rendered":"<p style=\"text-align: center;\"><a href=\"http:\/\/www.marianagurza.ro\/blog\/wp-content\/uploads\/2015\/03\/anatol-covali.jpg\"><img loading=\"lazy\" decoding=\"async\" class=\"size-medium wp-image-22009\" title=\"anatol covali\" src=\"http:\/\/www.marianagurza.ro\/blog\/wp-content\/uploads\/2015\/03\/anatol-covali-300x300.jpg\" alt=\"\" width=\"300\" height=\"300\" srcset=\"https:\/\/www.marianagurza.ro\/blog\/wp-content\/uploads\/2015\/03\/anatol-covali-300x300.jpg 300w, https:\/\/www.marianagurza.ro\/blog\/wp-content\/uploads\/2015\/03\/anatol-covali-150x150.jpg 150w, https:\/\/www.marianagurza.ro\/blog\/wp-content\/uploads\/2015\/03\/anatol-covali.jpg 1004w\" sizes=\"auto, (max-width: 300px) 100vw, 300px\" \/><\/a><\/p>\n<p><strong>P\u00e2n\u00e3 c\u00e2nd?!&#8230;<\/strong><\/p>\n<p>&nbsp;<\/p>\n<p>T\u00e3cerea mea-i o tor\u0163\u00e3 \u00een care ard intens<br \/>\ncuvintele ce nu-\u015fi mai afl\u00e3 rostul<br \/>\nde c\u00e2nd domnesc trufa\u015fe prostia \u015fi anostul<br \/>\n\u015fi prea pu\u0163in din toate are sens.<\/p>\n<p>&nbsp;<\/p>\n<p>M-apuc\u00e3 disperarea c\u00e2nd v\u00e3d at\u00e2ta vid.<br \/>\nE doar un r\u00e2s stupid ce-mi face grea\u0163\u00e3<br \/>\n\u015fi m\u00e3 apuc\u00e3 pl\u00e2nsul c\u00e2nd v\u00e3d c\u00e3 intr\u00e3-n via\u0163\u00e3<br \/>\nnu omul, ci un jalnic individ.<\/p>\n<p>&nbsp;<\/p>\n<p>Lumina, c\u00e2t mai este, se-ndreapt\u00e3 \u00een exod<br \/>\nspre z\u00e3ri \u00een care sorii ard feeric,<br \/>\npentru c\u00e3-aici, de-o vreme, e tot mai \u00eentuneric<br \/>\n\u015fi orice drum e plin numai de glod.<\/p>\n<p>&nbsp;<\/p>\n<p>Se va alege praful de toate \u00een cur\u00e2nd<br \/>\nfiindc\u00e3 t\u00e3cerea-absurd\u00e3 e total\u00e3.<br \/>\nTo\u0163i dorm ad\u00e2nc \u015fi nimeni din somn nu se mai scoal\u00e3<br \/>\ns\u00e3 urle cu revolt\u00e3: P\u00e2n\u0103 c\u00e2nd?!&#8230;<\/p>\n<p>&nbsp;<\/p>\n<p style=\"text-align: center;\"><strong>Anatol Covali<\/strong><\/p>\n<p>&nbsp;<\/p>\n","protected":false},"excerpt":{"rendered":"<p>P\u00e2n\u00e3 c\u00e2nd?!&#8230; &nbsp; T\u00e3cerea mea-i o tor\u0163\u00e3 \u00een care ard intens cuvintele ce nu-\u015fi mai afl\u00e3 rostul de c\u00e2nd domnesc [&#038;hellip<\/p>\n","protected":false},"author":1,"featured_media":0,"comment_status":"closed","ping_status":"closed","sticky":false,"template":"","format":"standard","meta":{"footnotes":""},"categories":[3],"tags":[],"class_list":["post-22008","post","type-post","status-publish","format-standard","hentry","category-articole"],"_links":{"self":[{"href":"https:\/\/www.marianagurza.ro\/blog\/wp-json\/wp\/v2\/posts\/22008","targetHints":{"allow":["GET"]}}],"collection":[{"href":"https:\/\/www.marianagurza.ro\/blog\/wp-json\/wp\/v2\/posts"}],"about":[{"href":"https:\/\/www.marianagurza.ro\/blog\/wp-json\/wp\/v2\/types\/post"}],"author":[{"embeddable":true,"href":"https:\/\/www.marianagurza.ro\/blog\/wp-json\/wp\/v2\/users\/1"}],"replies":[{"embeddable":true,"href":"https:\/\/www.marianagurza.ro\/blog\/wp-json\/wp\/v2\/comments?post=22008"}],"version-history":[{"count":2,"href":"https:\/\/www.marianagurza.ro\/blog\/wp-json\/wp\/v2\/posts\/22008\/revisions"}],"predecessor-version":[{"id":22011,"href":"https:\/\/www.marianagurza.ro\/blog\/wp-json\/wp\/v2\/posts\/22008\/revisions\/22011"}],"wp:attachment":[{"href":"https:\/\/www.marianagurza.ro\/blog\/wp-json\/wp\/v2\/media?parent=22008"}],"wp:term":[{"taxonomy":"category","embeddable":true,"href":"https:\/\/www.marianagurza.ro\/blog\/wp-json\/wp\/v2\/categories?post=22008"},{"taxonomy":"post_tag","embeddable":true,"href":"https:\/\/www.marianagurza.ro\/blog\/wp-json\/wp\/v2\/tags?post=22008"}],"curies":[{"name":"wp","href":"https:\/\/api.w.org\/{rel}","templated":true}]}}