{"id":22023,"date":"2015-03-20T20:05:19","date_gmt":"2015-03-20T20:05:19","guid":{"rendered":"http:\/\/www.marianagurza.ro\/blog\/?p=22023"},"modified":"2015-03-20T20:05:19","modified_gmt":"2015-03-20T20:05:19","slug":"camelia-cristea-m-am-logodit","status":"publish","type":"post","link":"https:\/\/www.marianagurza.ro\/blog\/2015\/03\/20\/camelia-cristea-m-am-logodit\/","title":{"rendered":"Camelia Cristea: M-am logodit"},"content":{"rendered":"<p style=\"text-align: center;\"><a href=\"http:\/\/www.marianagurza.ro\/blog\/wp-content\/uploads\/2015\/03\/Camelia-Cristea4.jpeg\"><img loading=\"lazy\" decoding=\"async\" class=\"size-full wp-image-22024\" title=\"Camelia Cristea\" src=\"http:\/\/www.marianagurza.ro\/blog\/wp-content\/uploads\/2015\/03\/Camelia-Cristea4.jpeg\" alt=\"\" width=\"184\" height=\"184\" srcset=\"https:\/\/www.marianagurza.ro\/blog\/wp-content\/uploads\/2015\/03\/Camelia-Cristea4.jpeg 184w, https:\/\/www.marianagurza.ro\/blog\/wp-content\/uploads\/2015\/03\/Camelia-Cristea4-150x150.jpg 150w\" sizes=\"auto, (max-width: 184px) 100vw, 184px\" \/><\/a><\/p>\n<p><strong>M-am logodit <\/strong><\/p>\n<p>&nbsp;<\/p>\n<p>M-am logodit cu verdele p\u0103durii,<br \/>\nPe frunze capul uneori mi-l plec,<br \/>\n\u00cenv\u0103\u021b s\u0103 dau curaj rostirii<br \/>\nS\u0103 las frumos pe unde trec.<\/p>\n<p>&nbsp;<\/p>\n<p>Copacii to\u021bi \u00eemi sunt al\u0103turi<br \/>\nPe vreme bun\u0103 \u0219i furtuni,<br \/>\nAm prins \u00een zbor un stol de fluturi<br \/>\n\u0218i i-am rugat s\u0103-mi fie nuni!<\/p>\n<p>&nbsp;<\/p>\n<p>Cu fir de rou\u0103 \u021besem haina,<br \/>\nAltarul-l str\u0103juim cu rugi<br \/>\nTe-am prins de bra\u021b cu a mea iubire<br \/>\nNu cred c\u0103 po\u021bi acum s\u0103 fugi.<\/p>\n<p>&nbsp;<\/p>\n<p>Culorile se str\u00e2ng \u00een co\u0219uri,<br \/>\nBr\u00e2ndu\u0219ele &#8211; au pavat alei,<br \/>\nSolistele fac vocalize<br \/>\nAscult\u0103-\u021bi inima de vrei.<\/p>\n<p>&nbsp;<\/p>\n<p>Cuprinde-n cerul t\u0103u seninul,<br \/>\nM\u0103car un petec, un cr\u00e2mpei<br \/>\nM-am logodit doar cu p\u0103durea&#8230;<br \/>\nDe azi sunt toat\u0103 doar a ei&#8230;<\/p>\n<p>&nbsp;<\/p>\n<p style=\"text-align: center;\"><strong>Camelia Cristea<\/strong><\/p>\n","protected":false},"excerpt":{"rendered":"<p>M-am logodit &nbsp; M-am logodit cu verdele p\u0103durii, Pe frunze capul uneori mi-l plec, \u00cenv\u0103\u021b s\u0103 dau curaj rostirii S\u0103 [&#038;hellip<\/p>\n","protected":false},"author":1,"featured_media":0,"comment_status":"closed","ping_status":"closed","sticky":false,"template":"","format":"standard","meta":{"footnotes":""},"categories":[3],"tags":[],"class_list":["post-22023","post","type-post","status-publish","format-standard","hentry","category-articole"],"_links":{"self":[{"href":"https:\/\/www.marianagurza.ro\/blog\/wp-json\/wp\/v2\/posts\/22023","targetHints":{"allow":["GET"]}}],"collection":[{"href":"https:\/\/www.marianagurza.ro\/blog\/wp-json\/wp\/v2\/posts"}],"about":[{"href":"https:\/\/www.marianagurza.ro\/blog\/wp-json\/wp\/v2\/types\/post"}],"author":[{"embeddable":true,"href":"https:\/\/www.marianagurza.ro\/blog\/wp-json\/wp\/v2\/users\/1"}],"replies":[{"embeddable":true,"href":"https:\/\/www.marianagurza.ro\/blog\/wp-json\/wp\/v2\/comments?post=22023"}],"version-history":[{"count":2,"href":"https:\/\/www.marianagurza.ro\/blog\/wp-json\/wp\/v2\/posts\/22023\/revisions"}],"predecessor-version":[{"id":22026,"href":"https:\/\/www.marianagurza.ro\/blog\/wp-json\/wp\/v2\/posts\/22023\/revisions\/22026"}],"wp:attachment":[{"href":"https:\/\/www.marianagurza.ro\/blog\/wp-json\/wp\/v2\/media?parent=22023"}],"wp:term":[{"taxonomy":"category","embeddable":true,"href":"https:\/\/www.marianagurza.ro\/blog\/wp-json\/wp\/v2\/categories?post=22023"},{"taxonomy":"post_tag","embeddable":true,"href":"https:\/\/www.marianagurza.ro\/blog\/wp-json\/wp\/v2\/tags?post=22023"}],"curies":[{"name":"wp","href":"https:\/\/api.w.org\/{rel}","templated":true}]}}