{"id":22035,"date":"2015-03-21T06:31:14","date_gmt":"2015-03-21T06:31:14","guid":{"rendered":"http:\/\/www.marianagurza.ro\/blog\/?p=22035"},"modified":"2015-03-21T06:31:14","modified_gmt":"2015-03-21T06:31:14","slug":"franko-sicra-ma-cheama-iarasi","status":"publish","type":"post","link":"https:\/\/www.marianagurza.ro\/blog\/2015\/03\/21\/franko-sicra-ma-cheama-iarasi\/","title":{"rendered":"Franko Sicra: M\u0103 cheam\u0103 iar\u0103\u015fi&#8230;"},"content":{"rendered":"<p style=\"text-align: center;\"><img loading=\"lazy\" decoding=\"async\" id=\"irc_mi\" src=\"http:\/\/1.bp.blogspot.com\/-d0OEg3KW4rE\/Td0U7eprUmI\/AAAAAAAAAyE\/Gg82-yFnKkY\/s320\/200002_122305374510618_100001934680564_161614_1801331_n.jpg\" alt=\"\" width=\"320\" height=\"238\" \/><\/p>\n<p><strong>M\u0103 cheam\u0103 iar\u0103\u015fi&#8230;<\/strong><\/p>\n<p><strong>\u00a0<\/strong><\/p>\n<p>M\u0103 cheam\u0103 iar\u0103\u015fi dep\u0103rtarea&#8230;<br \/>\nM\u0103 cheam\u0103 largul nesf\u00e2r\u015fit&#8230;<br \/>\nAcolo unde se \u00eembin\u0103 zarea&#8230;<br \/>\nCu orizontul infinit&#8230;<\/p>\n<p>&nbsp;<\/p>\n<p>M\u0103 cheam\u0103 valul cu-a lui \u015foapte&#8230;<br \/>\nPurtate-n val de \u00eenser\u0103ri &#8230;<br \/>\nC\u00e2nt\u00e2nd un r\u0103s\u0103rit de noapte,<br \/>\nPe-o noua coal\u0103 de vis\u0103ri .<\/p>\n<p>&nbsp;<\/p>\n<p>Pe malul trist \u015fi-nsingurat&#8230;<br \/>\nDoar sufletul mai cat\u0103 alinare&#8230;<br \/>\n\u00cen zumzetul de v\u00e2nt, c\u00e2ntat&#8230;<br \/>\nPurtat de valul de pe mare.<\/p>\n<p>&nbsp;<\/p>\n<p>El st\u0103 b\u0103t\u00e2nd \u00een a\u015fteptare&#8230;<br \/>\nP\u0103tat nisip de-at\u00e2tea lacrimi,<br \/>\nCu pasul greu,durerea tot mai mare,<br \/>\n\u00cen sufletu-mi r\u0103pus de patimi.<\/p>\n<p>&nbsp;<\/p>\n<p>Se duc anii pierdu\u0163i \u00een v\u00e2nt,<br \/>\nSe r\u0103t\u0103cesc pe cale de zile care trec,<br \/>\nDoar eu r\u0103m\u00e2n, bulg\u0103r de p\u0103m\u00e2nt,<br \/>\n\u015ei cu durerea-n suflet&#8230; prin via\u0163\u0103 ma petrec.<\/p>\n<p>&nbsp;<\/p>\n<p>Franko Sicra<br \/>\nRavenna<\/p>\n<p>&nbsp;<\/p>\n","protected":false},"excerpt":{"rendered":"<p>M\u0103 cheam\u0103 iar\u0103\u015fi&#8230; \u00a0 M\u0103 cheam\u0103 iar\u0103\u015fi dep\u0103rtarea&#8230; M\u0103 cheam\u0103 largul nesf\u00e2r\u015fit&#8230; Acolo unde se \u00eembin\u0103 zarea&#8230; Cu orizontul infinit&#8230; [&#038;hellip<\/p>\n","protected":false},"author":1,"featured_media":0,"comment_status":"closed","ping_status":"closed","sticky":false,"template":"","format":"standard","meta":{"footnotes":""},"categories":[3],"tags":[],"class_list":["post-22035","post","type-post","status-publish","format-standard","hentry","category-articole"],"_links":{"self":[{"href":"https:\/\/www.marianagurza.ro\/blog\/wp-json\/wp\/v2\/posts\/22035","targetHints":{"allow":["GET"]}}],"collection":[{"href":"https:\/\/www.marianagurza.ro\/blog\/wp-json\/wp\/v2\/posts"}],"about":[{"href":"https:\/\/www.marianagurza.ro\/blog\/wp-json\/wp\/v2\/types\/post"}],"author":[{"embeddable":true,"href":"https:\/\/www.marianagurza.ro\/blog\/wp-json\/wp\/v2\/users\/1"}],"replies":[{"embeddable":true,"href":"https:\/\/www.marianagurza.ro\/blog\/wp-json\/wp\/v2\/comments?post=22035"}],"version-history":[{"count":2,"href":"https:\/\/www.marianagurza.ro\/blog\/wp-json\/wp\/v2\/posts\/22035\/revisions"}],"predecessor-version":[{"id":22037,"href":"https:\/\/www.marianagurza.ro\/blog\/wp-json\/wp\/v2\/posts\/22035\/revisions\/22037"}],"wp:attachment":[{"href":"https:\/\/www.marianagurza.ro\/blog\/wp-json\/wp\/v2\/media?parent=22035"}],"wp:term":[{"taxonomy":"category","embeddable":true,"href":"https:\/\/www.marianagurza.ro\/blog\/wp-json\/wp\/v2\/categories?post=22035"},{"taxonomy":"post_tag","embeddable":true,"href":"https:\/\/www.marianagurza.ro\/blog\/wp-json\/wp\/v2\/tags?post=22035"}],"curies":[{"name":"wp","href":"https:\/\/api.w.org\/{rel}","templated":true}]}}