{"id":22043,"date":"2015-03-21T07:05:24","date_gmt":"2015-03-21T07:05:24","guid":{"rendered":"http:\/\/www.marianagurza.ro\/blog\/?p=22043"},"modified":"2015-03-21T07:05:53","modified_gmt":"2015-03-21T07:05:53","slug":"dorina-stoica-daca-aripile-mi-sunt-rupte","status":"publish","type":"post","link":"https:\/\/www.marianagurza.ro\/blog\/2015\/03\/21\/dorina-stoica-daca-aripile-mi-sunt-rupte\/","title":{"rendered":"Dorina Stoica: Dac\u0103 aripile-mi sunt rupte"},"content":{"rendered":"<p style=\"text-align: center;\"><a href=\"http:\/\/www.marianagurza.ro\/blog\/wp-content\/uploads\/2015\/03\/dorina-stoica1.jpg\"><img loading=\"lazy\" decoding=\"async\" class=\"size-medium wp-image-22044\" title=\"dorina stoica1\" src=\"http:\/\/www.marianagurza.ro\/blog\/wp-content\/uploads\/2015\/03\/dorina-stoica1-300x199.jpg\" alt=\"\" width=\"300\" height=\"199\" srcset=\"https:\/\/www.marianagurza.ro\/blog\/wp-content\/uploads\/2015\/03\/dorina-stoica1-300x199.jpg 300w, https:\/\/www.marianagurza.ro\/blog\/wp-content\/uploads\/2015\/03\/dorina-stoica1-1024x682.jpg 1024w, https:\/\/www.marianagurza.ro\/blog\/wp-content\/uploads\/2015\/03\/dorina-stoica1.jpg 2048w\" sizes=\"auto, (max-width: 300px) 100vw, 300px\" \/><\/a><\/p>\n<p><strong>Dac\u0103 aripile-mi sunt rupte<\/strong><\/p>\n<p>&nbsp;<\/p>\n<p>\u00cen zborul meu bezmetic, spre lumin\u0103,<br \/>\naripile s-au rupt \u015fi m-a durut.<br \/>\nAt\u00e2t de mult m-am \u00eenal\u0163at din tin\u0103<br \/>\nde am ajuns ranit\u0103, iar \u00een lut.<br \/>\nAripile s-au fr\u00e2nt \u015fi m-a durut.<br \/>\nMi-acop\u0103r ochii, \u00eemi acop\u0103r capul<br \/>\nde oameni neputin\u0163a s\u0103-mi ascund.<br \/>\nAt\u00e2tea r\u0103ni ce sunt deschise \u00eenc\u0103<br \/>\nm\u0103 dor \u015fi nu s-au vindecat.<br \/>\nDac\u0103 aripile-mi sunt fr\u00e2nte<br \/>\nsunt doar un vierme \u00eentr-un m\u0103r stricat!<\/p>\n<p>&nbsp;<\/p>\n<p style=\"text-align: center;\"><strong>Dorina Stoica<\/strong><\/p>\n<p>&nbsp;<\/p>\n","protected":false},"excerpt":{"rendered":"<p>Dac\u0103 aripile-mi sunt rupte &nbsp; \u00cen zborul meu bezmetic, spre lumin\u0103, aripile s-au rupt \u015fi m-a durut. At\u00e2t de mult [&#038;hellip<\/p>\n","protected":false},"author":1,"featured_media":0,"comment_status":"closed","ping_status":"closed","sticky":false,"template":"","format":"standard","meta":{"footnotes":""},"categories":[3],"tags":[],"class_list":["post-22043","post","type-post","status-publish","format-standard","hentry","category-articole"],"_links":{"self":[{"href":"https:\/\/www.marianagurza.ro\/blog\/wp-json\/wp\/v2\/posts\/22043","targetHints":{"allow":["GET"]}}],"collection":[{"href":"https:\/\/www.marianagurza.ro\/blog\/wp-json\/wp\/v2\/posts"}],"about":[{"href":"https:\/\/www.marianagurza.ro\/blog\/wp-json\/wp\/v2\/types\/post"}],"author":[{"embeddable":true,"href":"https:\/\/www.marianagurza.ro\/blog\/wp-json\/wp\/v2\/users\/1"}],"replies":[{"embeddable":true,"href":"https:\/\/www.marianagurza.ro\/blog\/wp-json\/wp\/v2\/comments?post=22043"}],"version-history":[{"count":3,"href":"https:\/\/www.marianagurza.ro\/blog\/wp-json\/wp\/v2\/posts\/22043\/revisions"}],"predecessor-version":[{"id":22046,"href":"https:\/\/www.marianagurza.ro\/blog\/wp-json\/wp\/v2\/posts\/22043\/revisions\/22046"}],"wp:attachment":[{"href":"https:\/\/www.marianagurza.ro\/blog\/wp-json\/wp\/v2\/media?parent=22043"}],"wp:term":[{"taxonomy":"category","embeddable":true,"href":"https:\/\/www.marianagurza.ro\/blog\/wp-json\/wp\/v2\/categories?post=22043"},{"taxonomy":"post_tag","embeddable":true,"href":"https:\/\/www.marianagurza.ro\/blog\/wp-json\/wp\/v2\/tags?post=22043"}],"curies":[{"name":"wp","href":"https:\/\/api.w.org\/{rel}","templated":true}]}}