{"id":22061,"date":"2015-03-21T07:57:44","date_gmt":"2015-03-21T07:57:44","guid":{"rendered":"http:\/\/www.marianagurza.ro\/blog\/?p=22061"},"modified":"2015-03-21T07:57:44","modified_gmt":"2015-03-21T07:57:44","slug":"camelia-cristea-inca-nu-i-tarziu","status":"publish","type":"post","link":"https:\/\/www.marianagurza.ro\/blog\/2015\/03\/21\/camelia-cristea-inca-nu-i-tarziu\/","title":{"rendered":"Camelia Cristea: \u00cenc\u0103 nu-i t\u00e2rziu"},"content":{"rendered":"<p style=\"text-align: center;\"><a href=\"http:\/\/www.marianagurza.ro\/blog\/wp-content\/uploads\/2015\/03\/Camelia-Cristea5.jpeg\"><img loading=\"lazy\" decoding=\"async\" class=\"size-full wp-image-22062\" title=\"Camelia Cristea\" src=\"http:\/\/www.marianagurza.ro\/blog\/wp-content\/uploads\/2015\/03\/Camelia-Cristea5.jpeg\" alt=\"\" width=\"184\" height=\"184\" srcset=\"https:\/\/www.marianagurza.ro\/blog\/wp-content\/uploads\/2015\/03\/Camelia-Cristea5.jpeg 184w, https:\/\/www.marianagurza.ro\/blog\/wp-content\/uploads\/2015\/03\/Camelia-Cristea5-150x150.jpg 150w\" sizes=\"auto, (max-width: 184px) 100vw, 184px\" \/><\/a><\/p>\n<p><strong>\u00cenc\u0103 nu-i t\u00e2rziu<\/strong><\/p>\n<p><strong>\u00a0<\/strong><\/p>\n<p>Am venit spre Tine c\u00e2nd era t\u00e2rziu<br \/>\nClocotul furtunii umpluse paharul<br \/>\n\u0218i din valuri repezi \u00eenc\u0103 \u00ee\u021bi mai scriu<br \/>\nV\u00e2ntul \u00ee\u0219i golise \u00eentreg arsenalul.<\/p>\n<p>&nbsp;<\/p>\n<p>Tu ai scos bagheta \u0219i-ai oprit furtuna,<br \/>\nCa un magician care-\u021bi d\u0103 fiori<br \/>\nPe un \u021b\u0103rm de pace mi-ai \u00eentins \u0219i m\u00e2na,<br \/>\nR\u0103s\u0103rit de soare, tres\u0103rit \u00een zori.<\/p>\n<p>&nbsp;<\/p>\n<p>Diminea\u021b\u0103-\u021bi spun \u0219tiu c\u0103 &#8211; a\u0219a \u00ee\u021bi place&#8230;,<br \/>\nC\u00e2nd deschid ferestra intri-n casa mea<br \/>\n\u0218i desfaci petala unei flori din glastr\u0103,<br \/>\nAcum f\u0103r\u0103 Tine, sigur n-a\u0219 mai sta.<\/p>\n<p>&nbsp;<\/p>\n<p>Roua l\u0103crimeaz\u0103 \u00een gr\u0103dina vie\u021bii<br \/>\nFrunze ar\u0103mii totu\u0219i am sa-\u021bi scriu<br \/>\nSf\u0103r\u00e2mat paharul \u0219i furtuna trece,<br \/>\nPe un \u021b\u0103rm de pace \u00eenc\u0103 nu-i t\u00e2rziu&#8230;.<\/p>\n<p>&nbsp;<\/p>\n<p style=\"text-align: center;\"><strong>Camelia Cristea<\/strong><\/p>\n<p style=\"text-align: center;\">(Din vol.&#8221; Ferestre deschise&#8221;, Ed. Singur, 2015)<\/p>\n","protected":false},"excerpt":{"rendered":"<p>\u00cenc\u0103 nu-i t\u00e2rziu \u00a0 Am venit spre Tine c\u00e2nd era t\u00e2rziu Clocotul furtunii umpluse paharul \u0218i din valuri repezi \u00eenc\u0103 [&#038;hellip<\/p>\n","protected":false},"author":1,"featured_media":0,"comment_status":"closed","ping_status":"closed","sticky":false,"template":"","format":"standard","meta":{"footnotes":""},"categories":[3],"tags":[],"class_list":["post-22061","post","type-post","status-publish","format-standard","hentry","category-articole"],"_links":{"self":[{"href":"https:\/\/www.marianagurza.ro\/blog\/wp-json\/wp\/v2\/posts\/22061","targetHints":{"allow":["GET"]}}],"collection":[{"href":"https:\/\/www.marianagurza.ro\/blog\/wp-json\/wp\/v2\/posts"}],"about":[{"href":"https:\/\/www.marianagurza.ro\/blog\/wp-json\/wp\/v2\/types\/post"}],"author":[{"embeddable":true,"href":"https:\/\/www.marianagurza.ro\/blog\/wp-json\/wp\/v2\/users\/1"}],"replies":[{"embeddable":true,"href":"https:\/\/www.marianagurza.ro\/blog\/wp-json\/wp\/v2\/comments?post=22061"}],"version-history":[{"count":2,"href":"https:\/\/www.marianagurza.ro\/blog\/wp-json\/wp\/v2\/posts\/22061\/revisions"}],"predecessor-version":[{"id":22064,"href":"https:\/\/www.marianagurza.ro\/blog\/wp-json\/wp\/v2\/posts\/22061\/revisions\/22064"}],"wp:attachment":[{"href":"https:\/\/www.marianagurza.ro\/blog\/wp-json\/wp\/v2\/media?parent=22061"}],"wp:term":[{"taxonomy":"category","embeddable":true,"href":"https:\/\/www.marianagurza.ro\/blog\/wp-json\/wp\/v2\/categories?post=22061"},{"taxonomy":"post_tag","embeddable":true,"href":"https:\/\/www.marianagurza.ro\/blog\/wp-json\/wp\/v2\/tags?post=22061"}],"curies":[{"name":"wp","href":"https:\/\/api.w.org\/{rel}","templated":true}]}}