{"id":22070,"date":"2015-03-21T08:43:41","date_gmt":"2015-03-21T08:43:41","guid":{"rendered":"http:\/\/www.marianagurza.ro\/blog\/?p=22070"},"modified":"2015-03-21T08:43:41","modified_gmt":"2015-03-21T08:43:41","slug":"sandu-catinean-ziua-internationala-a-poeziei-sus-pe-culmea-unui-deal","status":"publish","type":"post","link":"https:\/\/www.marianagurza.ro\/blog\/2015\/03\/21\/sandu-catinean-ziua-internationala-a-poeziei-sus-pe-culmea-unui-deal\/","title":{"rendered":"Sandu C\u0103tinean: &#8220;Ziua Interna\u0163ional\u0103 a Poeziei&#8221; &#8211; Sus, pe culmea unui deal"},"content":{"rendered":"<p style=\"text-align: center;\"><a href=\"http:\/\/www.marianagurza.ro\/blog\/wp-content\/uploads\/2015\/03\/sandu-catinean-ziua-poeziei.jpg\"><img loading=\"lazy\" decoding=\"async\" class=\"size-medium wp-image-22071\" title=\"sandu catinean ziua poeziei\" src=\"http:\/\/www.marianagurza.ro\/blog\/wp-content\/uploads\/2015\/03\/sandu-catinean-ziua-poeziei-300x225.jpg\" alt=\"\" width=\"300\" height=\"225\" srcset=\"https:\/\/www.marianagurza.ro\/blog\/wp-content\/uploads\/2015\/03\/sandu-catinean-ziua-poeziei-300x225.jpg 300w, https:\/\/www.marianagurza.ro\/blog\/wp-content\/uploads\/2015\/03\/sandu-catinean-ziua-poeziei-1024x768.jpg 1024w, https:\/\/www.marianagurza.ro\/blog\/wp-content\/uploads\/2015\/03\/sandu-catinean-ziua-poeziei.jpg 2048w\" sizes=\"auto, (max-width: 300px) 100vw, 300px\" \/><\/a><\/p>\n<p><strong>Sus, pe culmea unui deal<\/strong><\/p>\n<p>&nbsp;<\/p>\n<p>Sus, pe culmea unui deal<br \/>\no feti\u0163\u0103 duce-o urn\u0103<br \/>\ncu sf\u00e2r\u015fitul unui vis<br \/>\nce dureri, prin brazi at\u00e2rn\u0103<\/p>\n<p>&nbsp;<\/p>\n<p>V\u00e2ntul sufl\u0103 peste iarb\u0103<br \/>\nun cr\u00e2mpei din suflet stins<br \/>\ndin neant r\u0103sun\u0103-un c\u00e2ntec<br \/>\ndespre un br\u0103du\u0163 aprins<\/p>\n<p>&nbsp;<\/p>\n<p>Peste p\u0103rul lung al fetei<br \/>\nflutur\u0103 cr\u00e2mpei din soare<br \/>\npe c\u0103r\u0103ri, prin iarba aspr\u0103<br \/>\ncad fr\u00e2nturi dintr-o ninsoare<\/p>\n<p>&nbsp;<\/p>\n<p>Ochii-nl\u0103crima\u0163i sc\u00e2nteie<br \/>\nde dureri ce nu se spun<br \/>\n\u201c Dragul meu, iubite tat\u0103<br \/>\n\u00eentre brazii t\u0103i te pun\u201d<\/p>\n<p>&nbsp;<\/p>\n<p>Dintr-un cr\u00e2ng, o p\u0103s\u0103ruic\u0103<br \/>\nciripe\u015fte-un c\u00e2nt de duc\u0103<br \/>\nfeti\u015fcana, printre ramuri<br \/>\nsuspin\u00e2nd mai aprig urc\u0103<\/p>\n<p>&nbsp;<\/p>\n<p>P\u00e2n\u0103 sus \u00een poieni\u0163a<br \/>\ncare tremur\u0103 suspine<br \/>\ndintre brazi cu cetini aspre<br \/>\nun ciopor de ciute vine<\/p>\n<p>&nbsp;<\/p>\n<p>\u015ei-un concert de muget amplu<br \/>\ncurge lin, peste c\u0103r\u0103ri<br \/>\ncerbii-ncet mugesc a jale<br \/>\n\u015fi a fream\u0103t de uit\u0103ri<\/p>\n<p>&nbsp;<\/p>\n<p>Apoi, fata-ntinde-o m\u00e2n\u0103<br \/>\ncu cenu\u015fa vine\u0163ie\u2026<br \/>\n\u201c Uite tat\u0103 cum vin cerbii<br \/>\nca ur\u00e2t s\u0103 nu-\u0163i mai fie\u201d<\/p>\n<p>&nbsp;<\/p>\n<p>V\u00e2ntul se opre\u015fte-o clip\u0103<br \/>\n\u015fi t\u0103cerea urc\u0103-n ramuri<br \/>\nbrazii se \u00eenclin\u0103 tainic<br \/>\ncad din cetini mii de flamuri<\/p>\n<p>&nbsp;<\/p>\n<p>\u201c Uite tat\u0103 cum to\u0163i brazii<br \/>\nvor s\u0103 fie l\u00e2ng\u0103 tine<br \/>\nvoi pleca\u2026 c\u0103 Z\u00e2na Nop\u0163ii<br \/>\n\u00een cur\u00e2nd la tine vine\u201d<\/p>\n<p>&nbsp;<\/p>\n<p>\u015ei \u00eencet, cu chipul pl\u00e2ns<br \/>\nfeti\u015fcana se ridic\u0103<br \/>\ndin senin, din bl\u00e2nda lun\u0103<br \/>\nun sur\u00e2s pe chip \u00eei pic\u0103<\/p>\n<p>&nbsp;<\/p>\n<p>\u201c Voi, ce l-a\u0163i iubit pe tata<br \/>\ndragii mei, pe to\u0163i v\u0103 \u015ftiu<br \/>\nsta\u0163i cu tata pe vecie<br \/>\nc\u0103-a\u0163i fost visul lui cel viu\u201d<\/p>\n<p>&nbsp;<\/p>\n<p>Fream\u0103tul se stinge-apoi<br \/>\nfata-ncet la drum porne\u015fte<br \/>\npe c\u0103rarea dintre cetini<br \/>\nZ\u00e2na Nop\u0163ii se ive\u015fte<\/p>\n<p>&nbsp;<\/p>\n<p>\u201c Dragul meu\u201d \u015fi v\u00e2ntul pl\u00e2nge<br \/>\nZ\u00e2na-ncet m\u00e2ng\u00e2ie iarba<br \/>\n\u201cC\u00e2ntul t\u0103u, al nostru c\u00e2ntec<br \/>\nnu mi l-ai c\u00e2ntat degeaba\u201d\u2026<\/p>\n<p>&nbsp;<\/p>\n<p style=\"text-align: center;\"><strong>Sandu C\u0103tinean din Bon\u0163ida<\/strong><\/p>\n<p>&nbsp;<\/p>\n","protected":false},"excerpt":{"rendered":"<p>Sus, pe culmea unui deal &nbsp; Sus, pe culmea unui deal o feti\u0163\u0103 duce-o urn\u0103 cu sf\u00e2r\u015fitul unui vis ce [&#038;hellip<\/p>\n","protected":false},"author":1,"featured_media":0,"comment_status":"closed","ping_status":"closed","sticky":false,"template":"","format":"standard","meta":{"footnotes":""},"categories":[3],"tags":[],"class_list":["post-22070","post","type-post","status-publish","format-standard","hentry","category-articole"],"_links":{"self":[{"href":"https:\/\/www.marianagurza.ro\/blog\/wp-json\/wp\/v2\/posts\/22070","targetHints":{"allow":["GET"]}}],"collection":[{"href":"https:\/\/www.marianagurza.ro\/blog\/wp-json\/wp\/v2\/posts"}],"about":[{"href":"https:\/\/www.marianagurza.ro\/blog\/wp-json\/wp\/v2\/types\/post"}],"author":[{"embeddable":true,"href":"https:\/\/www.marianagurza.ro\/blog\/wp-json\/wp\/v2\/users\/1"}],"replies":[{"embeddable":true,"href":"https:\/\/www.marianagurza.ro\/blog\/wp-json\/wp\/v2\/comments?post=22070"}],"version-history":[{"count":2,"href":"https:\/\/www.marianagurza.ro\/blog\/wp-json\/wp\/v2\/posts\/22070\/revisions"}],"predecessor-version":[{"id":22073,"href":"https:\/\/www.marianagurza.ro\/blog\/wp-json\/wp\/v2\/posts\/22070\/revisions\/22073"}],"wp:attachment":[{"href":"https:\/\/www.marianagurza.ro\/blog\/wp-json\/wp\/v2\/media?parent=22070"}],"wp:term":[{"taxonomy":"category","embeddable":true,"href":"https:\/\/www.marianagurza.ro\/blog\/wp-json\/wp\/v2\/categories?post=22070"},{"taxonomy":"post_tag","embeddable":true,"href":"https:\/\/www.marianagurza.ro\/blog\/wp-json\/wp\/v2\/tags?post=22070"}],"curies":[{"name":"wp","href":"https:\/\/api.w.org\/{rel}","templated":true}]}}