{"id":22106,"date":"2015-03-21T16:15:48","date_gmt":"2015-03-21T16:15:48","guid":{"rendered":"http:\/\/www.marianagurza.ro\/blog\/?p=22106"},"modified":"2015-03-21T16:35:57","modified_gmt":"2015-03-21T16:35:57","slug":"iuliana-paloda-popescu-poezii","status":"publish","type":"post","link":"https:\/\/www.marianagurza.ro\/blog\/2015\/03\/21\/iuliana-paloda-popescu-poezii\/","title":{"rendered":"Iuliana Paloda-Popescu: Poeme"},"content":{"rendered":"<p style=\"text-align: center;\"><a href=\"http:\/\/www.marianagurza.ro\/blog\/wp-content\/uploads\/2015\/03\/615802_444457295591632_500620057_o.jpg\"><img loading=\"lazy\" decoding=\"async\" class=\"size-medium wp-image-22107\" title=\"615802_444457295591632_500620057_o\" src=\"http:\/\/www.marianagurza.ro\/blog\/wp-content\/uploads\/2015\/03\/615802_444457295591632_500620057_o-249x300.jpg\" alt=\"\" width=\"249\" height=\"300\" srcset=\"https:\/\/www.marianagurza.ro\/blog\/wp-content\/uploads\/2015\/03\/615802_444457295591632_500620057_o-249x300.jpg 249w, https:\/\/www.marianagurza.ro\/blog\/wp-content\/uploads\/2015\/03\/615802_444457295591632_500620057_o-851x1024.jpg 851w, https:\/\/www.marianagurza.ro\/blog\/wp-content\/uploads\/2015\/03\/615802_444457295591632_500620057_o.jpg 1181w\" sizes=\"auto, (max-width: 249px) 100vw, 249px\" \/><\/a><\/p>\n<p align=\"center\"><strong>Ca o petal\u0103 alb\u0103<\/strong><\/p>\n<p>&nbsp;<\/p>\n<p align=\"center\">Acum,<\/p>\n<p align=\"center\">orizontul este departe,<\/p>\n<p align=\"center\">numai dac\u0103 \u00eentinzi\u00a0 bra\u0163ele vei<\/p>\n<p align=\"center\">atinge m\u0103tasea Cerului \u015fi-\u0163i vei afla<\/p>\n<p align=\"center\">numele \u2013 spune \u00cengerul&#8230; iar pas\u0103rea<\/p>\n<p align=\"center\">apelor te va trece dincolo \u015fi te vei trezi<\/p>\n<p align=\"center\">din somnul ad\u00e2nc, \u00een care ai c\u0103zut prad\u0103<\/p>\n<p align=\"center\">v\u00e2n\u0103torilor, singur, pe c\u00e2mpiile albe, cu<\/p>\n<p align=\"center\">bra\u0163ele deschise, purt\u00e2nd sub pleoape<\/p>\n<p align=\"center\">amintirea m\u0103rului din care ai mu\u015fcat<\/p>\n<p align=\"center\">c\u00e2ndva lumina dulce, azurie,<\/p>\n<p align=\"center\">sper\u00e2nd ca<\/p>\n<p>&nbsp;<\/p>\n<p>&nbsp;<\/p>\n<p>&nbsp;<\/p>\n<p align=\"center\">fructul<\/p>\n<p align=\"center\">rumen s\u0103 te poarte-n<\/p>\n<p align=\"center\">ve\u015fnicie!&#8230; Biruin\u0163a e a celor<\/p>\n<p align=\"center\">ce-a\u015fteapt\u0103 &#8211; spune \u00cengerul \u015fi-\u0163i<\/p>\n<p align=\"center\">pune-n palme tipsia de argint pe care<\/p>\n<p align=\"center\">st\u0103 o carte ferecat\u0103, apoi, prive\u015fte Cerul,<\/p>\n<p align=\"center\">amintindu-\u0163i c\u0103-n puterea nop\u0163ii piere<\/p>\n<p align=\"center\">\u00eentristarea \u015fi intr\u00e2nd \u00een vis cu sufletul<\/p>\n<p align=\"center\">deschis, vei fi mereu mai t\u00e2n\u0103r<\/p>\n<p align=\"center\">\u015fi mai singur, plutind pe<\/p>\n<p align=\"center\">\u0163\u0103rmurile vii, ca o<\/p>\n<p align=\"center\">petal\u0103 alb\u0103!&#8230;<\/p>\n<p>&nbsp;<\/p>\n<p>&nbsp;<\/p>\n<p>&nbsp;<\/p>\n<p align=\"center\"><strong>Luntra\u015ful<\/strong><\/p>\n<p align=\"center\">Mam\u0103,<\/p>\n<p align=\"center\">Cump\u0103na Cerului<\/p>\n<p align=\"center\">leag\u0103n\u0103 visul \u00een lumina Lunii,<\/p>\n<p align=\"center\">iar eu trec peste noapte &#8211; adiere<\/p>\n<p align=\"center\">t\u00e2rzie \u00een lacrima r\u00e2ului \u015fi m\u0103 doare<\/p>\n<p align=\"center\">plecarea \u00cengerului c\u0103tre<\/p>\n<p align=\"center\">\u0163\u0103rmul de aur!&#8230;<\/p>\n<p align=\"center\">Uite,<\/p>\n<p align=\"center\">urmele mele sunt<\/p>\n<p align=\"center\">albe \u015fi nu se afund\u0103-n nisip,<\/p>\n<p align=\"center\">cum f\u0103ceau c\u00e2ndva, ci doar \u00eel<\/p>\n<p align=\"center\">ating\u00a0 \u015fi se-nal\u0163\u0103, c\u00e2nd vine<\/p>\n<p align=\"center\">valul \u00eenspumat!&#8230;<\/p>\n<p align=\"center\">Vara aceasta<\/p>\n<p align=\"center\">nu va fi cum \u015ftiam,<\/p>\n<p align=\"center\">p\u0103s\u0103rile m\u0103rii ne vor chema \u00een<\/p>\n<p align=\"center\">larg, unde ne a\u015fteapt\u0103 Luntra\u015ful,<\/p>\n<p align=\"center\">v\u00e2slind \u00eencet \u015fi privindu-ne \u00een<\/p>\n<p align=\"center\">r\u0103stimpuri, din barca roas\u0103 de<\/p>\n<p align=\"center\">timp \u015fi de ape, \u00eenc\u0103rcat\u0103<\/p>\n<p align=\"center\">cu nuferi albi!&#8230;<\/p>\n<p align=\"center\">Iar noi<\/p>\n<p align=\"center\">nu va trebui dec\u00e2t s\u0103<\/p>\n<p align=\"center\">z\u00e2mbim, mam\u0103, pe c\u00e2nd El \u00ee\u015fi<\/p>\n<p align=\"center\">va aminti cum treceam c\u00e2ndva<\/p>\n<p align=\"center\">puntea de lemn, \u0163in\u00e2ndu-ne de<\/p>\n<p align=\"center\">m\u00e2n\u0103, peste apa Streiului<\/p>\n<p align=\"center\">\u00eenvolburat!&#8230;<\/p>\n<p align=\"center\">Atunci,<\/p>\n<p align=\"center\">sufletele noastre<\/p>\n<p align=\"center\">\u00cei vor atinge bra\u0163ele care<\/p>\n<p align=\"center\">vor v\u00e2sli \u015fi ne vor purta \u00een<\/p>\n<p align=\"center\">amonte, pe r\u00e2ul de lumin\u0103, unde<\/p>\n<p align=\"center\">sorbul ad\u00e2nc din pieptul S\u0103u<\/p>\n<p align=\"center\">ne va recunoa\u015fte \u015fi ne va<\/p>\n<p align=\"center\">m\u00e2ntui \u00eentr-un suspin<\/p>\n<p align=\"center\">ancestral!&#8230;<\/p>\n<p>&nbsp;<\/p>\n<p>&nbsp;<\/p>\n<p>&nbsp;<\/p>\n<p align=\"center\"><strong>Numai Tu \u015ftii<\/strong><\/p>\n<p align=\"center\">\n<p align=\"center\">\n<p align=\"center\">Dumnezeul<\/p>\n<p align=\"center\">meu, nu m\u0103 p\u0103r\u0103si!&#8230;<\/p>\n<p align=\"center\">Iat\u0103, vine un \u00cenger \u015fi \u00eemi<\/p>\n<p align=\"center\">\u015fopte\u015fte ceva, dar eu nu \u015ftiu<\/p>\n<p align=\"center\">dac\u0103 este un \u00cenger alb sau<\/p>\n<p align=\"center\">un \u00cenger negru, pentru c\u0103<\/p>\n<p align=\"center\">numai Tu \u015ftii!&#8230;<\/p>\n<p align=\"center\">\n<p align=\"center\">\n<p align=\"center\">Apoi,<\/p>\n<p align=\"center\">din ochiul inimii<\/p>\n<p align=\"center\">cre\u015fte o lacrim\u0103 \u015fi eu nu<\/p>\n<p align=\"center\">\u015ftiu dac\u0103 este o lacrim\u0103 alb\u0103<\/p>\n<p align=\"center\">sau o lacrim\u0103 neagr\u0103, iar \u00een<\/p>\n<p align=\"center\">sufletul meu se rote\u015fte<\/p>\n<p align=\"center\">p\u0103durea<\/p>\n<p align=\"center\">\n<p align=\"center\">\n<p align=\"center\">\u015fi c\u00e2ntecul<\/p>\n<p align=\"center\">p\u0103s\u0103rii se aude p\u00e2n\u0103<\/p>\n<p align=\"center\">departe, pe c\u00e2mpul de rou\u0103,<\/p>\n<p align=\"center\">unde Cerul s\u0103rut\u0103 p\u0103m\u00e2ntul,<\/p>\n<p align=\"center\">\u00een care mereu m\u0103 \u00eentorc \u015fi<\/p>\n<p align=\"center\">m\u0103 adun, ca un<\/p>\n<p align=\"center\">prunc<\/p>\n<p align=\"center\">\n<p align=\"center\">\n<p align=\"center\">\u00een p\u00e2ntecul<\/p>\n<p align=\"center\">rotund al unei femei<\/p>\n<p align=\"center\">frumoase, de care nu \u015ftiu<\/p>\n<p align=\"center\">ce m\u0103 leag\u0103 &#8211; flac\u0103ra, v\u00e2ntul<\/p>\n<p align=\"center\">sau valul, iar pas\u0103rea visului<\/p>\n<p align=\"center\">se apropie \u015fi m\u0103 fr\u00e2ng,<\/p>\n<p align=\"center\">m\u0103 rup<\/p>\n<p align=\"center\">\n<p align=\"center\">\n<p align=\"center\">de p\u0103m\u00e2nt,<\/p>\n<p align=\"center\">m\u0103 \u00eenal\u0163 \u015fi cu bra\u0163ele<\/p>\n<p align=\"center\">deschise pe sub aripile ei,<\/p>\n<p align=\"center\">plutim spre un alt Cer, dar<\/p>\n<p align=\"center\">nu \u015ftim dac\u0103 este un Cer alb<\/p>\n<p align=\"center\">sau un Cer negru, pentru<\/p>\n<p align=\"center\">c\u0103 numai Tu \u015ftii!&#8230;<\/p>\n<p>&nbsp;<\/p>\n<p align=\"center\">(<strong>Iuliana Paloda-Popescu<\/strong>, poeme din volumul \u00een preg\u0103tire \u2013 <strong>Semnul \u00cengerului<\/strong>)<\/p>\n","protected":false},"excerpt":{"rendered":"<p>Ca o petal\u0103 alb\u0103 &nbsp; Acum, orizontul este departe, numai dac\u0103 \u00eentinzi\u00a0 bra\u0163ele vei atinge m\u0103tasea Cerului \u015fi-\u0163i vei afla [&#038;hellip<\/p>\n","protected":false},"author":1,"featured_media":0,"comment_status":"closed","ping_status":"closed","sticky":false,"template":"","format":"standard","meta":{"footnotes":""},"categories":[3],"tags":[],"class_list":["post-22106","post","type-post","status-publish","format-standard","hentry","category-articole"],"_links":{"self":[{"href":"https:\/\/www.marianagurza.ro\/blog\/wp-json\/wp\/v2\/posts\/22106","targetHints":{"allow":["GET"]}}],"collection":[{"href":"https:\/\/www.marianagurza.ro\/blog\/wp-json\/wp\/v2\/posts"}],"about":[{"href":"https:\/\/www.marianagurza.ro\/blog\/wp-json\/wp\/v2\/types\/post"}],"author":[{"embeddable":true,"href":"https:\/\/www.marianagurza.ro\/blog\/wp-json\/wp\/v2\/users\/1"}],"replies":[{"embeddable":true,"href":"https:\/\/www.marianagurza.ro\/blog\/wp-json\/wp\/v2\/comments?post=22106"}],"version-history":[{"count":10,"href":"https:\/\/www.marianagurza.ro\/blog\/wp-json\/wp\/v2\/posts\/22106\/revisions"}],"predecessor-version":[{"id":22109,"href":"https:\/\/www.marianagurza.ro\/blog\/wp-json\/wp\/v2\/posts\/22106\/revisions\/22109"}],"wp:attachment":[{"href":"https:\/\/www.marianagurza.ro\/blog\/wp-json\/wp\/v2\/media?parent=22106"}],"wp:term":[{"taxonomy":"category","embeddable":true,"href":"https:\/\/www.marianagurza.ro\/blog\/wp-json\/wp\/v2\/categories?post=22106"},{"taxonomy":"post_tag","embeddable":true,"href":"https:\/\/www.marianagurza.ro\/blog\/wp-json\/wp\/v2\/tags?post=22106"}],"curies":[{"name":"wp","href":"https:\/\/api.w.org\/{rel}","templated":true}]}}