{"id":22118,"date":"2015-03-21T16:45:24","date_gmt":"2015-03-21T16:45:24","guid":{"rendered":"http:\/\/www.marianagurza.ro\/blog\/?p=22118"},"modified":"2015-03-21T16:45:24","modified_gmt":"2015-03-21T16:45:24","slug":"comunicat-de-presa-maestrul-vasile-menzel-si-cartea-sa%e2%80%9d-cartuse-cu-flori%e2%80%9d","status":"publish","type":"post","link":"https:\/\/www.marianagurza.ro\/blog\/2015\/03\/21\/comunicat-de-presa-maestrul-vasile-menzel-si-cartea-sa%e2%80%9d-cartuse-cu-flori%e2%80%9d\/","title":{"rendered":"Comunicat de pres\u0103 &#8211; Maestrul VASILE MENZEL \u015fi cartea sa,\u201d CARTU\u0218E CU FLORI\u201d"},"content":{"rendered":"<p style=\"text-align: justify;\"><a href=\"http:\/\/www.marianagurza.ro\/blog\/wp-content\/uploads\/2015\/03\/Foto-Cartuse-jepg.jpg\"><img loading=\"lazy\" decoding=\"async\" class=\"alignleft size-medium wp-image-22119\" title=\"Foto -Cartuse-jepg\" src=\"http:\/\/www.marianagurza.ro\/blog\/wp-content\/uploads\/2015\/03\/Foto-Cartuse-jepg-240x300.jpg\" alt=\"\" width=\"240\" height=\"300\" srcset=\"https:\/\/www.marianagurza.ro\/blog\/wp-content\/uploads\/2015\/03\/Foto-Cartuse-jepg-240x300.jpg 240w, https:\/\/www.marianagurza.ro\/blog\/wp-content\/uploads\/2015\/03\/Foto-Cartuse-jepg-819x1024.jpg 819w, https:\/\/www.marianagurza.ro\/blog\/wp-content\/uploads\/2015\/03\/Foto-Cartuse-jepg.jpg 1024w\" sizes=\"auto, (max-width: 240px) 100vw, 240px\" \/><\/a>Apreciat de lumea artistic\u0103, dar \u015fi de pres\u0103, drept cel mai complecs artist rom\u00e2n, \u201ePasy\u201d Vasile Menzel, component al celebrului duet <strong>Fra\u0163ii Mentzel<\/strong> (soli\u015fti vocali \u015fi dansatori) \u00ee\u015fi lanseaz\u0103 cel de al unsprezecelea volum de versuri intitulat <strong>\u201eCARTU\u0218E CU FLORI\u201d<\/strong><\/p>\n<p style=\"text-align: justify;\">Evenimentul \u2013 spectacol va avea loc <strong>Mar\u021bi 31 Martie, ora 17<\/strong> la Institutul \u00a0Cultural \u201dJean Louis Calderon \u201d din Str.Calderon nr.39, sct.2 , Bucure\u0219ti, \u00een cadrul \u201dColocviilor de Mar\u021bi\u201d. Coordonator: Dr. George Anca.<\/p>\n<p style=\"text-align: justify;\">Pentru multitudinea talentelor sale, prof. univ. dr. Alexandru Laz\u0103r de la UNATC (Universitatea de Art\u0103 Teatral\u0103 \u015fi Cinematografic\u0103) declar\u0103: \u201eF\u0103r\u0103 discu\u0163ie, Vasile Menzel (Doctor \u00een arte) este, din toat\u0103 genera\u0163ia lui, cel mai activ, cel mai fecund, cel mai variat, cu aptitudini certe \u00een numeroase domenii, lucru rar, demn de Cartea Recordurilor. Menzel este un excelent creator \u00een teatru \u015fi \u00een muzic\u0103, un excelent Artist al vremurilor noastre\u201d.<\/p>\n<p style=\"text-align: justify;\">Regretatul scriitor \u015fi editor Mircea S\u00e2ntimbreanu (premiul Uniunii Scriitorilor) sus\u0163inea c\u0103: \u201eV. Menzel r\u0103m\u00e2ne de bune decenii \u00een lumina rampei \u2013 pe toat\u0103 plaja artei contemporane. Personalitate distinct\u0103 \u015fi reputat\u0103, cu un larg public personal, care, prin multitudinea preocup\u0103rilor sale, \u00eemi aminte\u015fte de o personalitate a Rena\u015fterii, Leonardo da Vinci\u201d.<\/p>\n<p style=\"text-align: justify;\">Celebrul scriitor de limb\u0103 francez\u0103 \u015fi rom\u00e2n\u0103 George Astalo\u015f, premiul USR, premiul UNITER, decorat cu Ordinul \u201ePalmes Academique\u201d de c\u0103tre Academia Francez\u0103, m\u0103rturisea: \u201eVasile Menzel este, f\u0103r\u0103 \u00eendoial\u0103, unul din poe\u0163ii no\u015ftri cei mai \u00eenzestra\u0163i, c\u0103ruia muzica i-a insuflat sensul ritmului, teatrul i-a inspirat rigoarea imaginii lirice (vezi c\u0103utarea metafizic\u0103 a poeziei) iar densitatea existen\u0163ialului s\u0103u i-a accentuat starea emotiv\u0103 care condi\u0163ioneaz\u0103 detenta estetic\u0103 a capricioasei poesis. \u00cel felicit \u015fi a\u015ftept cu ner\u0103bdare noul s\u0103u milesim poetic marca \u201eMenzel\u201d.<\/p>\n<p style=\"text-align: justify;\">Recent, Maestrul Menzel a fost propus la <strong>Premiul<\/strong> <strong>UNITER<\/strong> pentru \u00eentreaga\u00a0 carier\u0103, nominalizat la <strong>Premiile<\/strong> <strong>GOPO<\/strong> pentru cel mai bun actor de film \u00een rol secundar (\u201eFelicia, \u00eenainte de toate\u201d) , iar \u00een 2009, <strong>Prim\u0103ria<\/strong> <strong>Municipiului<\/strong> <strong>Bucure\u015fti<\/strong> i-a acordat \u201e<strong>Premiul<\/strong> <strong>pentru<\/strong> <strong>\u00eentreaga<\/strong> <strong>activitate<\/strong>\u201d. De asemenea, <strong>Ambasadorul<\/strong> <strong>Indiei<\/strong> \u00een Rom\u00e2nia, Excelen\u0163a Sa Debashish Chakravarti, i-a acordat <strong>Premiul<\/strong> \u201e<strong>Amita<\/strong> <strong>Bhose<\/strong>\u201d \u00een semn de recunoa\u015ftere a contribu\u0163iei speciale, teatral \u2013 muzical-literar\u0103 la promovarea culturii indiene \u00een Rom\u00e2nia.<\/p>\n<p style=\"text-align: justify;\">La finele anului 2014, <strong>Pre\u0219eden\u021bia<\/strong> <strong>Rom\u00e2niei<\/strong> ia conferit <strong>ORDINUL<\/strong><\/p>\n<p style=\"text-align: justify;\"><strong>NA\u021aIONAL<\/strong> \u201d <strong>SERVICIUL<\/strong> <strong>CREDINCIOS<\/strong>\u201d <strong>\u00een<\/strong> <strong>grad<\/strong> <strong>de<\/strong> <strong>CAVALER, <\/strong>\u00een semn de apreciere a \u00eentregii activit\u0103\u021bi, pentru performan\u021bele sale \u00een domeniul artei muzicale, teatrale \u0219i cinematografice, pentru d\u0103ruirea cu care a promovat valorile artei interpretative rom\u00e2ne\u0219ti.Prezentarea c\u0103r\u0163ii- <strong>Dr<\/strong>. <strong>GEORGE<\/strong> <strong>ANCA-<\/strong>scriitor. Vor recita actorii: <strong>ANNEMARY<\/strong> <strong>ZIEGLER<\/strong>, <strong>SORIN<\/strong> <strong>STRATILAT<\/strong> \u0219i <strong>VASILE<\/strong> <strong>MENZEL<\/strong> Interven\u0163ii muzicale la chitar\u0103: <strong>AUTORUL<\/strong><\/p>\n","protected":false},"excerpt":{"rendered":"<p>Apreciat de lumea artistic\u0103, dar \u015fi de pres\u0103, drept cel mai complecs artist rom\u00e2n, \u201ePasy\u201d Vasile Menzel, component al celebrului [&#038;hellip<\/p>\n","protected":false},"author":1,"featured_media":0,"comment_status":"closed","ping_status":"closed","sticky":false,"template":"","format":"standard","meta":{"footnotes":""},"categories":[3],"tags":[],"class_list":["post-22118","post","type-post","status-publish","format-standard","hentry","category-articole"],"_links":{"self":[{"href":"https:\/\/www.marianagurza.ro\/blog\/wp-json\/wp\/v2\/posts\/22118","targetHints":{"allow":["GET"]}}],"collection":[{"href":"https:\/\/www.marianagurza.ro\/blog\/wp-json\/wp\/v2\/posts"}],"about":[{"href":"https:\/\/www.marianagurza.ro\/blog\/wp-json\/wp\/v2\/types\/post"}],"author":[{"embeddable":true,"href":"https:\/\/www.marianagurza.ro\/blog\/wp-json\/wp\/v2\/users\/1"}],"replies":[{"embeddable":true,"href":"https:\/\/www.marianagurza.ro\/blog\/wp-json\/wp\/v2\/comments?post=22118"}],"version-history":[{"count":2,"href":"https:\/\/www.marianagurza.ro\/blog\/wp-json\/wp\/v2\/posts\/22118\/revisions"}],"predecessor-version":[{"id":22121,"href":"https:\/\/www.marianagurza.ro\/blog\/wp-json\/wp\/v2\/posts\/22118\/revisions\/22121"}],"wp:attachment":[{"href":"https:\/\/www.marianagurza.ro\/blog\/wp-json\/wp\/v2\/media?parent=22118"}],"wp:term":[{"taxonomy":"category","embeddable":true,"href":"https:\/\/www.marianagurza.ro\/blog\/wp-json\/wp\/v2\/categories?post=22118"},{"taxonomy":"post_tag","embeddable":true,"href":"https:\/\/www.marianagurza.ro\/blog\/wp-json\/wp\/v2\/tags?post=22118"}],"curies":[{"name":"wp","href":"https:\/\/api.w.org\/{rel}","templated":true}]}}