{"id":22122,"date":"2015-03-22T12:26:22","date_gmt":"2015-03-22T12:26:22","guid":{"rendered":"http:\/\/www.marianagurza.ro\/blog\/?p=22122"},"modified":"2015-03-22T12:27:23","modified_gmt":"2015-03-22T12:27:23","slug":"sergiu-gabureac-tableta-de-weekend-1007-%e2%80%93-dezaburirea","status":"publish","type":"post","link":"https:\/\/www.marianagurza.ro\/blog\/2015\/03\/22\/sergiu-gabureac-tableta-de-weekend-1007-%e2%80%93-dezaburirea\/","title":{"rendered":"Sergiu G\u0102BUREAC: Tableta de weekend (100+7) \u2013 Dezaburirea !"},"content":{"rendered":"<p style=\"text-align: justify;\"><a href=\"http:\/\/www.marianagurza.ro\/blog\/wp-content\/uploads\/2015\/03\/GABUREAC-Sergiu-2-WB1.jpg\"><img loading=\"lazy\" decoding=\"async\" class=\"alignleft size-medium wp-image-22123\" title=\"GABUREAC-Sergiu-2-WB\" src=\"http:\/\/www.marianagurza.ro\/blog\/wp-content\/uploads\/2015\/03\/GABUREAC-Sergiu-2-WB1-225x300.jpg\" alt=\"\" width=\"225\" height=\"300\" srcset=\"https:\/\/www.marianagurza.ro\/blog\/wp-content\/uploads\/2015\/03\/GABUREAC-Sergiu-2-WB1-225x300.jpg 225w, https:\/\/www.marianagurza.ro\/blog\/wp-content\/uploads\/2015\/03\/GABUREAC-Sergiu-2-WB1.jpg 600w\" sizes=\"auto, (max-width: 225px) 100vw, 225px\" \/><\/a>Au trecut cele o sut\u0103 de zile de c\u00e2nd avem un nou pre\u015fedinte. E suficient s\u0103 face\u0163i compara\u0163ie \u00eentre agenda preziden\u0163ial\u0103 a primelor o sut\u0103 de zile ale lui B\u0103sescu \u015fi cea a lui Johannis. Defectul major al lui Johannis const\u0103 \u00een faptul c\u0103 nu bate toba \u00een stil b\u0103sescian, ceea ce deranjeaz\u0103 softul dornicilor de spectacol. Preziden\u0163ial.\u00a0P\u00e2n\u0103 \u015fi celebra cucuvea se comport nem\u0163e\u015fte! Comunicarea a devenit sobr\u0103, concis\u0103, plin\u0103 de miez. Mass media, manelizat\u0103, e \u00eengrozit\u0103 c\u0103 nu mai poate face specula\u0163iile cu care se obi\u015fnuise. Noroc cu alte subiecte hot ! Oferite, \u00een special, de furnizorul D.N.A.!<\/p>\n<p style=\"text-align: justify;\">Nu e cazul s\u0103 fac compara\u0163ie \u015fi cu ceilal\u0163i pre\u015fedin\u0163i. Iliescu\u00a0 se apropie, tot mai mult, de ceasul pl\u0103\u0163ii crimelor, premeditate, la Revolu\u0163ia confiscat\u0103 \u015fi mineriadele f\u0103r\u0103 num\u0103r: Bunicu\u0163a a avut doar grija dezvolt\u0103rii sistemului cripto-mafiot, care a atins perfec\u0163iunea sub Demisul na\u0163ional. Constantinescu, palid\u0103 copie a tristei figuri, cu ie\u015firi melodramatice, \u015ftim c\u0103 a fost \u00eenvins de sistemul instituit de predecesorul s\u0103u.<\/p>\n<p style=\"text-align: justify;\">Cu siguran\u0163\u0103, primul mare c\u00e2\u015ftig pentru \u0163ar\u0103 este introducerea seriozit\u0103\u0163ii \u00een rela\u0163iile \u00eentre institu\u0163iile statului. F\u0103r\u0103 ingerin\u0163e oficiale sau indica\u0163ii date \u00een direct la televizor. De\u015fi Pisicul nu se las\u0103 de obiceiurile vechi cu una, cu dou\u0103! Atmosfera permanent\u0103 de scandal \u00eentre institu\u0163ii, mai ales Pre\u015fedin\u0163ie &#8211; Guvern ajunsese la stadiul de mahala cu grave repercusiuni asupra imaginii Rom\u00e2niei. Sigur, nemul\u0163umiri exist\u0103 \u015fi acum, dar ele sunt exprimate onest \u00een termeni civiliza\u0163i, chiar dac\u0103 media rom\u00e2neasc\u0103 a r\u0103mas, repet, la nivel de Ferentari.<\/p>\n<p style=\"text-align: justify;\">Un alt mare c\u00e2\u015ftig este func\u0163ionarea Justi\u0163iei. Moara macin\u0103 din plin. Au loc ample opera\u0163iuni de cur\u0103\u0163are a zonelor infestate de re\u0163ele mafiote. A c\u00e2ta oar\u0103 se adevere\u015fte vorba str\u0103mo\u015feasc\u0103 \u201ePe\u015ftele de la cap se \u00eempute!\u201d De la pre\u015fedintele-demis, parlamentul &#8211; cel mai corupt din lume, guvernul-penal la ANRP, dar \u015fi DIICOT, ANI&#8230; institu\u0163ii pilot \u00een depistarea culeg\u0103torilor de \u015fp\u0103gi!<\/p>\n<p style=\"text-align: justify;\">R\u0103m\u00e2i f\u0103r\u0103 cuvinte c\u00e2nd afli c\u0103 se confirm\u0103 \u015ftirile pe surse! Unii ar vrea o vitez\u0103 de epurare mai mare! S\u0103 fim reali\u015fti! Personal cred c\u0103 Justi\u0163ia e \u00een grafic. Mari rechini, \u00een mare parte arhicunoscu\u0163i, se afl\u0103, deja, \u00een zone de maxim\u0103 siguran\u0163\u0103. Pentru a-\u015fi scrie memoriile! Turn\u0103toria a devenit sport de mas\u0103 \u00een r\u00e2ndul purt\u0103torilor de c\u0103tu\u015fe DNA. Demisiul fiind primul \u00eentre turn\u0103tori, uitiliz\u00e2nd informa\u0163iile acumulate \u00een timpul celor dou\u0103 mandate. Tupeul \u015fp\u0103garilor nu are margini, comunic\u00e2nd cu boborul pe bloguri sau prin intermediul avoca\u0163ilor-purt\u0103tori de cuv\u00e2nt! Alte sute de ale\u015fi sau numi\u0163i a\u015fteapt\u0103 ner\u0103bd\u0103tori s\u0103 le vin\u0103 r\u00e2ndul la scrierea m\u0103rturisirilor complete. Doar e Postul Mare!<\/p>\n<p style=\"text-align: justify;\">Bine\u00een\u0163eles, to\u0163i se declar\u0103 cura\u0163i ca lacrima! \u00cenc\u0103 nu am v\u0103zut vreun asemenea individ care s\u0103 spun\u0103: \u201eDa, onorat\u0103 instan\u0163\u0103, sunt vinovat!&#8230;\u201d. Problema mare e recuperarea pagubelor. O alta, mai mic\u0103, ar fi costurile \u00eentre\u0163inerii la mititica! De ce s\u0103 pl\u0103teasc\u0103 poporul ? Mai ales c\u0103 v\u0103d o adev\u0103rat\u0103 revolt\u0103 a ho\u0163ilor. Cu \u015ftaif. Auzi, nu exist\u0103 f\u00f6hn \u00een celul\u0103? Parc\u0103, odinioar\u0103, aresta\u0163ii erau, \u00een primul r\u00e2nd, tun\u015fi chilug. Tocmai pentru a nu r\u0103ci la baie. De c\u00e2nd cu drepturile de\u0163inu\u0163ilor, te pomene\u015fti c\u0103 vor avea \u015fi hair stylist?! Deja, guvernul-penal a alocat banii pentru dou\u0103 noi \u00eenchisori!<\/p>\n<p style=\"text-align: justify;\">Al treilea c\u00e2\u015ftig este cur\u0103\u0163area partidelor. S\u0103 fie clar! De partide avem nevoie. Nu pot fi de acord cu vocile anarhiste. Exerci\u0163iile liber-impuse, ce se desf\u0103\u015foar\u0103 prin cur\u0163ile de dreapta \u015fi de st\u00e2nga, sunt benefice. Cu \u00a0opera\u0163ii de extirpare intern\u0103 (adaptarea statutelor la nivelul lumii civilizate), dar mai ales prin interven\u0163iile benefice ale Justi\u0163iei. Institu\u0163ia demisiei func\u0163ioneaz\u0103 greu! Ca \u015fi ridicarea imunit\u0103\u0163ii celor prin\u015fi cu ocaua mic\u0103 prin Parlamentul uselist. De\u015fi USL nu mai exist\u0103 demult! Aici e buba! Anticipatele parlamentare autumnale sunt mai mult dec\u00e2t necesare.<\/p>\n<p style=\"text-align: justify;\">\u201eValul de cereri ale DNA din ultima perioad\u0103 face r\u0103u imaginii Rom\u00e2niei\u201d, declar\u0103 unii parlamentari. Dar, de ce nu s-au g\u00e2ndit la efect c\u00e2nd furau pe rupte? Se afl\u0103 \u00een stadii de lucru avansate numeroase proiecte de legi privind alegerile, amendarea Constitu\u0163iei&#8230;, proiecte care au stat cu anii prin sertarele comisiilor parlamentare. Ele vor aduce aer proasp\u0103t \u00een politica rom\u00e2neasc\u0103.<\/p>\n<p style=\"text-align: justify;\">Politica extern\u0103 a c\u0103p\u0103tat, doar \u00eentr-o sut\u0103 de zile, o alt\u0103 \u00eenf\u0103\u0163i\u015fare. Johannis a f\u0103cut pa\u015fi importan\u0163i \u00een \u00eembun\u0103t\u0103\u0163irea rela\u0163iilor cu marile puteri ale lumii. Contactele cu vecinii sunt tot mai dese, pozi\u0163ia Rom\u00e2niei fiind exprimat\u0103 limpede, f\u0103r\u0103 discursuri ditirambic-jignitoare la adresa unora sau altora.\u00a0Citesc, pe fluxul de \u015ftiri, c\u0103 islandezii nu mai doresc aderarea la U.E.! Poate \u015fi al\u0163ii ar dori asta dac\u0103 ar fi a\u015feza\u0163i geografic pe acolo, dar, aici \u00een buricul geografic al Europei, nu ai nicio \u015fans\u0103 s\u0103 fii izola\u0163ionist! Dispari imediat!<\/p>\n<p style=\"text-align: justify;\">*<\/p>\n<p style=\"text-align: justify;\">Toate bune!?!<\/p>\n<p style=\"text-align: justify;\">Ai nevoie de o informa\u0163ie?<\/p>\n<p style=\"text-align: justify;\">Mic\u0103, mic\u0103? O rezolv\u0103m \u00eempreun\u0103.<\/p>\n<p style=\"text-align: justify;\">Trimite mai departe! Mul\u0163umiri! S\u0103 se vad\u0103! Ne-am eliberat de fric\u0103!<\/p>\n<p style=\"text-align: justify;\">&#8212;&#8212;&#8212;&#8212;&#8212;&#8212;&#8212;&#8212;&#8212;&#8212;&#8212;&#8212;&#8212;&#8212;&#8212;&#8212;-<\/p>\n<p style=\"text-align: justify;\"><strong>Sergiu G\u0102BUREAC <\/strong><\/p>\n<p style=\"text-align: justify;\"><strong><span style=\"text-decoration: underline;\"><a href=\"http:\/\/blogulluigabu.blogspot.ro\">http:\/\/blogulluigabu.blogspot.ro<\/a><\/span><\/strong><\/p>\n<p style=\"text-align: justify;\"><strong><a href=\"http:\/\/www.facebook.com\/sergiu.gabureac.3\" target=\"_blank\">http:\/\/www.facebook.com\/sergiu.gabureac.3<\/a>\u00a0\u00a0\u00a0\u00a0\u00a0\u00a0\u00a0\u00a0\u00a0 <\/strong><strong><\/strong><\/p>\n<p style=\"text-align: justify;\"><strong>Bucure\u015fti<\/strong><\/p>\n<p style=\"text-align: justify;\"><strong>s\u00e2mb\u0103t\u0103, 21 martie 2015<\/strong><\/p>\n","protected":false},"excerpt":{"rendered":"<p>Au trecut cele o sut\u0103 de zile de c\u00e2nd avem un nou pre\u015fedinte. E suficient s\u0103 face\u0163i compara\u0163ie \u00eentre agenda [&#038;hellip<\/p>\n","protected":false},"author":1,"featured_media":0,"comment_status":"closed","ping_status":"closed","sticky":false,"template":"","format":"standard","meta":{"footnotes":""},"categories":[3],"tags":[],"class_list":["post-22122","post","type-post","status-publish","format-standard","hentry","category-articole"],"_links":{"self":[{"href":"https:\/\/www.marianagurza.ro\/blog\/wp-json\/wp\/v2\/posts\/22122","targetHints":{"allow":["GET"]}}],"collection":[{"href":"https:\/\/www.marianagurza.ro\/blog\/wp-json\/wp\/v2\/posts"}],"about":[{"href":"https:\/\/www.marianagurza.ro\/blog\/wp-json\/wp\/v2\/types\/post"}],"author":[{"embeddable":true,"href":"https:\/\/www.marianagurza.ro\/blog\/wp-json\/wp\/v2\/users\/1"}],"replies":[{"embeddable":true,"href":"https:\/\/www.marianagurza.ro\/blog\/wp-json\/wp\/v2\/comments?post=22122"}],"version-history":[{"count":3,"href":"https:\/\/www.marianagurza.ro\/blog\/wp-json\/wp\/v2\/posts\/22122\/revisions"}],"predecessor-version":[{"id":22126,"href":"https:\/\/www.marianagurza.ro\/blog\/wp-json\/wp\/v2\/posts\/22122\/revisions\/22126"}],"wp:attachment":[{"href":"https:\/\/www.marianagurza.ro\/blog\/wp-json\/wp\/v2\/media?parent=22122"}],"wp:term":[{"taxonomy":"category","embeddable":true,"href":"https:\/\/www.marianagurza.ro\/blog\/wp-json\/wp\/v2\/categories?post=22122"},{"taxonomy":"post_tag","embeddable":true,"href":"https:\/\/www.marianagurza.ro\/blog\/wp-json\/wp\/v2\/tags?post=22122"}],"curies":[{"name":"wp","href":"https:\/\/api.w.org\/{rel}","templated":true}]}}